{"id":25210,"date":"2021-04-07T08:54:22","date_gmt":"2021-04-07T11:54:22","guid":{"rendered":"https:\/\/atecordoba.org\/?p=25210"},"modified":"2021-04-07T11:04:45","modified_gmt":"2021-04-07T14:04:45","slug":"reunion-de-coordinacion-entre-el-cdp-y-seccionales","status":"publish","type":"post","link":"https:\/\/atecordoba.org\/?p=25210","title":{"rendered":"Reuni\u00f3n de coordinaci\u00f3n entre el CDP y seccionales"},"content":{"rendered":"<p><img loading=\"lazy\" decoding=\"async\" class=\" wp-image-25211 aligncenter\" src=\"https:\/\/atecordoba.org\/wp-content\/uploads\/2021\/04\/06-04-Reuni\u00f3n-secretarios-gremiales-generales-y-organizacion-de-la-Provincia-2-300x169.jpeg\" alt=\"\" width=\"600\" height=\"338\" srcset=\"https:\/\/atecordoba.org\/wp-content\/uploads\/2021\/04\/06-04-Reuni\u00f3n-secretarios-gremiales-generales-y-organizacion-de-la-Provincia-2-300x169.jpeg 300w, https:\/\/atecordoba.org\/wp-content\/uploads\/2021\/04\/06-04-Reuni\u00f3n-secretarios-gremiales-generales-y-organizacion-de-la-Provincia-2-1024x576.jpeg 1024w, https:\/\/atecordoba.org\/wp-content\/uploads\/2021\/04\/06-04-Reuni\u00f3n-secretarios-gremiales-generales-y-organizacion-de-la-Provincia-2-768x432.jpeg 768w, https:\/\/atecordoba.org\/wp-content\/uploads\/2021\/04\/06-04-Reuni\u00f3n-secretarios-gremiales-generales-y-organizacion-de-la-Provincia-2-750x422.jpeg 750w, https:\/\/atecordoba.org\/wp-content\/uploads\/2021\/04\/06-04-Reuni\u00f3n-secretarios-gremiales-generales-y-organizacion-de-la-Provincia-2-1140x641.jpeg 1140w, https:\/\/atecordoba.org\/wp-content\/uploads\/2021\/04\/06-04-Reuni\u00f3n-secretarios-gremiales-generales-y-organizacion-de-la-Provincia-2.jpeg 1152w\" sizes=\"auto, (max-width: 600px) 100vw, 600px\" \/>Ayer se realiz\u00f3 en el Consejo Directivo Provincial una reuni\u00f3n convocada x el secretario Gremial, Daniel Pawluchuzk, a los fines de establecer los ejes de organizaci\u00f3n de elecciones de delegados y delegadas en diversos sectores de los tres niveles del Estado en la provincia de C\u00f3rdoba, en el marco de la pandemia de Covid-19 y el reciente aumento acelerado de los contagios en la comunidad.<\/p>\n<p>En la oportunidad, estuvieron presentes el secretario de Organizaci\u00f3n de ATE C\u00f3rdoba, Omar Alerzia, de Formaci\u00f3n, C\u00e9sar Theaux, junto a las y los secretarios generales de las seccionales R\u00edo Cuarto, R\u00edo Tercero y Cruz del Eje, Rafaela Alcoba, Dami\u00e1n Albornoz y Daniel Allende respectivamente.<\/p>\n<p>Tambi\u00e9n participaron el secretario Gremial de ATE R\u00edo Cuarto, Pablo Irusta, de Finanzas, Mauricio Maccio, y de Organizaci\u00f3n, Franco Orsato, el secretario Gremial de ATE R\u00edo Tercero, David Salto y de Organizaci\u00f3n, Juan Bazan, junto a la asesora legal del CDP, Mar\u00eda Terragno.<\/p>\n<p><img loading=\"lazy\" decoding=\"async\" class=\" wp-image-25215 aligncenter\" src=\"https:\/\/atecordoba.org\/wp-content\/uploads\/2021\/04\/06-04-Reuni\u00f3n-secretarios-gremiales-generales-y-organizacion-de-la-Provincia-7-300x169.jpeg\" alt=\"\" width=\"598\" height=\"337\" srcset=\"https:\/\/atecordoba.org\/wp-content\/uploads\/2021\/04\/06-04-Reuni\u00f3n-secretarios-gremiales-generales-y-organizacion-de-la-Provincia-7-300x169.jpeg 300w, https:\/\/atecordoba.org\/wp-content\/uploads\/2021\/04\/06-04-Reuni\u00f3n-secretarios-gremiales-generales-y-organizacion-de-la-Provincia-7-1024x576.jpeg 1024w, https:\/\/atecordoba.org\/wp-content\/uploads\/2021\/04\/06-04-Reuni\u00f3n-secretarios-gremiales-generales-y-organizacion-de-la-Provincia-7-768x432.jpeg 768w, https:\/\/atecordoba.org\/wp-content\/uploads\/2021\/04\/06-04-Reuni\u00f3n-secretarios-gremiales-generales-y-organizacion-de-la-Provincia-7-750x422.jpeg 750w, https:\/\/atecordoba.org\/wp-content\/uploads\/2021\/04\/06-04-Reuni\u00f3n-secretarios-gremiales-generales-y-organizacion-de-la-Provincia-7-1140x641.jpeg 1140w, https:\/\/atecordoba.org\/wp-content\/uploads\/2021\/04\/06-04-Reuni\u00f3n-secretarios-gremiales-generales-y-organizacion-de-la-Provincia-7.jpeg 1152w\" sizes=\"auto, (max-width: 598px) 100vw, 598px\" \/><\/p>\n<p>All\u00ed se fijaron criterios de presentaci\u00f3n de la documentaci\u00f3n pol\u00edtica para los diversos sectores, con el objetivo de \u00a0crecer y consolidar estrategias y planificaci\u00f3n para el crecimiento territorial y consensuar estrategias en conjunto de los territorios para crecer en organizaci\u00f3n.<\/p>\n<p>Al mismo tiempo tambi\u00e9n se habl\u00f3 de necesaria combinaci\u00f3n entre la autonom\u00eda que goza cada seccional con la necesidad de trabajar en conjunto para fortalecer a nuestra ATE.<\/p>\n","protected":false},"excerpt":{"rendered":"<p>Ayer se realiz\u00f3 en el Consejo Directivo Provincial una reuni\u00f3n convocada x el secretario Gremial, Daniel Pawluchuzk, a los fines de establecer los ejes de organizaci\u00f3n de elecciones de delegados y delegadas en diversos sectores de los tres niveles del Estado en la provincia de C\u00f3rdoba, en el marco de la pandemia de Covid-19 y [&hellip;]<\/p>\n","protected":false},"author":7,"featured_media":25211,"comment_status":"open","ping_status":"open","sticky":true,"template":"","format":"standard","meta":{"_exactmetrics_skip_tracking":false,"_exactmetrics_sitenote_active":false,"_exactmetrics_sitenote_note":"","_exactmetrics_sitenote_category":0,"jnews-multi-image_gallery":[],"jnews_single_post":{"source_name":"","source_url":"","via_name":"","via_url":"","override_template":"0","override":[{"template":"1","single_blog_custom":"","parallax":"1","fullscreen":"0","layout":"right-sidebar","sidebar":"default-sidebar","second_sidebar":"default-sidebar","sticky_sidebar":"1","share_position":"top","share_float_style":"share-monocrhome","show_share_counter":"1","show_view_counter":"1","show_featured":"1","show_post_meta":"1","show_post_author":"1","show_post_author_image":"1","show_post_date":"1","post_date_format":"default","post_date_format_custom":"Y\/m\/d","show_post_category":"1","show_post_reading_time":"0","post_reading_time_wpm":"300","show_zoom_button":"0","zoom_button_out_step":"2","zoom_button_in_step":"3","show_post_tag":"1","show_prev_next_post":"1","show_popup_post":"1","number_popup_post":"1","show_author_box":"0","show_post_related":"0","show_inline_post_related":"0"}],"override_image_size":"0","image_override":[{"single_post_thumbnail_size":"crop-500","single_post_gallery_size":"crop-500"}],"trending_post":"0","trending_post_position":"meta","trending_post_label":"Trending","sponsored_post":"0","sponsored_post_label":"Sponsored by","sponsored_post_name":"","sponsored_post_url":"","sponsored_post_logo_enable":"0","sponsored_post_logo":"","sponsored_post_desc":""},"jnews_primary_category":{"id":""},"jnews_social_meta":{"fb_title":"","fb_description":"","fb_image":"","twitter_title":"","twitter_description":"","twitter_image":""},"jnews_review":[],"enable_review":"0","type":"percentage","name":"","summary":"","brand":"","sku":"","good":[{"good_text":""}],"bad":[{"bad_text":""}],"score_override":"","override_value":"","rating":[{"rating_text":"","rating_number":"10"}],"price":[{"shop":"","price":"","link":"","icon":""}],"jnews_override_counter":{"override_view_counter":"0","view_counter_number":"0","override_share_counter":"0","share_counter_number":"0","override_like_counter":"0","like_counter_number":"0","override_dislike_counter":"0","dislike_counter_number":"0"},"jnews_post_split":{"enable_post_split":"0","post_split":[{"template":"1","tag":"h2","numbering":"asc","mode":"normal"}]},"footnotes":""},"categories":[341,150,12,13],"tags":[796],"class_list":["post-25210","post","type-post","status-publish","format-standard","has-post-thumbnail","hentry","category-cdp","category-cruz-del-eje","category-rio-cuarto","category-rio-tercero","tag-elecciones-delegados"],"jetpack_featured_media_url":"https:\/\/atecordoba.org\/wp-content\/uploads\/2021\/04\/06-04-Reuni\u00f3n-secretarios-gremiales-generales-y-organizacion-de-la-Provincia-2.jpeg","_links":{"self":[{"href":"https:\/\/atecordoba.org\/index.php?rest_route=\/wp\/v2\/posts\/25210","targetHints":{"allow":["GET"]}}],"collection":[{"href":"https:\/\/atecordoba.org\/index.php?rest_route=\/wp\/v2\/posts"}],"about":[{"href":"https:\/\/atecordoba.org\/index.php?rest_route=\/wp\/v2\/types\/post"}],"author":[{"embeddable":true,"href":"https:\/\/atecordoba.org\/index.php?rest_route=\/wp\/v2\/users\/7"}],"replies":[{"embeddable":true,"href":"https:\/\/atecordoba.org\/index.php?rest_route=%2Fwp%2Fv2%2Fcomments&post=25210"}],"version-history":[{"count":2,"href":"https:\/\/atecordoba.org\/index.php?rest_route=\/wp\/v2\/posts\/25210\/revisions"}],"predecessor-version":[{"id":25220,"href":"https:\/\/atecordoba.org\/index.php?rest_route=\/wp\/v2\/posts\/25210\/revisions\/25220"}],"wp:featuredmedia":[{"embeddable":true,"href":"https:\/\/atecordoba.org\/index.php?rest_route=\/wp\/v2\/media\/25211"}],"wp:attachment":[{"href":"https:\/\/atecordoba.org\/index.php?rest_route=%2Fwp%2Fv2%2Fmedia&parent=25210"}],"wp:term":[{"taxonomy":"category","embeddable":true,"href":"https:\/\/atecordoba.org\/index.php?rest_route=%2Fwp%2Fv2%2Fcategories&post=25210"},{"taxonomy":"post_tag","embeddable":true,"href":"https:\/\/atecordoba.org\/index.php?rest_route=%2Fwp%2Fv2%2Ftags&post=25210"}],"curies":[{"name":"wp","href":"https:\/\/api.w.org\/{rel}","templated":true}]}}