{"id":25206,"date":"2021-04-06T13:30:02","date_gmt":"2021-04-06T16:30:02","guid":{"rendered":"https:\/\/atecordoba.org\/?p=25206"},"modified":"2021-04-06T13:30:02","modified_gmt":"2021-04-06T16:30:02","slug":"capacitacion-universitaria-feminismo-trabajo-y-politicas-publicas","status":"publish","type":"post","link":"https:\/\/atecordoba.org\/?p=25206","title":{"rendered":"Capacitaci\u00f3n universitaria: &#8220;Feminismo, trabajo y pol\u00edticas p\u00fablicas&#8221;"},"content":{"rendered":"<div class=\"o9v6fnle cxmmr5t8 oygrvhab hcukyx3x c1et5uql ii04i59q\">\n<div dir=\"auto\"><a href=\"https:\/\/www.facebook.com\/ATEUniversidades\"><img loading=\"lazy\" decoding=\"async\" class=\" wp-image-25207 aligncenter\" src=\"https:\/\/atecordoba.org\/wp-content\/uploads\/2021\/04\/ate-universidades-300x300.jpg\" alt=\"\" width=\"541\" height=\"541\" srcset=\"https:\/\/atecordoba.org\/wp-content\/uploads\/2021\/04\/ate-universidades-300x300.jpg 300w, https:\/\/atecordoba.org\/wp-content\/uploads\/2021\/04\/ate-universidades-1024x1022.jpg 1024w, https:\/\/atecordoba.org\/wp-content\/uploads\/2021\/04\/ate-universidades-150x150.jpg 150w, https:\/\/atecordoba.org\/wp-content\/uploads\/2021\/04\/ate-universidades-768x767.jpg 768w, https:\/\/atecordoba.org\/wp-content\/uploads\/2021\/04\/ate-universidades-560x560.jpg 560w, https:\/\/atecordoba.org\/wp-content\/uploads\/2021\/04\/ate-universidades-75x75.jpg 75w, https:\/\/atecordoba.org\/wp-content\/uploads\/2021\/04\/ate-universidades-750x749.jpg 750w, https:\/\/atecordoba.org\/wp-content\/uploads\/2021\/04\/ate-universidades-1140x1138.jpg 1140w, https:\/\/atecordoba.org\/wp-content\/uploads\/2021\/04\/ate-universidades.jpg 1280w\" sizes=\"auto, (max-width: 541px) 100vw, 541px\" \/>ATE Universidades<\/a> informa que se encuentra abierta la inscripci\u00f3n a la Capacitaci\u00f3n Universitaria Extracurricular (CUEx) titulada &#8220;Feminismo, trabajo y pol\u00edticas p\u00fablicas&#8221;.<\/div>\n<div dir=\"auto\">La iniciativa se lleva a cabo a partir del convenio suscripto entre la Facultad de Filosof\u00eda y Letras de la UBA y la Asociaci\u00f3n Trabajadores del Estado. Ambas instituciones establecen el lunes 12 de Abril a las 17 horas como fecha de inicio de la quinta cohorte de esta capacitaci\u00f3n, con alcance federal, para su cursada <strong>en modalidad virtual<\/strong> entre los meses de abril a octubre 2021.<\/div>\n<div dir=\"auto\">Quienes cursen est\u00e1 capacitaci\u00f3n tendr\u00e1n una formaci\u00f3n interdisciplinaria que les permitir\u00e1 desarrollar habilidades para la planificaci\u00f3n e intervenci\u00f3n en pol\u00edticas de equidad con enfoque de g\u00e9nero.<\/div>\n<\/div>\n<div class=\"o9v6fnle cxmmr5t8 oygrvhab hcukyx3x c1et5uql ii04i59q\">\n<div dir=\"auto\">Informaci\u00f3n e inscripci\u00f3n en ateuniversidades@gmail.com<\/div>\n<\/div>\n","protected":false},"excerpt":{"rendered":"<p>ATE Universidades informa que se encuentra abierta la inscripci\u00f3n a la Capacitaci\u00f3n Universitaria Extracurricular (CUEx) titulada &#8220;Feminismo, trabajo y pol\u00edticas p\u00fablicas&#8221;. La iniciativa se lleva a cabo a partir del convenio suscripto entre la Facultad de Filosof\u00eda y Letras de la UBA y la Asociaci\u00f3n Trabajadores del Estado. Ambas instituciones establecen el lunes 12 de [&hellip;]<\/p>\n","protected":false},"author":7,"featured_media":25207,"comment_status":"open","ping_status":"open","sticky":true,"template":"","format":"standard","meta":{"_exactmetrics_skip_tracking":false,"_exactmetrics_sitenote_active":false,"_exactmetrics_sitenote_note":"","_exactmetrics_sitenote_category":0,"jnews-multi-image_gallery":[],"jnews_single_post":{"source_name":"","source_url":"","via_name":"","via_url":"","override_template":"0","override":[{"template":"1","single_blog_custom":"","parallax":"1","fullscreen":"0","layout":"right-sidebar","sidebar":"default-sidebar","second_sidebar":"default-sidebar","sticky_sidebar":"1","share_position":"top","share_float_style":"share-monocrhome","show_share_counter":"1","show_view_counter":"1","show_featured":"1","show_post_meta":"1","show_post_author":"1","show_post_author_image":"1","show_post_date":"1","post_date_format":"default","post_date_format_custom":"Y\/m\/d","show_post_category":"1","show_post_reading_time":"0","post_reading_time_wpm":"300","show_zoom_button":"0","zoom_button_out_step":"2","zoom_button_in_step":"3","show_post_tag":"1","show_prev_next_post":"1","show_popup_post":"1","number_popup_post":"1","show_author_box":"0","show_post_related":"0","show_inline_post_related":"0"}],"override_image_size":"0","image_override":[{"single_post_thumbnail_size":"crop-500","single_post_gallery_size":"crop-500"}],"trending_post":"0","trending_post_position":"meta","trending_post_label":"Trending","sponsored_post":"0","sponsored_post_label":"Sponsored by","sponsored_post_name":"","sponsored_post_url":"","sponsored_post_logo_enable":"0","sponsored_post_logo":"","sponsored_post_desc":""},"jnews_primary_category":{"id":""},"jnews_social_meta":{"fb_title":"","fb_description":"","fb_image":"","twitter_title":"","twitter_description":"","twitter_image":""},"jnews_review":[],"enable_review":"0","type":"percentage","name":"","summary":"","brand":"","sku":"","good":[{"good_text":""}],"bad":[{"bad_text":""}],"score_override":"","override_value":"","rating":[{"rating_text":"","rating_number":"10"}],"price":[{"shop":"","price":"","link":"","icon":""}],"jnews_override_counter":{"override_view_counter":"0","view_counter_number":"0","override_share_counter":"0","share_counter_number":"0","override_like_counter":"0","like_counter_number":"0","override_dislike_counter":"0","dislike_counter_number":"0"},"jnews_post_split":{"enable_post_split":"0","post_split":[{"template":"1","tag":"h2","numbering":"asc","mode":"normal"}]},"footnotes":""},"categories":[88],"tags":[693],"class_list":["post-25206","post","type-post","status-publish","format-standard","has-post-thumbnail","hentry","category-formacion","tag-plan-de-accion-generos-y-diversidades"],"jetpack_featured_media_url":"https:\/\/atecordoba.org\/wp-content\/uploads\/2021\/04\/ate-universidades.jpg","_links":{"self":[{"href":"https:\/\/atecordoba.org\/index.php?rest_route=\/wp\/v2\/posts\/25206","targetHints":{"allow":["GET"]}}],"collection":[{"href":"https:\/\/atecordoba.org\/index.php?rest_route=\/wp\/v2\/posts"}],"about":[{"href":"https:\/\/atecordoba.org\/index.php?rest_route=\/wp\/v2\/types\/post"}],"author":[{"embeddable":true,"href":"https:\/\/atecordoba.org\/index.php?rest_route=\/wp\/v2\/users\/7"}],"replies":[{"embeddable":true,"href":"https:\/\/atecordoba.org\/index.php?rest_route=%2Fwp%2Fv2%2Fcomments&post=25206"}],"version-history":[{"count":1,"href":"https:\/\/atecordoba.org\/index.php?rest_route=\/wp\/v2\/posts\/25206\/revisions"}],"predecessor-version":[{"id":25208,"href":"https:\/\/atecordoba.org\/index.php?rest_route=\/wp\/v2\/posts\/25206\/revisions\/25208"}],"wp:featuredmedia":[{"embeddable":true,"href":"https:\/\/atecordoba.org\/index.php?rest_route=\/wp\/v2\/media\/25207"}],"wp:attachment":[{"href":"https:\/\/atecordoba.org\/index.php?rest_route=%2Fwp%2Fv2%2Fmedia&parent=25206"}],"wp:term":[{"taxonomy":"category","embeddable":true,"href":"https:\/\/atecordoba.org\/index.php?rest_route=%2Fwp%2Fv2%2Fcategories&post=25206"},{"taxonomy":"post_tag","embeddable":true,"href":"https:\/\/atecordoba.org\/index.php?rest_route=%2Fwp%2Fv2%2Ftags&post=25206"}],"curies":[{"name":"wp","href":"https:\/\/api.w.org\/{rel}","templated":true}]}}