{"id":25186,"date":"2021-04-06T10:30:38","date_gmt":"2021-04-06T13:30:38","guid":{"rendered":"https:\/\/atecordoba.org\/?p=25186"},"modified":"2021-04-06T11:28:52","modified_gmt":"2021-04-06T14:28:52","slug":"masiva-asamblea-en-el-hospital-cordoba-ratifico-el-paro-del-jueves","status":"publish","type":"post","link":"https:\/\/atecordoba.org\/?p=25186","title":{"rendered":"Masiva asamblea en el Hospital C\u00f3rdoba ratific\u00f3 el paro del jueves"},"content":{"rendered":"<p><img loading=\"lazy\" decoding=\"async\" class=\" wp-image-25188 aligncenter\" src=\"https:\/\/atecordoba.org\/wp-content\/uploads\/2021\/04\/05-04-Hospital-C\u00f3rdoba-6-300x169.jpeg\" alt=\"\" width=\"600\" height=\"338\" srcset=\"https:\/\/atecordoba.org\/wp-content\/uploads\/2021\/04\/05-04-Hospital-C\u00f3rdoba-6-300x169.jpeg 300w, https:\/\/atecordoba.org\/wp-content\/uploads\/2021\/04\/05-04-Hospital-C\u00f3rdoba-6-1024x576.jpeg 1024w, https:\/\/atecordoba.org\/wp-content\/uploads\/2021\/04\/05-04-Hospital-C\u00f3rdoba-6-768x432.jpeg 768w, https:\/\/atecordoba.org\/wp-content\/uploads\/2021\/04\/05-04-Hospital-C\u00f3rdoba-6-750x422.jpeg 750w, https:\/\/atecordoba.org\/wp-content\/uploads\/2021\/04\/05-04-Hospital-C\u00f3rdoba-6-rotated.jpeg 1032w\" sizes=\"auto, (max-width: 600px) 100vw, 600px\" \/>En una importante asamblea realizaba ayer, el personal del Hospital C\u00f3rdoba ratific\u00f3 su adhesi\u00f3n al paro de actividades que el sistema sanitario llevar\u00e1 a cabo el pr\u00f3ximo jueves 8 de abril.<\/p>\n<p>La medida fue resuelta por la Multisectorial de la Salud ante el despido por falta de renovaci\u00f3n de contratos de decenas de trabajadores y trabajadores de la primera l\u00ednea de atenci\u00f3n, frente a la pandemia de Covid-19. Adem\u00e1s, el espacio reclama una respuesta del Ministerio de Salud al planteo presentado hace un mes para abordar una verdadera recomposici\u00f3n salarial, por encima del magro 17% que acord\u00f3 el gobierno provincial con los gremios adictos al oficialismo permanente, y la convocatoria a una paritaria sectorial para resolver un sinn\u00famero de planteos de orden gremial.<\/p>\n<p>Al valorar la asamblea, el secretario Adjunto del Consejo Directivo Provincial (CDP), Hugo Dur\u00e1n, dijo que &#8220;se ratific\u00f3 el paro por 24 horas para el jueves, con concurrencia a los lugares de trabajo. Adem\u00e1s, ese mismo d\u00eda se resolver\u00e1 el formato de la continuidad del plan de lucha para elevarla a la multisectorial y debatirla con el resto de los sectores&#8221;.<\/p>\n<p>Dur\u00e1n explic\u00f3 que se fundamenta esta continuidad de la medidas de fuerza &#8220;en la falta de respuestas a un sinn\u00famero de reclamos que, junto con la Multisectorial, este sindicato hizo al Ministerio de Salud hace un mes&#8221;.<\/p>\n<p><img loading=\"lazy\" decoding=\"async\" class=\" wp-image-25191 aligncenter\" src=\"https:\/\/atecordoba.org\/wp-content\/uploads\/2021\/04\/05-04-Hospital-C\u00f3rdoba-3-300x225.jpeg\" alt=\"\" width=\"600\" height=\"450\" srcset=\"https:\/\/atecordoba.org\/wp-content\/uploads\/2021\/04\/05-04-Hospital-C\u00f3rdoba-3-300x225.jpeg 300w, https:\/\/atecordoba.org\/wp-content\/uploads\/2021\/04\/05-04-Hospital-C\u00f3rdoba-3-1024x768.jpeg 1024w, https:\/\/atecordoba.org\/wp-content\/uploads\/2021\/04\/05-04-Hospital-C\u00f3rdoba-3-768x576.jpeg 768w, https:\/\/atecordoba.org\/wp-content\/uploads\/2021\/04\/05-04-Hospital-C\u00f3rdoba-3-750x563.jpeg 750w, https:\/\/atecordoba.org\/wp-content\/uploads\/2021\/04\/05-04-Hospital-C\u00f3rdoba-3.jpeg 1032w\" sizes=\"auto, (max-width: 600px) 100vw, 600px\" \/><\/p>\n<p>En esa l\u00ednea, la Asociaci\u00f3n M\u00e9dica Gremial del Hospital C\u00f3rdoba expres\u00f3 un comunicado que &#8220;una vez m\u00e1s vemos como se avasallan derechos de los trabajadores de la Salud; ni siquiera la pandemia, y el compromiso demostrado por todo el equipo de salud, sensibiliza al gobierno provincial. A la falta de respuestas a\u00a0 nuestro reclamo de recomposici\u00f3n salarial y mejores condiciones de trabajo hoy se suma la acci\u00f3n discrecional de despedir sin previo aviso\u00a0 a personal que viene desempe\u00f1\u00e1ndose en \u00e1reas sensibles con contratos precarios desde hace varios a\u00f1os&#8221;.<\/p>\n<p>As\u00ed, la asociaci\u00f3n gremial repudi\u00f3 &#8220;esta metodolog\u00eda que evidencia a\u00fan m\u00e1s, la falta de protecci\u00f3n a la que est\u00e1n expuestos los profesionales de la Salud y la arbitrariedad con la que se toman decisiones que dejan sin trabajo a personal esencial en tiempos de pandemia&#8221;.<\/p>\n<p>Las y los trabajadores eval\u00faan realizar un corte de calle durante el paro del jueves en la Avenida Patria.<\/p>\n","protected":false},"excerpt":{"rendered":"<p>En una importante asamblea realizaba ayer, el personal del Hospital C\u00f3rdoba ratific\u00f3 su adhesi\u00f3n al paro de actividades que el sistema sanitario llevar\u00e1 a cabo el pr\u00f3ximo jueves 8 de abril. La medida fue resuelta por la Multisectorial de la Salud ante el despido por falta de renovaci\u00f3n de contratos de decenas de trabajadores y [&hellip;]<\/p>\n","protected":false},"author":7,"featured_media":25188,"comment_status":"open","ping_status":"open","sticky":true,"template":"","format":"standard","meta":{"_exactmetrics_skip_tracking":false,"_exactmetrics_sitenote_active":false,"_exactmetrics_sitenote_note":"","_exactmetrics_sitenote_category":0,"jnews-multi-image_gallery":[],"jnews_single_post":{"source_name":"","source_url":"","via_name":"","via_url":"","override_template":"0","override":[{"template":"1","single_blog_custom":"","parallax":"1","fullscreen":"0","layout":"right-sidebar","sidebar":"default-sidebar","second_sidebar":"default-sidebar","sticky_sidebar":"1","share_position":"top","share_float_style":"share-monocrhome","show_share_counter":"1","show_view_counter":"1","show_featured":"1","show_post_meta":"1","show_post_author":"1","show_post_author_image":"1","show_post_date":"1","post_date_format":"default","post_date_format_custom":"Y\/m\/d","show_post_category":"1","show_post_reading_time":"0","post_reading_time_wpm":"300","show_zoom_button":"0","zoom_button_out_step":"2","zoom_button_in_step":"3","show_post_tag":"1","show_prev_next_post":"1","show_popup_post":"1","number_popup_post":"1","show_author_box":"0","show_post_related":"0","show_inline_post_related":"0"}],"override_image_size":"0","image_override":[{"single_post_thumbnail_size":"crop-500","single_post_gallery_size":"crop-500"}],"trending_post":"0","trending_post_position":"meta","trending_post_label":"Trending","sponsored_post":"0","sponsored_post_label":"Sponsored by","sponsored_post_name":"","sponsored_post_url":"","sponsored_post_logo_enable":"0","sponsored_post_logo":"","sponsored_post_desc":""},"jnews_primary_category":{"id":""},"jnews_social_meta":{"fb_title":"","fb_description":"","fb_image":"","twitter_title":"","twitter_description":"","twitter_image":""},"jnews_review":[],"enable_review":"0","type":"percentage","name":"","summary":"","brand":"","sku":"","good":[{"good_text":""}],"bad":[{"bad_text":""}],"score_override":"","override_value":"","rating":[{"rating_text":"","rating_number":"10"}],"price":[{"shop":"","price":"","link":"","icon":""}],"jnews_override_counter":{"override_view_counter":"0","view_counter_number":"0","override_share_counter":"0","share_counter_number":"0","override_like_counter":"0","like_counter_number":"0","override_dislike_counter":"0","dislike_counter_number":"0"},"jnews_post_split":{"enable_post_split":"0","post_split":[{"template":"1","tag":"h2","numbering":"asc","mode":"normal"}]},"footnotes":""},"categories":[8],"tags":[734],"class_list":["post-25186","post","type-post","status-publish","format-standard","has-post-thumbnail","hentry","category-provinciales","tag-hospital-cordoba"],"jetpack_featured_media_url":"https:\/\/atecordoba.org\/wp-content\/uploads\/2021\/04\/05-04-Hospital-C\u00f3rdoba-6-rotated.jpeg","_links":{"self":[{"href":"https:\/\/atecordoba.org\/index.php?rest_route=\/wp\/v2\/posts\/25186","targetHints":{"allow":["GET"]}}],"collection":[{"href":"https:\/\/atecordoba.org\/index.php?rest_route=\/wp\/v2\/posts"}],"about":[{"href":"https:\/\/atecordoba.org\/index.php?rest_route=\/wp\/v2\/types\/post"}],"author":[{"embeddable":true,"href":"https:\/\/atecordoba.org\/index.php?rest_route=\/wp\/v2\/users\/7"}],"replies":[{"embeddable":true,"href":"https:\/\/atecordoba.org\/index.php?rest_route=%2Fwp%2Fv2%2Fcomments&post=25186"}],"version-history":[{"count":1,"href":"https:\/\/atecordoba.org\/index.php?rest_route=\/wp\/v2\/posts\/25186\/revisions"}],"predecessor-version":[{"id":25192,"href":"https:\/\/atecordoba.org\/index.php?rest_route=\/wp\/v2\/posts\/25186\/revisions\/25192"}],"wp:featuredmedia":[{"embeddable":true,"href":"https:\/\/atecordoba.org\/index.php?rest_route=\/wp\/v2\/media\/25188"}],"wp:attachment":[{"href":"https:\/\/atecordoba.org\/index.php?rest_route=%2Fwp%2Fv2%2Fmedia&parent=25186"}],"wp:term":[{"taxonomy":"category","embeddable":true,"href":"https:\/\/atecordoba.org\/index.php?rest_route=%2Fwp%2Fv2%2Fcategories&post=25186"},{"taxonomy":"post_tag","embeddable":true,"href":"https:\/\/atecordoba.org\/index.php?rest_route=%2Fwp%2Fv2%2Ftags&post=25186"}],"curies":[{"name":"wp","href":"https:\/\/api.w.org\/{rel}","templated":true}]}}