{"id":2514,"date":"2013-03-27T18:57:07","date_gmt":"2013-03-27T21:57:07","guid":{"rendered":"http:\/\/www.atecordoba.org\/?p=2514"},"modified":"2013-03-27T18:57:07","modified_gmt":"2013-03-27T21:57:07","slug":"unidad-en-la-accion-para-parar-el-ajuste-plenario-de-la-coordinadora-nacional-de-gremios-estatales","status":"publish","type":"post","link":"https:\/\/atecordoba.org\/?p=2514","title":{"rendered":"Unidad en la acci\u00f3n para parar el ajuste. Plenario de la Coordinadora Nacional de Gremios Estatales"},"content":{"rendered":"<p><em>Mas de 600 representantes de 19 organizaciones sindicales de trabajadores estatales enroladas a CTA y CGT se reunieron ayer martes en la Ciudad de Buenos Aires.\u00a0Se debatieron puntos en com\u00fan y se reafirm\u00f3 la necesidad de avanzar en esta Unidad de Acci\u00f3n para Parar el Ajuste. Participaron del acto, adem\u00e1s de los principales dirigentes de los gremios estatales, el secretario general de la CTA, Pablo Micheli y el de la Confederaci\u00f3n General del Trabajo, Hugo Moyano.<\/em><\/p>\n<p><a href=\"http:\/\/www.atecordoba.org\/wp-content\/uploads\/2013\/03\/plenario-de-coordinadora-gremios-estatales.jpg\"><img loading=\"lazy\" decoding=\"async\" class=\"aligncenter size-full wp-image-2515\" title=\"plenario de coordinadora gremios estatales\" src=\"http:\/\/www.atecordoba.org\/wp-content\/uploads\/2013\/03\/plenario-de-coordinadora-gremios-estatales.jpg\" alt=\"\" width=\"310\" height=\"206\" \/><\/a><\/p>\n<p>La sala del Teatro Premier estuvo colmada de banderas y militancia de diversos sindicatos. El respeto mutuo entre compa\u00f1eros de distintos gremios se percib\u00eda tanto adentro como afuera, donde aguardaban decenas de estatales que con sus bombos sumaban color al que ya era un significante evento. Los c\u00e1nticos de cada organizaci\u00f3n se suced\u00edan, y en algunos casos contagiaban entre los compa\u00f1eros con pecheras de variadas siglas, tales como ATE, ABC, AEFIP, AMRA, APPAMIA, APOPS, AGOEC, COEMA, DRAGADO Y BALIZAMIENTO, FESPROSA, FJA, SADEM, SAL, SOEME, SUTEP, UEJN, UDOCBA, UTERA y FND. Despu\u00e9s de entonar las estrofas del Himno Nacional se hizo un minuto de silencio por los trabajadores ca\u00eddos en la lucha y por los 30.000 desaparecidos.<\/p>\n<p><a href=\"http:\/\/www.atecordoba.org\/wp-content\/uploads\/2013\/03\/maraia-teresa-declaraciones-portada-nota-web.jpg\"><img loading=\"lazy\" decoding=\"async\" class=\"aligncenter size-full wp-image-2479\" title=\"maraia teresa- declaraciones portada nota web\" src=\"http:\/\/www.atecordoba.org\/wp-content\/uploads\/2013\/03\/maraia-teresa-declaraciones-portada-nota-web.jpg\" alt=\"\" width=\"480\" height=\"360\" \/><\/a><\/p>\n<p>&#8220;Todo lo que sea coordinar entre los trabajadores para pelear es bueno. Mas all\u00e1 que no pensamos igual entre las distintas organizaciones es importante por esta coordinadora potencia la capacidad de lucha de los estatales. Si se puede traducir en C\u00f3rdoba por supuesto que estamos dispuestos a charlar&#8221;, dijo al salir del plenario Mar\u00eda Teresa Romero, secretaria General de ATE C\u00f3rdoba.<\/p>\n<p><strong>\u201cEstamos convencidos de que uniendo esfuerzos podemos ganar\u201d<\/strong><\/p>\n<p>El primero en tomar la palabra fue el Secretario General de ATE, quien comenz\u00f3 su discurso resaltando los puntos en com\u00fan de todos los asistentes: \u201cEstamos entre compa\u00f1eros de trabajo, al igual que en los lugares de trabajo. Y aunque no somos todos parte de la misma organizaci\u00f3n, compartimos los mismos problemas\u201d. Al mismo tiempo Fuentes destac\u00f3 la diversidad dentro de la unidad al asegurar que en todos los casos \u201chonramos cada una de nuestras organizaciones con respeto mutuo para con el compa\u00f1ero que est\u00e1 al lado\u201d. En este sentido, y parafraseando a Jos\u00e9 de Artigas, el dirigente de ATE asegur\u00f3: \u201cNadie es m\u00e1s que nadies. \u00a0Ac\u00e1 estamos de igual a igual, entre compa\u00f1eros\u201d.<\/p>\n<p><a href=\"http:\/\/www.atecordoba.org\/wp-content\/uploads\/2013\/03\/coord-e-gremios-estatales1.jpg\"><img loading=\"lazy\" decoding=\"async\" class=\"aligncenter size-full wp-image-2517\" title=\"coord e gremios estatales1\" src=\"http:\/\/www.atecordoba.org\/wp-content\/uploads\/2013\/03\/coord-e-gremios-estatales1.jpg\" alt=\"\" width=\"448\" height=\"297\" \/><\/a><\/p>\n<p>\u201cHay que mirar atr\u00e1s y analizar c\u00f3mo es que llegamos a esta situaci\u00f3n de precariedad para los estatales. Fue en el Estado nacional donde empez\u00f3 el ajuste, luego pas\u00f3 por las provincias para continuar en los municipios. Y para lograr desandar al menos un poco ese tremendo ajuste hemos luchado mucho. Y tenemos que reconocer que gracias a esa pelea se avanz\u00f3 en estos \u00faltimos a\u00f1os. Sin embargo hoy, y desde hace un tiempo, se fren\u00f3 este avance. Por ejemplo, las paritarias ya no avanzan porque ahora no se discute sino que s\u00f3lo son decretos y anuncios\u201d, asegur\u00f3 Julio Fuentes, y agreg\u00f3: \u201cpor eso es esta unidad de acci\u00f3n, porque estamos en una etapa de ajuste. Y no fue f\u00e1cil por cierto, nos juntamos varias veces y nunca falt\u00f3 el debate\u201d.<\/p>\n<p>\u201cNo vamos a tolerar que empleo p\u00fablico sea sin\u00f3nimo de pobreza\u201d, afirm\u00f3 el Secretario General de la Asociaci\u00f3n Trabajadores del Estado. A continuaci\u00f3n hizo \u00e9nfasis en lo siguiente: \u201cestamos convencidos de que uniendo esfuerzos podemos ganar\u201d.<\/p>\n<p>A las palabras de Julio Fuentes le sigui\u00f3 una de las representantes femeninas de la mesa de la Coordinaci\u00f3n. Susana Laburu, SOEME \u2013 CGT, quien primero reivindic\u00f3 el rol del g\u00e9nero en lo que hace a la lucha y el trabajo gremial para luego sentenciar: \u201cSi el camino es la lucha, estamos en el camino correcto\u201d.<\/p>\n<p><a href=\"http:\/\/www.atecordoba.org\/wp-content\/uploads\/2013\/03\/coord-e-gremios-estatales21.jpg\"><img loading=\"lazy\" decoding=\"async\" class=\"aligncenter size-full wp-image-2518\" title=\"coord e gremios estatales2\" src=\"http:\/\/www.atecordoba.org\/wp-content\/uploads\/2013\/03\/coord-e-gremios-estatales21.jpg\" alt=\"\" width=\"448\" height=\"297\" \/><\/a><\/p>\n<p>A continuaci\u00f3n habl\u00f3 Jorge Jabkowski, presidente de la FESPROSA. \u201cPara los trabajadores de la Salud hoy es un d\u00eda feliz. Sin embargo es un punto en el camino. Ya compartimos numerosas luchas con compa\u00f1eros que est\u00e1n presentes y que forman parte de otras organizaciones. Y no hablamos de los hermanos de ATE y la CTA, sino tambi\u00e9n de la CGT e intersindicales en distintas provincias y regiones del pa\u00eds\u201d, cont\u00f3.\u00a0Jabkowski\u00a0afirm\u00f3: \u201cNos est\u00e1n golpeando a todos por igual con precarizaci\u00f3n o los contrato basura, para poner de ejemplo algunas de las estrategias que adopt\u00f3 este gobierno\u201d. Adem\u00e1s, el representante de FESPROSA denunci\u00f3 la falta de respuesta por parte del Gobierno Nacional a los pedidos de reuniones que realiz\u00f3 su gremio durante estos a\u00f1os. En este sentido, envi\u00f3 un claro mensaje: \u201cQue Tomada (Ministro de Trabajo de la Naci\u00f3n) haga la cuenta de cu\u00e1ntos trabajadores hay representados aqu\u00ed y se va a dar cuenta de lo que piensan los trabajadores\u201d.<\/p>\n<p><a href=\"http:\/\/www.atecordoba.org\/wp-content\/uploads\/2013\/03\/coord-e-gremios-estatales3.jpg\"><img loading=\"lazy\" decoding=\"async\" class=\"aligncenter size-full wp-image-2519\" title=\"coord e gremios estatales3\" src=\"http:\/\/www.atecordoba.org\/wp-content\/uploads\/2013\/03\/coord-e-gremios-estatales3.jpg\" alt=\"\" width=\"448\" height=\"297\" \/><\/a><\/p>\n<p>Para finalizar la primera parte del plenario habl\u00f3 Leonardo Fabre, APOPS (el Sindicato de los trabajadores de la Seguridad Social), y explic\u00f3: \u201cno es posible evolucionar a un\u00a0 mundo mejor si no seguimos el camino del sentimiento mas virtuoso que pueda tener un humano, la solidaridad. Y para eso debemos mirar el futuro y tambi\u00e9n el pasado, porque hubo un pa\u00eds de justicia y lo queremos recuperar\u201d. Luego, Fabre record\u00f3: \u201cno hay que negar que durante el Gobierno de Nestor Kirchner se hab\u00eda abierto una luz de esperanza, con por ejemplo la ley de paritarias. Pero todo cambi\u00f3. Desde hace un tiempo la paritaria es solo una foto, el Gobierno baja la l\u00ednea y no se discute. Y al final quienes sufren esto somos los trabajadores\u201d. Para cerrar su alocuci\u00f3n, el dirigente de APOPS sentenci\u00f3: \u201cHay que recordarles que no hay Patria sin Estado y no hay Estado sin trabajadores estatales\u201d.<\/p>\n<div>\u00a0A continuaci\u00f3n se ley\u00f3 un\u00a0<a href=\"http:\/\/eltrabajadordelestado.org\/template-4\/cdnacional\/item\/2327-documento-conjunto-de-la-coordinadora-nacional-de-gremios-estatales.html\">documento elaborado por el conjunto de las organizaciones que integran la Coordinadora Nacional De Gremios Estatales CGT-CTA<\/a>. Se trata de una agenda de 14 puntos que incluye los reclamos m\u00e1s relevantes.El cierre del acto cont\u00f3 con la presencia de los m\u00e1ximos referentes de CTA y CGT, Pablo Micheli y Hugo Moyano, quienes en ambos casos saludaron la iniciativa que se estaba plasmando en el acto como parte del plan de Unidad de Acci\u00f3n para Parar el Ajuste.<\/p>\n<p>\u201c\u00bfC\u00f3mo pueden decir que hay un Estado presente si le pagan a los estatales un salario m\u00edsero y las condiciones son p\u00e9simas?\u201d, se pregunt\u00f3 Micheli, y agreg\u00f3: \u201cEsto que empieza a expresarse entre los estatales es una paso fundamental en la construcci\u00f3n de un Estado fuerte y justo\u201d. Para finalizar, el Secretario General de la CTA afirm\u00f3: \u201cCon Hugo (Moyano) venimos a respaldar lo que resulte de este plenario\u201d.<\/p>\n<p>A su turno, Moyano asever\u00f3: \u201cHay que felicitar esta iniciativa que surge desde los gremios de nuestra CGT y los enrolados en la CTA aut\u00e9ntica\u201d.\u00a0 Tambi\u00e9n enfatiz\u00f3: \u201cEsta Coordinaci\u00f3n, que \u00a0va a fortalecer nuestras posturas para poner mayor firmeza a los reclamos que ignora el Gobierno, \u00a0debe apuntar a que vuelva a ser un orgullo el empleo estatal\u201d. El Secretario General de la CGT cerr\u00f3: \u201cSi no quieren verle la cara a Pablo Micheli y Hugo Moyano, entonces que respondan a las necesidades leg\u00edtimas de los trabajadores\u201d.<\/p>\n<\/div>\n<div><\/div>\n","protected":false},"excerpt":{"rendered":"<p>Mas de 600 representantes de 19 organizaciones sindicales de trabajadores estatales enroladas a CTA y CGT se reunieron ayer martes en la Ciudad de Buenos Aires.\u00a0Se debatieron puntos en com\u00fan y se reafirm\u00f3 la necesidad de avanzar en esta Unidad de Acci\u00f3n para Parar el Ajuste. Participaron del acto, adem\u00e1s de los principales dirigentes de [&hellip;]<\/p>\n","protected":false},"author":1,"featured_media":19220,"comment_status":"open","ping_status":"open","sticky":false,"template":"","format":"standard","meta":{"_exactmetrics_skip_tracking":false,"_exactmetrics_sitenote_active":false,"_exactmetrics_sitenote_note":"","_exactmetrics_sitenote_category":0,"jnews-multi-image_gallery":[],"jnews_single_post":[],"jnews_primary_category":[],"jnews_social_meta":[],"jnews_review":[],"enable_review":"","type":"","name":"","summary":"","brand":"","sku":"","good":[],"bad":[],"score_override":"","override_value":"","rating":[],"price":[],"jnews_override_counter":[],"jnews_post_split":[],"footnotes":""},"categories":[18],"tags":[],"class_list":["post-2514","post","type-post","status-publish","format-standard","has-post-thumbnail","hentry","category-nacionales"],"jetpack_featured_media_url":"https:\/\/atecordoba.org\/wp-content\/uploads\/2020\/05\/logo-nuevochico-e1561581322808.png","_links":{"self":[{"href":"https:\/\/atecordoba.org\/index.php?rest_route=\/wp\/v2\/posts\/2514","targetHints":{"allow":["GET"]}}],"collection":[{"href":"https:\/\/atecordoba.org\/index.php?rest_route=\/wp\/v2\/posts"}],"about":[{"href":"https:\/\/atecordoba.org\/index.php?rest_route=\/wp\/v2\/types\/post"}],"author":[{"embeddable":true,"href":"https:\/\/atecordoba.org\/index.php?rest_route=\/wp\/v2\/users\/1"}],"replies":[{"embeddable":true,"href":"https:\/\/atecordoba.org\/index.php?rest_route=%2Fwp%2Fv2%2Fcomments&post=2514"}],"version-history":[{"count":0,"href":"https:\/\/atecordoba.org\/index.php?rest_route=\/wp\/v2\/posts\/2514\/revisions"}],"wp:featuredmedia":[{"embeddable":true,"href":"https:\/\/atecordoba.org\/index.php?rest_route=\/wp\/v2\/media\/19220"}],"wp:attachment":[{"href":"https:\/\/atecordoba.org\/index.php?rest_route=%2Fwp%2Fv2%2Fmedia&parent=2514"}],"wp:term":[{"taxonomy":"category","embeddable":true,"href":"https:\/\/atecordoba.org\/index.php?rest_route=%2Fwp%2Fv2%2Fcategories&post=2514"},{"taxonomy":"post_tag","embeddable":true,"href":"https:\/\/atecordoba.org\/index.php?rest_route=%2Fwp%2Fv2%2Ftags&post=2514"}],"curies":[{"name":"wp","href":"https:\/\/api.w.org\/{rel}","templated":true}]}}