{"id":25119,"date":"2021-03-30T14:16:22","date_gmt":"2021-03-30T17:16:22","guid":{"rendered":"https:\/\/atecordoba.org\/?p=25119"},"modified":"2021-03-30T14:16:22","modified_gmt":"2021-03-30T17:16:22","slug":"ate-rio-cuarto-rompe-el-techo-salarial-en-el-municipio-de-alcira-gigena","status":"publish","type":"post","link":"https:\/\/atecordoba.org\/?p=25119","title":{"rendered":"ATE R\u00edo Cuarto rompe el techo salarial en el municipio de Alcira Gigena"},"content":{"rendered":"<div class=\"kvgmc6g5 cxmmr5t8 oygrvhab hcukyx3x c1et5uql ii04i59q\"><\/div>\n<div class=\"o9v6fnle cxmmr5t8 oygrvhab hcukyx3x c1et5uql ii04i59q\">\n<div dir=\"auto\">\n<p>&nbsp;<\/p>\n<p><img loading=\"lazy\" decoding=\"async\" class=\"alignnone  wp-image-25122\" src=\"https:\/\/atecordoba.org\/wp-content\/uploads\/2021\/03\/flyer-municipales-afiliarse-300x300-3-150x150.jpeg\" alt=\"\" width=\"295\" height=\"295\" srcset=\"https:\/\/atecordoba.org\/wp-content\/uploads\/2021\/03\/flyer-municipales-afiliarse-300x300-3-150x150.jpeg 150w, https:\/\/atecordoba.org\/wp-content\/uploads\/2021\/03\/flyer-municipales-afiliarse-300x300-3-560x560.jpeg 560w, https:\/\/atecordoba.org\/wp-content\/uploads\/2021\/03\/flyer-municipales-afiliarse-300x300-3-75x75.jpeg 75w\" sizes=\"auto, (max-width: 295px) 100vw, 295px\" \/>Durante la ma\u00f1ana del martes 30 de Marzo se llev\u00f3 adelante en la localidad de Alcira Gigena, ubicada a 44 Km de la ciudad de R\u00edo Cuarto, al sur provincial una audiencia paritaria entre el ejecutivo municipal y ATE.<\/p>\n<p>Rafaela Alcoba Secretaria General de la Seccional de ATE R\u00edo Cuarto, junto a Pablo Irusta Secretario Gremial y las delegadas gremiales Silvia Nieblyski, Adriana Trimboli y Norma Gilardini, fueron part\u00edcipes de esta instancia hist\u00f3rica en la cual ATE R\u00edo Cuarto logr\u00f3 perforar el techo salarial con un incremento del 40%, junto al Intendente Fernando Gramaglia y su secretario de Gobierno N\u00e9stor Molinero.<\/p>\n<p>Por otro lado se acordaron puntos muy importantes para la recuperaci\u00f3n de derechos de las y los trabajadores municipales como es la estabilidad laboral, logrando ATE el pase a planta permanente de 10 personas, recategorizaciones y contratos para jornalizados.<\/p>\n<p>Este gran paso, es resultado del trabajo minucioso de las y los delegados locales que en el mes de Diciembre 2020 presentaron un informe detallado de la situaci\u00f3n laboral de cada municipal, para as\u00ed poder ir alcanzando objetivos que mejoren la situaci\u00f3n de cada trabajador y trabajadora de la localidad de Gigena.<\/p>\n<p>Tras la r\u00fabrica del acta acuerdo, las y los dirigentes de ATE recorrieron el corral\u00f3n, el Centro Integral Municipal para informar el aumento salarial alcanzado y tambi\u00e9n, para dar inicio a una campa\u00f1a masiva de afiliaci\u00f3n de municipales.<\/p>\n<\/div>\n<div dir=\"auto\"><\/div>\n<\/div>\n<p>&nbsp;<\/p>\n","protected":false},"excerpt":{"rendered":"<p>&nbsp; Durante la ma\u00f1ana del martes 30 de Marzo se llev\u00f3 adelante en la localidad de Alcira Gigena, ubicada a 44 Km de la ciudad de R\u00edo Cuarto, al sur provincial una audiencia paritaria entre el ejecutivo municipal y ATE. Rafaela Alcoba Secretaria General de la Seccional de ATE R\u00edo Cuarto, junto a Pablo Irusta [&hellip;]<\/p>\n","protected":false},"author":3,"featured_media":25121,"comment_status":"open","ping_status":"open","sticky":false,"template":"","format":"standard","meta":{"_exactmetrics_skip_tracking":false,"_exactmetrics_sitenote_active":false,"_exactmetrics_sitenote_note":"","_exactmetrics_sitenote_category":0,"jnews-multi-image_gallery":[],"jnews_single_post":{"source_name":"","source_url":"","via_name":"","via_url":"","override_template":"0","override":[{"template":"1","single_blog_custom":"","parallax":"1","fullscreen":"0","layout":"right-sidebar","sidebar":"default-sidebar","second_sidebar":"default-sidebar","sticky_sidebar":"1","share_position":"top","share_float_style":"share-monocrhome","show_share_counter":"1","show_view_counter":"1","show_featured":"1","show_post_meta":"1","show_post_author":"1","show_post_author_image":"1","show_post_date":"1","post_date_format":"default","post_date_format_custom":"Y\/m\/d","show_post_category":"1","show_post_reading_time":"0","post_reading_time_wpm":"300","show_zoom_button":"0","zoom_button_out_step":"2","zoom_button_in_step":"3","show_post_tag":"1","show_prev_next_post":"1","show_popup_post":"1","number_popup_post":"1","show_author_box":"0","show_post_related":"0","show_inline_post_related":"0"}],"override_image_size":"0","image_override":[{"single_post_thumbnail_size":"crop-500","single_post_gallery_size":"crop-500"}],"trending_post":"0","trending_post_position":"meta","trending_post_label":"Trending","sponsored_post":"0","sponsored_post_label":"Sponsored by","sponsored_post_name":"","sponsored_post_url":"","sponsored_post_logo_enable":"0","sponsored_post_logo":"","sponsored_post_desc":""},"jnews_primary_category":{"id":""},"jnews_social_meta":{"fb_title":"","fb_description":"","fb_image":"","twitter_title":"","twitter_description":"","twitter_image":""},"jnews_review":[],"enable_review":"0","type":"percentage","name":"","summary":"","brand":"","sku":"","good":[{"good_text":""}],"bad":[{"bad_text":""}],"score_override":"","override_value":"","rating":[{"rating_text":"","rating_number":"10"}],"price":[{"shop":"","price":"","link":"","icon":""}],"jnews_override_counter":{"override_view_counter":"0","view_counter_number":"0","override_share_counter":"0","share_counter_number":"0","override_like_counter":"0","like_counter_number":"0","override_dislike_counter":"0","dislike_counter_number":"0"},"jnews_post_split":{"enable_post_split":"0","post_split":[{"template":"1","tag":"h2","numbering":"asc","mode":"normal"}]},"footnotes":""},"categories":[10,20,12],"tags":[],"class_list":["post-25119","post","type-post","status-publish","format-standard","has-post-thumbnail","hentry","category-accion-politica","category-municipales","category-rio-cuarto"],"jetpack_featured_media_url":"https:\/\/atecordoba.org\/wp-content\/uploads\/2021\/03\/18-03-pedido-reunion-asuntos-municipales_4-350x250-3.jpg","_links":{"self":[{"href":"https:\/\/atecordoba.org\/index.php?rest_route=\/wp\/v2\/posts\/25119","targetHints":{"allow":["GET"]}}],"collection":[{"href":"https:\/\/atecordoba.org\/index.php?rest_route=\/wp\/v2\/posts"}],"about":[{"href":"https:\/\/atecordoba.org\/index.php?rest_route=\/wp\/v2\/types\/post"}],"author":[{"embeddable":true,"href":"https:\/\/atecordoba.org\/index.php?rest_route=\/wp\/v2\/users\/3"}],"replies":[{"embeddable":true,"href":"https:\/\/atecordoba.org\/index.php?rest_route=%2Fwp%2Fv2%2Fcomments&post=25119"}],"version-history":[{"count":1,"href":"https:\/\/atecordoba.org\/index.php?rest_route=\/wp\/v2\/posts\/25119\/revisions"}],"predecessor-version":[{"id":25123,"href":"https:\/\/atecordoba.org\/index.php?rest_route=\/wp\/v2\/posts\/25119\/revisions\/25123"}],"wp:featuredmedia":[{"embeddable":true,"href":"https:\/\/atecordoba.org\/index.php?rest_route=\/wp\/v2\/media\/25121"}],"wp:attachment":[{"href":"https:\/\/atecordoba.org\/index.php?rest_route=%2Fwp%2Fv2%2Fmedia&parent=25119"}],"wp:term":[{"taxonomy":"category","embeddable":true,"href":"https:\/\/atecordoba.org\/index.php?rest_route=%2Fwp%2Fv2%2Fcategories&post=25119"},{"taxonomy":"post_tag","embeddable":true,"href":"https:\/\/atecordoba.org\/index.php?rest_route=%2Fwp%2Fv2%2Ftags&post=25119"}],"curies":[{"name":"wp","href":"https:\/\/api.w.org\/{rel}","templated":true}]}}