{"id":25096,"date":"2021-03-29T14:18:21","date_gmt":"2021-03-29T17:18:21","guid":{"rendered":"https:\/\/atecordoba.org\/?p=25096"},"modified":"2021-03-29T14:50:34","modified_gmt":"2021-03-29T17:50:34","slug":"fabrica-militar-de-rio-tercero-continua-el-estado-de-alerta-ante-la-falta-de-respuestas-a-demandas-salariales-y-de-reincorporaciones","status":"publish","type":"post","link":"https:\/\/atecordoba.org\/?p=25096","title":{"rendered":"F\u00e1brica Militar de R\u00edo Tercero: contin\u00faa el estado de alerta ante la falta de respuestas a demandas salariales y de reincorporaciones"},"content":{"rendered":"<p>Este lunes 29 de Marzo, la Seccional de ATE R\u00edo Tercero, encabezada por su Secretario General, Dami\u00e1n Albornoz, realizaron una asamblea en la Porter\u00eda N\u00ba 2 de la Producci\u00f3n Qu\u00edmica de la F\u00e1brica Militar R\u00edo Tercero.<\/p>\n<p>Esta jornada de lucha se realiz\u00f3 en conjunto con la F\u00e1brica Militar de Beltr\u00e1n. La instancia busca poner en agenda nuevamente la necesidad imperiosa de reincorporaciones de las y los despedidos durante el Macrismo, recomposici\u00f3n salarial y la urgente inversi\u00f3n y reactivaci\u00f3n productiva. La misma es parte de un plan de lucha que comenz\u00f3 en el 2020 -a\u00f1o en que aunque comenzaron las restricciones ante la pandemia pero los establecimientos y sus trabajadores no pararon de producir- y se profundiz\u00f3 en 2021. La Corredma (Coordinadora de Despedidxs durante el Macrismo) como desde hace m\u00e1s de un a\u00f1o, particip\u00f3 activamente de las asambleas y cortes realizados en el ingreso de la porter\u00eda.<\/p>\n<p>\u201cSe decidi\u00f3 continuar con el quite de colaboraci\u00f3n y el trabajo a reglamento esperando la propuesta del Directorio, que esta tarde en audiencia con el Ministerio de Trabajo de la Naci\u00f3n, tendr\u00e1n que elevar una propuesta\u201d, expresaron desde ATE R\u00edo tercero.<\/p>\n<p>De no llegar a un acuerdo esta tarde y de no ser satisfactorias las respuestas y propuestas del directorio, el pr\u00f3ximo mi\u00e9rcoles 31 de marzo se llevar\u00e1 adelante una nueva asamblea para determinar los pasos a seguir.<\/p>\n<p>A pesar de que algunos medios de comunicaci\u00f3n locales deslegitiman la medida, con informaci\u00f3n poco fehaciente y desconociendo que el derecho a huelga est\u00e1 inscripto en nuestra Constituci\u00f3n Nacional y amparados por la libertad y democracia sindical, las y los estatales de la F\u00e1brica Militar de R\u00edo Tercero siguen en plan de lucha en defensa de los salarios y el trabajo.<\/p>\n<div id='gallery_1' class='gallery galleryid-25096 gallery-columns-3 gallery-size-thumbnail'><figure class='gallery-item'>\n                <div class='gallery-icon landscape'>\n                    <a href='https:\/\/atecordoba.org\/wp-content\/uploads\/2021\/03\/18-03-pedido-reunion-asuntos-municipales_4-350x250-2.jpg'><img loading=\"lazy\" decoding=\"async\" width=\"150\" height=\"150\" src=\"\" class=\"attachment-thumbnail size-thumbnail lazyload\" alt=\"\" data-src=\"https:\/\/atecordoba.org\/wp-content\/uploads\/2021\/03\/18-03-pedido-reunion-asuntos-municipales_4-350x250-2-150x150.jpg\" data-sizes=\"auto\" data-srcset=\"https:\/\/atecordoba.org\/wp-content\/uploads\/2021\/03\/18-03-pedido-reunion-asuntos-municipales_4-350x250-2-150x150.jpg 150w, https:\/\/atecordoba.org\/wp-content\/uploads\/2021\/03\/18-03-pedido-reunion-asuntos-municipales_4-350x250-2-560x560.jpg 560w, https:\/\/atecordoba.org\/wp-content\/uploads\/2021\/03\/18-03-pedido-reunion-asuntos-municipales_4-350x250-2-75x75.jpg 75w\" data-expand=\"700\" \/><\/a>\n                <\/div><\/figure><figure class='gallery-item'>\n                <div class='gallery-icon landscape'>\n                    <a href='https:\/\/atecordoba.org\/wp-content\/uploads\/2021\/03\/166236178_1094648170946443_4529060601955101053_o.jpg'><img loading=\"lazy\" decoding=\"async\" width=\"150\" height=\"150\" src=\"\" class=\"attachment-thumbnail size-thumbnail lazyload\" alt=\"\" data-src=\"https:\/\/atecordoba.org\/wp-content\/uploads\/2021\/03\/166236178_1094648170946443_4529060601955101053_o-150x150.jpg\" data-sizes=\"auto\" data-srcset=\"https:\/\/atecordoba.org\/wp-content\/uploads\/2021\/03\/166236178_1094648170946443_4529060601955101053_o-150x150.jpg 150w, https:\/\/atecordoba.org\/wp-content\/uploads\/2021\/03\/166236178_1094648170946443_4529060601955101053_o-560x560.jpg 560w, https:\/\/atecordoba.org\/wp-content\/uploads\/2021\/03\/166236178_1094648170946443_4529060601955101053_o-75x75.jpg 75w\" data-expand=\"700\" \/><\/a>\n                <\/div><\/figure><figure class='gallery-item'>\n                <div class='gallery-icon landscape'>\n                    <a href='https:\/\/atecordoba.org\/wp-content\/uploads\/2021\/03\/166297615_1094650650946195_7001443399633789305_o.jpg'><img loading=\"lazy\" decoding=\"async\" width=\"150\" height=\"150\" src=\"\" class=\"attachment-thumbnail size-thumbnail lazyload\" alt=\"\" data-src=\"https:\/\/atecordoba.org\/wp-content\/uploads\/2021\/03\/166297615_1094650650946195_7001443399633789305_o-150x150.jpg\" data-sizes=\"auto\" data-srcset=\"https:\/\/atecordoba.org\/wp-content\/uploads\/2021\/03\/166297615_1094650650946195_7001443399633789305_o-150x150.jpg 150w, https:\/\/atecordoba.org\/wp-content\/uploads\/2021\/03\/166297615_1094650650946195_7001443399633789305_o-560x560.jpg 560w, https:\/\/atecordoba.org\/wp-content\/uploads\/2021\/03\/166297615_1094650650946195_7001443399633789305_o-75x75.jpg 75w\" data-expand=\"700\" \/><\/a>\n                <\/div><\/figure><br style=\"clear: both\" \/><figure class='gallery-item'>\n                <div class='gallery-icon landscape'>\n                    <a href='https:\/\/atecordoba.org\/wp-content\/uploads\/2021\/03\/166297649_1094650920946168_4463083205921760470_o.jpg'><img loading=\"lazy\" decoding=\"async\" width=\"150\" height=\"150\" src=\"\" class=\"attachment-thumbnail size-thumbnail lazyload\" alt=\"\" data-src=\"https:\/\/atecordoba.org\/wp-content\/uploads\/2021\/03\/166297649_1094650920946168_4463083205921760470_o-150x150.jpg\" data-sizes=\"auto\" data-srcset=\"https:\/\/atecordoba.org\/wp-content\/uploads\/2021\/03\/166297649_1094650920946168_4463083205921760470_o-150x150.jpg 150w, https:\/\/atecordoba.org\/wp-content\/uploads\/2021\/03\/166297649_1094650920946168_4463083205921760470_o-560x560.jpg 560w, https:\/\/atecordoba.org\/wp-content\/uploads\/2021\/03\/166297649_1094650920946168_4463083205921760470_o-75x75.jpg 75w\" data-expand=\"700\" \/><\/a>\n                <\/div><\/figure><figure class='gallery-item'>\n                <div class='gallery-icon landscape'>\n                    <a href='https:\/\/atecordoba.org\/wp-content\/uploads\/2021\/03\/166318542_1094648110946449_7241201032241520717_o.jpg'><img loading=\"lazy\" decoding=\"async\" width=\"150\" height=\"150\" src=\"\" class=\"attachment-thumbnail size-thumbnail lazyload\" alt=\"\" data-src=\"https:\/\/atecordoba.org\/wp-content\/uploads\/2021\/03\/166318542_1094648110946449_7241201032241520717_o-150x150.jpg\" data-sizes=\"auto\" data-srcset=\"https:\/\/atecordoba.org\/wp-content\/uploads\/2021\/03\/166318542_1094648110946449_7241201032241520717_o-150x150.jpg 150w, https:\/\/atecordoba.org\/wp-content\/uploads\/2021\/03\/166318542_1094648110946449_7241201032241520717_o-560x560.jpg 560w, https:\/\/atecordoba.org\/wp-content\/uploads\/2021\/03\/166318542_1094648110946449_7241201032241520717_o-75x75.jpg 75w\" data-expand=\"700\" \/><\/a>\n                <\/div><\/figure><figure class='gallery-item'>\n                <div class='gallery-icon landscape'>\n                    <a href='https:\/\/atecordoba.org\/wp-content\/uploads\/2021\/03\/166485563_1094650984279495_3005763948616886460_o.jpg'><img loading=\"lazy\" decoding=\"async\" width=\"150\" height=\"150\" src=\"\" class=\"attachment-thumbnail size-thumbnail lazyload\" alt=\"\" data-src=\"https:\/\/atecordoba.org\/wp-content\/uploads\/2021\/03\/166485563_1094650984279495_3005763948616886460_o-150x150.jpg\" data-sizes=\"auto\" data-srcset=\"https:\/\/atecordoba.org\/wp-content\/uploads\/2021\/03\/166485563_1094650984279495_3005763948616886460_o-150x150.jpg 150w, https:\/\/atecordoba.org\/wp-content\/uploads\/2021\/03\/166485563_1094650984279495_3005763948616886460_o-560x560.jpg 560w, https:\/\/atecordoba.org\/wp-content\/uploads\/2021\/03\/166485563_1094650984279495_3005763948616886460_o-75x75.jpg 75w\" data-expand=\"700\" \/><\/a>\n                <\/div><\/figure><br style=\"clear: both\" \/><figure class='gallery-item'>\n                <div class='gallery-icon landscape'>\n                    <a href='https:\/\/atecordoba.org\/wp-content\/uploads\/2021\/03\/166517761_1094648044279789_2974879169834294266_o.jpg'><img loading=\"lazy\" decoding=\"async\" width=\"150\" height=\"150\" src=\"\" class=\"attachment-thumbnail size-thumbnail lazyload\" alt=\"\" data-src=\"https:\/\/atecordoba.org\/wp-content\/uploads\/2021\/03\/166517761_1094648044279789_2974879169834294266_o-150x150.jpg\" data-sizes=\"auto\" data-srcset=\"https:\/\/atecordoba.org\/wp-content\/uploads\/2021\/03\/166517761_1094648044279789_2974879169834294266_o-150x150.jpg 150w, https:\/\/atecordoba.org\/wp-content\/uploads\/2021\/03\/166517761_1094648044279789_2974879169834294266_o-560x560.jpg 560w, https:\/\/atecordoba.org\/wp-content\/uploads\/2021\/03\/166517761_1094648044279789_2974879169834294266_o-75x75.jpg 75w\" data-expand=\"700\" \/><\/a>\n                <\/div><\/figure><figure class='gallery-item'>\n                <div class='gallery-icon landscape'>\n                    <a href='https:\/\/atecordoba.org\/wp-content\/uploads\/2021\/03\/166577328_1094650704279523_8440859721285529880_n.jpg'><img loading=\"lazy\" decoding=\"async\" width=\"150\" height=\"150\" src=\"\" class=\"attachment-thumbnail size-thumbnail lazyload\" alt=\"\" data-src=\"https:\/\/atecordoba.org\/wp-content\/uploads\/2021\/03\/166577328_1094650704279523_8440859721285529880_n-150x150.jpg\" data-sizes=\"auto\" data-srcset=\"https:\/\/atecordoba.org\/wp-content\/uploads\/2021\/03\/166577328_1094650704279523_8440859721285529880_n-150x150.jpg 150w, https:\/\/atecordoba.org\/wp-content\/uploads\/2021\/03\/166577328_1094650704279523_8440859721285529880_n-560x560.jpg 560w, https:\/\/atecordoba.org\/wp-content\/uploads\/2021\/03\/166577328_1094650704279523_8440859721285529880_n-75x75.jpg 75w\" data-expand=\"700\" \/><\/a>\n                <\/div><\/figure><figure class='gallery-item'>\n                <div class='gallery-icon landscape'>\n                    <a href='https:\/\/atecordoba.org\/wp-content\/uploads\/2021\/03\/166773425_1094649687612958_8501083162897263585_o.jpg'><img loading=\"lazy\" decoding=\"async\" width=\"150\" height=\"150\" src=\"\" class=\"attachment-thumbnail size-thumbnail lazyload\" alt=\"\" data-src=\"https:\/\/atecordoba.org\/wp-content\/uploads\/2021\/03\/166773425_1094649687612958_8501083162897263585_o-150x150.jpg\" data-sizes=\"auto\" data-srcset=\"https:\/\/atecordoba.org\/wp-content\/uploads\/2021\/03\/166773425_1094649687612958_8501083162897263585_o-150x150.jpg 150w, https:\/\/atecordoba.org\/wp-content\/uploads\/2021\/03\/166773425_1094649687612958_8501083162897263585_o-560x560.jpg 560w, https:\/\/atecordoba.org\/wp-content\/uploads\/2021\/03\/166773425_1094649687612958_8501083162897263585_o-75x75.jpg 75w\" data-expand=\"700\" \/><\/a>\n                <\/div><\/figure><br style=\"clear: both\" \/><figure class='gallery-item'>\n                <div class='gallery-icon landscape'>\n                    <a href='https:\/\/atecordoba.org\/wp-content\/uploads\/2021\/03\/166858414_1094650950946165_5940656852899510968_o.jpg'><img loading=\"lazy\" decoding=\"async\" width=\"150\" height=\"150\" src=\"\" class=\"attachment-thumbnail size-thumbnail lazyload\" alt=\"\" data-src=\"https:\/\/atecordoba.org\/wp-content\/uploads\/2021\/03\/166858414_1094650950946165_5940656852899510968_o-150x150.jpg\" data-sizes=\"auto\" data-srcset=\"https:\/\/atecordoba.org\/wp-content\/uploads\/2021\/03\/166858414_1094650950946165_5940656852899510968_o-150x150.jpg 150w, https:\/\/atecordoba.org\/wp-content\/uploads\/2021\/03\/166858414_1094650950946165_5940656852899510968_o-560x560.jpg 560w, https:\/\/atecordoba.org\/wp-content\/uploads\/2021\/03\/166858414_1094650950946165_5940656852899510968_o-75x75.jpg 75w\" data-expand=\"700\" \/><\/a>\n                <\/div><\/figure><figure class='gallery-item'>\n                <div class='gallery-icon landscape'>\n                    <a href='https:\/\/atecordoba.org\/wp-content\/uploads\/2021\/03\/flyer-municipales-afiliarse-300x300-2.jpeg'><img loading=\"lazy\" decoding=\"async\" width=\"150\" height=\"150\" src=\"\" class=\"attachment-thumbnail size-thumbnail lazyload\" alt=\"\" data-src=\"https:\/\/atecordoba.org\/wp-content\/uploads\/2021\/03\/flyer-municipales-afiliarse-300x300-2-150x150.jpeg\" data-sizes=\"auto\" data-srcset=\"https:\/\/atecordoba.org\/wp-content\/uploads\/2021\/03\/flyer-municipales-afiliarse-300x300-2-150x150.jpeg 150w, https:\/\/atecordoba.org\/wp-content\/uploads\/2021\/03\/flyer-municipales-afiliarse-300x300-2-560x560.jpeg 560w, https:\/\/atecordoba.org\/wp-content\/uploads\/2021\/03\/flyer-municipales-afiliarse-300x300-2-75x75.jpeg 75w\" data-expand=\"700\" \/><\/a>\n                <\/div><\/figure><figure class='gallery-item'>\n                <div class='gallery-icon landscape'>\n                    <a href='https:\/\/atecordoba.org\/wp-content\/uploads\/2021\/03\/29-03-Rio-Tercero-Asamblea-Fabrica-Militar-3.jpeg'><img loading=\"lazy\" decoding=\"async\" width=\"150\" height=\"150\" src=\"\" class=\"attachment-thumbnail size-thumbnail lazyload\" alt=\"\" data-src=\"https:\/\/atecordoba.org\/wp-content\/uploads\/2021\/03\/29-03-Rio-Tercero-Asamblea-Fabrica-Militar-3-150x150.jpeg\" data-sizes=\"auto\" data-srcset=\"https:\/\/atecordoba.org\/wp-content\/uploads\/2021\/03\/29-03-Rio-Tercero-Asamblea-Fabrica-Militar-3-150x150.jpeg 150w, https:\/\/atecordoba.org\/wp-content\/uploads\/2021\/03\/29-03-Rio-Tercero-Asamblea-Fabrica-Militar-3-560x560.jpeg 560w, https:\/\/atecordoba.org\/wp-content\/uploads\/2021\/03\/29-03-Rio-Tercero-Asamblea-Fabrica-Militar-3-75x75.jpeg 75w\" data-expand=\"700\" \/><\/a>\n                <\/div><\/figure><br style=\"clear: both\" \/><figure class='gallery-item'>\n                <div class='gallery-icon landscape'>\n                    <a href='https:\/\/atecordoba.org\/wp-content\/uploads\/2021\/03\/29-03-Rio-Tercero-Asamblea-Fabrica-Militar-4.jpeg'><img loading=\"lazy\" decoding=\"async\" width=\"150\" height=\"150\" src=\"\" class=\"attachment-thumbnail size-thumbnail lazyload\" alt=\"\" data-src=\"https:\/\/atecordoba.org\/wp-content\/uploads\/2021\/03\/29-03-Rio-Tercero-Asamblea-Fabrica-Militar-4-150x150.jpeg\" data-sizes=\"auto\" data-srcset=\"https:\/\/atecordoba.org\/wp-content\/uploads\/2021\/03\/29-03-Rio-Tercero-Asamblea-Fabrica-Militar-4-150x150.jpeg 150w, https:\/\/atecordoba.org\/wp-content\/uploads\/2021\/03\/29-03-Rio-Tercero-Asamblea-Fabrica-Militar-4-560x560.jpeg 560w, https:\/\/atecordoba.org\/wp-content\/uploads\/2021\/03\/29-03-Rio-Tercero-Asamblea-Fabrica-Militar-4-75x75.jpeg 75w\" data-expand=\"700\" \/><\/a>\n                <\/div><\/figure><figure class='gallery-item'>\n                <div class='gallery-icon landscape'>\n                    <a href='https:\/\/atecordoba.org\/wp-content\/uploads\/2021\/03\/29-03-Rio-Tercero-Asamblea-Fabrica-Militar-5.jpeg'><img loading=\"lazy\" decoding=\"async\" width=\"150\" height=\"150\" src=\"\" class=\"attachment-thumbnail size-thumbnail lazyload\" alt=\"\" data-src=\"https:\/\/atecordoba.org\/wp-content\/uploads\/2021\/03\/29-03-Rio-Tercero-Asamblea-Fabrica-Militar-5-150x150.jpeg\" data-sizes=\"auto\" data-srcset=\"https:\/\/atecordoba.org\/wp-content\/uploads\/2021\/03\/29-03-Rio-Tercero-Asamblea-Fabrica-Militar-5-150x150.jpeg 150w, https:\/\/atecordoba.org\/wp-content\/uploads\/2021\/03\/29-03-Rio-Tercero-Asamblea-Fabrica-Militar-5-560x560.jpeg 560w, https:\/\/atecordoba.org\/wp-content\/uploads\/2021\/03\/29-03-Rio-Tercero-Asamblea-Fabrica-Militar-5-75x75.jpeg 75w\" data-expand=\"700\" \/><\/a>\n                <\/div><\/figure><figure class='gallery-item'>\n                <div class='gallery-icon landscape'>\n                    <a href='https:\/\/atecordoba.org\/wp-content\/uploads\/2021\/03\/29-03-Rio-Tercero-Asamblea-Fabrica-Militar-6.jpeg'><img loading=\"lazy\" decoding=\"async\" width=\"150\" height=\"150\" src=\"\" class=\"attachment-thumbnail size-thumbnail lazyload\" alt=\"\" data-src=\"https:\/\/atecordoba.org\/wp-content\/uploads\/2021\/03\/29-03-Rio-Tercero-Asamblea-Fabrica-Militar-6-150x150.jpeg\" data-sizes=\"auto\" data-srcset=\"https:\/\/atecordoba.org\/wp-content\/uploads\/2021\/03\/29-03-Rio-Tercero-Asamblea-Fabrica-Militar-6-150x150.jpeg 150w, https:\/\/atecordoba.org\/wp-content\/uploads\/2021\/03\/29-03-Rio-Tercero-Asamblea-Fabrica-Militar-6-560x560.jpeg 560w, https:\/\/atecordoba.org\/wp-content\/uploads\/2021\/03\/29-03-Rio-Tercero-Asamblea-Fabrica-Militar-6-75x75.jpeg 75w\" data-expand=\"700\" \/><\/a>\n                <\/div><\/figure><br style=\"clear: both\" \/>\n            <\/div>\n\n","protected":false},"excerpt":{"rendered":"<p>Este lunes 29 de Marzo, la Seccional de ATE R\u00edo Tercero, encabezada por su Secretario General, Dami\u00e1n Albornoz, realizaron una asamblea en la Porter\u00eda N\u00ba 2 de la Producci\u00f3n Qu\u00edmica de la F\u00e1brica Militar R\u00edo Tercero. Esta jornada de lucha se realiz\u00f3 en conjunto con la F\u00e1brica Militar de Beltr\u00e1n. La instancia busca poner en [&hellip;]<\/p>\n","protected":false},"author":3,"featured_media":25102,"comment_status":"open","ping_status":"open","sticky":false,"template":"","format":"standard","meta":{"_exactmetrics_skip_tracking":false,"_exactmetrics_sitenote_active":false,"_exactmetrics_sitenote_note":"","_exactmetrics_sitenote_category":0,"jnews-multi-image_gallery":[],"jnews_single_post":{"source_name":"","source_url":"","via_name":"","via_url":"","override_template":"0","override":[{"template":"1","single_blog_custom":"","parallax":"1","fullscreen":"0","layout":"right-sidebar","sidebar":"default-sidebar","second_sidebar":"default-sidebar","sticky_sidebar":"1","share_position":"top","share_float_style":"share-monocrhome","show_share_counter":"1","show_view_counter":"1","show_featured":"1","show_post_meta":"1","show_post_author":"1","show_post_author_image":"1","show_post_date":"1","post_date_format":"default","post_date_format_custom":"Y\/m\/d","show_post_category":"1","show_post_reading_time":"0","post_reading_time_wpm":"300","show_zoom_button":"0","zoom_button_out_step":"2","zoom_button_in_step":"3","show_post_tag":"1","show_prev_next_post":"1","show_popup_post":"1","number_popup_post":"1","show_author_box":"0","show_post_related":"0","show_inline_post_related":"0"}],"override_image_size":"0","image_override":[{"single_post_thumbnail_size":"crop-500","single_post_gallery_size":"crop-500"}],"trending_post":"0","trending_post_position":"meta","trending_post_label":"Trending","sponsored_post":"0","sponsored_post_label":"Sponsored by","sponsored_post_name":"","sponsored_post_url":"","sponsored_post_logo_enable":"0","sponsored_post_logo":"","sponsored_post_desc":""},"jnews_primary_category":{"id":""},"jnews_social_meta":{"fb_title":"","fb_description":"","fb_image":"","twitter_title":"","twitter_description":"","twitter_image":""},"jnews_review":[],"enable_review":"0","type":"percentage","name":"","summary":"","brand":"","sku":"","good":[{"good_text":""}],"bad":[{"bad_text":""}],"score_override":"","override_value":"","rating":[{"rating_text":"","rating_number":"10"}],"price":[{"shop":"","price":"","link":"","icon":""}],"jnews_override_counter":{"override_view_counter":"0","view_counter_number":"0","override_share_counter":"0","share_counter_number":"0","override_like_counter":"0","like_counter_number":"0","override_dislike_counter":"0","dislike_counter_number":"0"},"jnews_post_split":{"enable_post_split":"0","post_split":[{"template":"1","tag":"h2","numbering":"asc","mode":"normal"}]},"footnotes":""},"categories":[10,152,17,18,13],"tags":[],"class_list":["post-25096","post","type-post","status-publish","format-standard","has-post-thumbnail","hentry","category-accion-politica","category-despedidos","category-fabricaciones-militares","category-nacionales","category-rio-tercero"],"jetpack_featured_media_url":"https:\/\/atecordoba.org\/wp-content\/uploads\/2021\/03\/166485563_1094650984279495_3005763948616886460_o.jpg","_links":{"self":[{"href":"https:\/\/atecordoba.org\/index.php?rest_route=\/wp\/v2\/posts\/25096","targetHints":{"allow":["GET"]}}],"collection":[{"href":"https:\/\/atecordoba.org\/index.php?rest_route=\/wp\/v2\/posts"}],"about":[{"href":"https:\/\/atecordoba.org\/index.php?rest_route=\/wp\/v2\/types\/post"}],"author":[{"embeddable":true,"href":"https:\/\/atecordoba.org\/index.php?rest_route=\/wp\/v2\/users\/3"}],"replies":[{"embeddable":true,"href":"https:\/\/atecordoba.org\/index.php?rest_route=%2Fwp%2Fv2%2Fcomments&post=25096"}],"version-history":[{"count":5,"href":"https:\/\/atecordoba.org\/index.php?rest_route=\/wp\/v2\/posts\/25096\/revisions"}],"predecessor-version":[{"id":25118,"href":"https:\/\/atecordoba.org\/index.php?rest_route=\/wp\/v2\/posts\/25096\/revisions\/25118"}],"wp:featuredmedia":[{"embeddable":true,"href":"https:\/\/atecordoba.org\/index.php?rest_route=\/wp\/v2\/media\/25102"}],"wp:attachment":[{"href":"https:\/\/atecordoba.org\/index.php?rest_route=%2Fwp%2Fv2%2Fmedia&parent=25096"}],"wp:term":[{"taxonomy":"category","embeddable":true,"href":"https:\/\/atecordoba.org\/index.php?rest_route=%2Fwp%2Fv2%2Fcategories&post=25096"},{"taxonomy":"post_tag","embeddable":true,"href":"https:\/\/atecordoba.org\/index.php?rest_route=%2Fwp%2Fv2%2Ftags&post=25096"}],"curies":[{"name":"wp","href":"https:\/\/api.w.org\/{rel}","templated":true}]}}