{"id":25092,"date":"2021-03-29T11:46:45","date_gmt":"2021-03-29T14:46:45","guid":{"rendered":"https:\/\/atecordoba.org\/?p=25092"},"modified":"2021-03-29T11:46:45","modified_gmt":"2021-03-29T14:46:45","slug":"municipales-del-interior-paritarias-en-tres-cuotas-y-aumentos-que-rondan-el-30","status":"publish","type":"post","link":"https:\/\/atecordoba.org\/?p=25092","title":{"rendered":"Municipales del interior: paritarias en tres cuotas y aumentos que rondan el 30%"},"content":{"rendered":"<p>La Asociaci\u00f3n Trabajadores del Estado (ATE) que representa a una parte de los trabajadores municipales del interior provincial viene cerrando acuerdos paritarios en varias localidades y en la mayor\u00eda de los casos \u00e9stos giraron alrededor del 30 por ciento de aumento.<\/p>\n<p>La mec\u00e1nica que prima en los mencionados convenios es el pago en tres tramos y la revisi\u00f3n a mitad de a\u00f1o.<\/p>\n<p>Uno de los \u00faltimos pactos firmados fue el de Sampacho. All\u00ed, las autoridades municipales se reunieron con los delegados paritarios de ATE y acordaron un incremento del 30 por ciento a pagarse en tres tramos: 18 por ciento para el periodo febrero-marzo, 7 por ciento para el tramo mayo-junio y 5 por ciento para el periodo julio-agosto.<\/p>\n<p>A esto se le sum\u00f3 un monto no remunerativo de 3000 pesos, a cobrar entre marzo y agosto, para aquellos trabajadores que cobran entre 20 y 30 mil pesos.<\/p>\n<p>Seg\u00fan informaron las fuentes gremiales, en Quilino se lleg\u00f3 a una pauta similar. En el caso de la localidad norte\u00f1a, los municipales recibir\u00e1n un 30 por ciento de aumento salarial en tres cuotas iguales en marzo, junio y agosto. Sin embargo, como estos aumentos son acumulables \u2013seg\u00fan indicaron\u2013 llegar\u00e1n a un 34 por ciento sobre el b\u00e1sico. En octubre se reabrir\u00e1n las paritarias para analizar la situaci\u00f3n inflacionaria.<\/p>\n<p>Otra de las localidades en donde los municipales lograron incrementar sus salarios es la de San Agust\u00edn. La seccional R\u00edo Tercero de ATE suscribi\u00f3 un acuerdo para los municipales de esa intendencia por el 26 por ciento de aumento, tambi\u00e9n en cuotas.<\/p>\n<p>En una audiencia con el intendente de la localidad de San Agust\u00edn, Iv\u00e1n Ortega, los paritarios negociaron\u00a0 que ese aumento sea hasta julio y se pague \u201c10 por ciento con los haberes de\u00a0 marzo, 3 por ciento con los haberes de abril; 5 por ciento con los haberes de mayo y 5 por ciento con los haberes de julio. Todo esto sumado al 3 por ciento categor\u00edas en febrero a cuenta de adelanto paritario 2021\u201d.<\/p>\n<p>En tanto, en la seccional R\u00edo Cuarto del gremio estatal avanzaron en acuerdos paritarios entre los municipios y trabajadores p\u00fablicos de las localidades de Achiras y Holmberg.<\/p>\n<p>En el primer caso,\u00a0 alcanzaron un incremento salarial del 34 por ciento, elev\u00e1ndose a un acumulativo del 38,25 por ciento.<\/p>\n<p>En cambio, en Santa Catalina de Holmberg se firm\u00f3 un incremento salarial del 15 por ciento hasta junio.<\/p>\n<p><img loading=\"lazy\" decoding=\"async\" class=\"alignnone size-thumbnail wp-image-25093\" src=\"https:\/\/atecordoba.org\/wp-content\/uploads\/2021\/03\/18-03-pedido-reunion-asuntos-municipales_4-350x250-1-150x150.jpg\" alt=\"\" width=\"150\" height=\"150\" srcset=\"https:\/\/atecordoba.org\/wp-content\/uploads\/2021\/03\/18-03-pedido-reunion-asuntos-municipales_4-350x250-1-150x150.jpg 150w, https:\/\/atecordoba.org\/wp-content\/uploads\/2021\/03\/18-03-pedido-reunion-asuntos-municipales_4-350x250-1-75x75.jpg 75w\" sizes=\"auto, (max-width: 150px) 100vw, 150px\" \/> <img loading=\"lazy\" decoding=\"async\" class=\"alignnone size-thumbnail wp-image-25094\" src=\"https:\/\/atecordoba.org\/wp-content\/uploads\/2021\/03\/flyer-municipales-afiliarse-300x300-1-150x150.jpeg\" alt=\"\" width=\"150\" height=\"150\" srcset=\"https:\/\/atecordoba.org\/wp-content\/uploads\/2021\/03\/flyer-municipales-afiliarse-300x300-1-150x150.jpeg 150w, https:\/\/atecordoba.org\/wp-content\/uploads\/2021\/03\/flyer-municipales-afiliarse-300x300-1.jpeg 300w, https:\/\/atecordoba.org\/wp-content\/uploads\/2021\/03\/flyer-municipales-afiliarse-300x300-1-75x75.jpeg 75w\" sizes=\"auto, (max-width: 150px) 100vw, 150px\" \/><\/p>\n<p class=\"SubTitulo\" dir=\"ltr\"><strong>Capital<\/strong><\/p>\n<p dir=\"ltr\">En C\u00f3rdoba capital el Sindicato Uni\u00f3n Obreros y Empleados de la Municipalidad (Suoem) tiene vigente un acuerdo de 23,4 por ciento de incremento firmado en noviembre del a\u00f1o pasado y que corr\u00eda para la paritaria suspendida durante el 2020 luego de meses de conflicto entre el Ejecutivo municipal y el sindicato.<\/p>\n<p dir=\"ltr\">Seg\u00fan explicaron desde el gremio que conduce Beatriz Biolatto \u201ca\u00fan restan cobrar dos sumas fijas que quedaron pendientes de ese acuerdo\u201d. Esas sumas ser\u00e1n para todos los empleados a los que se les redujo la jornada laboral, por lo que quedaron exceptuados los trabajadores de Salud y Educaci\u00f3n.<\/p>\n<p dir=\"ltr\">En abril reci\u00e9n podr\u00e1n sentarse a negociar el tramo de inflaci\u00f3n que se acumul\u00f3 desde noviembre hasta el cuarto mes del 2021 inclusive. \u201cDesde la Municipalidad adelantaron que tomar\u00edan como referencia el \u00cdndice de Precios al Consumidor (IPC) C\u00f3rdoba\u201d, para ese c\u00f3mputo, record\u00f3 una fuente sindical consultada.<\/p>\n<p dir=\"ltr\">\n<p dir=\"ltr\"><strong><em>Fuente La Voz del Interior<\/em><\/strong><\/p>\n","protected":false},"excerpt":{"rendered":"<p>La Asociaci\u00f3n Trabajadores del Estado (ATE) que representa a una parte de los trabajadores municipales del interior provincial viene cerrando acuerdos paritarios en varias localidades y en la mayor\u00eda de los casos \u00e9stos giraron alrededor del 30 por ciento de aumento. La mec\u00e1nica que prima en los mencionados convenios es el pago en tres tramos [&hellip;]<\/p>\n","protected":false},"author":3,"featured_media":25093,"comment_status":"open","ping_status":"open","sticky":false,"template":"","format":"standard","meta":{"_exactmetrics_skip_tracking":false,"_exactmetrics_sitenote_active":false,"_exactmetrics_sitenote_note":"","_exactmetrics_sitenote_category":0,"jnews-multi-image_gallery":[],"jnews_single_post":{"source_name":"","source_url":"","via_name":"","via_url":"","override_template":"0","override":[{"template":"1","single_blog_custom":"","parallax":"1","fullscreen":"0","layout":"right-sidebar","sidebar":"default-sidebar","second_sidebar":"default-sidebar","sticky_sidebar":"1","share_position":"top","share_float_style":"share-monocrhome","show_share_counter":"1","show_view_counter":"1","show_featured":"1","show_post_meta":"1","show_post_author":"1","show_post_author_image":"1","show_post_date":"1","post_date_format":"default","post_date_format_custom":"Y\/m\/d","show_post_category":"1","show_post_reading_time":"0","post_reading_time_wpm":"300","show_zoom_button":"0","zoom_button_out_step":"2","zoom_button_in_step":"3","show_post_tag":"1","show_prev_next_post":"1","show_popup_post":"1","number_popup_post":"1","show_author_box":"0","show_post_related":"0","show_inline_post_related":"0"}],"override_image_size":"0","image_override":[{"single_post_thumbnail_size":"crop-500","single_post_gallery_size":"crop-500"}],"trending_post":"0","trending_post_position":"meta","trending_post_label":"Trending","sponsored_post":"0","sponsored_post_label":"Sponsored by","sponsored_post_name":"","sponsored_post_url":"","sponsored_post_logo_enable":"0","sponsored_post_logo":"","sponsored_post_desc":""},"jnews_primary_category":{"id":""},"jnews_social_meta":{"fb_title":"","fb_description":"","fb_image":"","twitter_title":"","twitter_description":"","twitter_image":""},"jnews_review":[],"enable_review":"0","type":"percentage","name":"","summary":"","brand":"","sku":"","good":[{"good_text":""}],"bad":[{"bad_text":""}],"score_override":"","override_value":"","rating":[{"rating_text":"","rating_number":"10"}],"price":[{"shop":"","price":"","link":"","icon":""}],"jnews_override_counter":{"override_view_counter":"0","view_counter_number":"0","override_share_counter":"0","share_counter_number":"0","override_like_counter":"0","like_counter_number":"0","override_dislike_counter":"0","dislike_counter_number":"0"},"jnews_post_split":{"enable_post_split":"0","post_split":[{"template":"1","tag":"h2","numbering":"asc","mode":"normal"}]},"footnotes":""},"categories":[10,90,341,20],"tags":[],"class_list":["post-25092","post","type-post","status-publish","format-standard","has-post-thumbnail","hentry","category-accion-politica","category-campana","category-cdp","category-municipales"],"jetpack_featured_media_url":"https:\/\/atecordoba.org\/wp-content\/uploads\/2021\/03\/18-03-pedido-reunion-asuntos-municipales_4-350x250-1.jpg","_links":{"self":[{"href":"https:\/\/atecordoba.org\/index.php?rest_route=\/wp\/v2\/posts\/25092","targetHints":{"allow":["GET"]}}],"collection":[{"href":"https:\/\/atecordoba.org\/index.php?rest_route=\/wp\/v2\/posts"}],"about":[{"href":"https:\/\/atecordoba.org\/index.php?rest_route=\/wp\/v2\/types\/post"}],"author":[{"embeddable":true,"href":"https:\/\/atecordoba.org\/index.php?rest_route=\/wp\/v2\/users\/3"}],"replies":[{"embeddable":true,"href":"https:\/\/atecordoba.org\/index.php?rest_route=%2Fwp%2Fv2%2Fcomments&post=25092"}],"version-history":[{"count":1,"href":"https:\/\/atecordoba.org\/index.php?rest_route=\/wp\/v2\/posts\/25092\/revisions"}],"predecessor-version":[{"id":25095,"href":"https:\/\/atecordoba.org\/index.php?rest_route=\/wp\/v2\/posts\/25092\/revisions\/25095"}],"wp:featuredmedia":[{"embeddable":true,"href":"https:\/\/atecordoba.org\/index.php?rest_route=\/wp\/v2\/media\/25093"}],"wp:attachment":[{"href":"https:\/\/atecordoba.org\/index.php?rest_route=%2Fwp%2Fv2%2Fmedia&parent=25092"}],"wp:term":[{"taxonomy":"category","embeddable":true,"href":"https:\/\/atecordoba.org\/index.php?rest_route=%2Fwp%2Fv2%2Fcategories&post=25092"},{"taxonomy":"post_tag","embeddable":true,"href":"https:\/\/atecordoba.org\/index.php?rest_route=%2Fwp%2Fv2%2Ftags&post=25092"}],"curies":[{"name":"wp","href":"https:\/\/api.w.org\/{rel}","templated":true}]}}