{"id":2509,"date":"2013-03-27T15:59:41","date_gmt":"2013-03-27T18:59:41","guid":{"rendered":"http:\/\/www.atecordoba.org\/?p=2509"},"modified":"2013-03-27T15:59:41","modified_gmt":"2013-03-27T18:59:41","slug":"los-trabajadores-deben-tomar-la-salud-laboral-en-sus-propias-manos","status":"publish","type":"post","link":"https:\/\/atecordoba.org\/?p=2509","title":{"rendered":"\u201cLos trabajadores deben tomar la salud laboral en sus propias manos\u201d"},"content":{"rendered":"<p><em>Tras una reuni\u00f3n realizada ayer, el director de Salud Laboral del Consejo Directo Nacional de ATE, Orestes Galeano, explic\u00f3 en C\u00f3rdoba las l\u00edneas de trabajo para mejorar las condiciones de salud e higiene en el \u00e1mbito laboral. Se viene un taller de capacitaci\u00f3n para delegados de toda la provincia.<\/em><\/p>\n<p><a href=\"http:\/\/www.atecordoba.org\/wp-content\/uploads\/2013\/03\/salud-laboral-web1.jpg\"><img loading=\"lazy\" decoding=\"async\" class=\"aligncenter size-full wp-image-2511\" title=\"salud laboral web\" src=\"http:\/\/www.atecordoba.org\/wp-content\/uploads\/2013\/03\/salud-laboral-web1.jpg\" alt=\"\" width=\"653\" height=\"490\" \/><\/a><\/p>\n<p>El lunes pasado distintos compa\u00f1eros de ATE se juntaron con Beto Galeano para comenzar \u00a0a sistematizar y planificar actividades para este a\u00f1o. &#8220;La primera es desarrollar un taller donde podamos abordar los conceptos generales e hist\u00f3ricos y la legislaci\u00f3n que se est\u00e1 aplicando en este momento&#8221;, se\u00f1ala el dirigente de la provincia de Buenos Aires.<\/p>\n<p>La idea es avanzar en un taller de caracter\u00edsticas provinciales donde se junten a los compa\u00f1eros para incentivar m\u00e1s grupos de trabajo como los que ya existen, con la idea que realizar un abordaje con una agenda en com\u00fan. &#8220;Este trabajo se realizar\u00e1 conjuntamente con le ISLyMA -afirma Galeano- porque es un actor fundamental, tanto en la provincia como en el pa\u00eds. Los compa\u00f1eros hicieron un gran aporte a la construcci\u00f3n del proyecto de ley que elaboramos como CTA\u00a0 y que present\u00f3 V\u00edctor de Gennaro en el congreso. Adem\u00e1s, siempre es un lugar de apoyo para toda actividad que se realice.&#8221;<\/p>\n<p><strong>\u00bfCu\u00e1les son las problem\u00e1ticas de la salud laboral en el \u00e1mbito del Estado?<\/strong><\/p>\n<p>Uno de los ejes tiene que ver con la detecci\u00f3n del amianto en los lugares de trabajo y su eliminaci\u00f3n inmediata. Est\u00e1 prohibido su uso desde el 2000 por una resoluci\u00f3n del Ministerio de Salud. En los edificios donde hay calefacci\u00f3n central, tanto en el Estado nacional como provincial y municipal, hay calderas que todav\u00eda tienen amianto, chapones de fibrocemento con amianto, que son altamente peligrosos. Tal es\u00a0as\u00ed\u00a0que no hay concentraciones m\u00e1ximas permitidas, sino que fue directamente prohibido. Por eso hay que poner en observaci\u00f3n a los trabajadores que estuvieron en contacto con el amianto.<\/p>\n<p><strong>\u00bfQu\u00e9 efectos causa?<\/strong><\/p>\n<p>Por sus caracter\u00edsticas, el amianto tiene efectos cancer\u00edgenos con la dificultad que su per\u00edodo ventana es muy largo: encima de los 15 o 20 a\u00f1os, por lo tanto, es muy probable uno de jubile despu\u00e9s surjan los efectos de la exposici\u00f3n, como c\u00e1ncer en las membranas que cubren los pulmones, la membrana del coraz\u00f3n e incluso generando insuficiencias card\u00edacas. Esto est\u00e1 reconocido dentro de las enfermedades profesionales del Estado.<\/p>\n<p><strong>\u00bfQu\u00e9 otra l\u00ednea de trabajo desarrolla en materia de salud e higiene laboral?<\/strong><\/p>\n<p>Adem\u00e1s est\u00e1 el tema del trabajo nocturno, que fue declarado hace dos a\u00f1os por la agencia internacional que recopila el estudio del c\u00e1ncer como posiblemente cancer\u00edgeno. Ya est\u00e1 demostrado en animales por la alteraci\u00f3n de \u00f3rgano citadiano. Estamos proponiendo que la superintendencia lo incorpore como agente de riesgo y se ponga en discusi\u00f3n la organizaci\u00f3n laboral en torno al trabajo nocturno. Es un tema trasversal, que en el caso de los estatales tiene mucho que ver con los compa\u00f1eros de los hospitales pero tambi\u00e9n con todos lo trabajadores que se levantan muy temprano porque entran a las 6 de la ma\u00f1ana y a veces tienen m\u00e1s de dos horas de viaje.<\/p>\n<p><strong>\u00bfC\u00f3mo se abordan las situaciones de stress que sufren los compa\u00f1eros en el lugar de trabajo?<\/strong><\/p>\n<p>Otro tema importante es el sufrimiento en el trabajo, por la carga emocional que tienen todos aquellos compa\u00f1eros que hacen atenci\u00f3n al p\u00fablico en organismos que no dan las respuestas adecuadas a la poblaci\u00f3n. Hablo, desde un hospital hasta el PAMI. Los propios trabajadores sienten el efecto del stress permanente cuando deben estar atendiendo gente cuando no tienen las herramientas necesarias que solucionar las demandas. Todo producto de la carga mental y emocional que sufren.<\/p>\n<p><strong>Son los compa\u00f1eros que ponen la cara en las reparticiones.<\/strong><\/p>\n<p>Exacto, son los que reciben las quejas y los llantos de la gente que necesita soluciones que no llegan.<\/p>\n<p><strong>\u00bfC\u00f3mo reaccionan los funcionarios responsables ante estas demandas de los trabajadores?<\/strong><\/p>\n<p>En el Estado los funcionarios suelen no pagar las consecuencias de la situaci\u00f3n. Por lo tanto, mientras puedan mirar para otro lado, es lo que hacen. Hasta que ten\u00e9s la fuerza suficiente para tomar las medidas que hacen que cambie la situaci\u00f3n. Si los trabajadores no se organizan conscientemente y reclaman lo que tienen que reclamar, poniendo su salud en sus propias manos, se repite el mismo cuadro: miles de compa\u00f1eros que mueren producto de las condiciones y el medio ambiente laboral que contamina a nuestros compa\u00f1eros.<\/p>\n<p><strong>\u00bfPor que act\u00faan as\u00ed las autoridades?<\/strong><\/p>\n<p>Es producto de la ignorancia de los funcionarios o del cortoplacismo que tienen en sus cabezas. Calculan que van a estar un par de a\u00f1os en el cargo, tienen que hacer caja y despu\u00e9s irse a otro lado. Los pa\u00edses que tienen un desarrollo en material de salud y seguridad laboral pierden alrededor de 4% del PBI como costo de las enfermedades laborales. Pero pa\u00edses como el nuestro, que no tienen pol\u00edticas preventivas en salud y seguridad, las p\u00e9rdidas pueden llegar al 10%. Es decir que el conjunto de la sociedad argentina paga porque empresarios y el Estado no hacen lo que tienen que hacer.<\/p>\n<p><strong>Plata que falta para hacer otras cosas necesarias y urgentes. <\/strong><\/p>\n<p>Si baj\u00e1semos del 10 al 4% del PBI ese gasto, se dispondr\u00edan de un capital inmenso para hacer inversiones.<\/p>\n<h3>La Ley de riesgos de trabajo de la CTA<\/h3>\n<p><a href=\"http:\/\/www.atecordoba.org\/wp-content\/uploads\/2013\/03\/beto-galeano.jpg\"><img loading=\"lazy\" decoding=\"async\" class=\"aligncenter size-full wp-image-2512\" title=\"beto galeano\" src=\"http:\/\/www.atecordoba.org\/wp-content\/uploads\/2013\/03\/beto-galeano.jpg\" alt=\"\" width=\"482\" height=\"353\" \/><\/a><a href=\"http:\/\/www.atecordoba.org\/wp-content\/uploads\/2013\/03\/beto-galeano.jpg\"><img loading=\"lazy\" decoding=\"async\" class=\"aligncenter size-full wp-image-2512\" title=\"beto galeano\" src=\"http:\/\/www.atecordoba.org\/wp-content\/uploads\/2013\/03\/beto-galeano.jpg\" alt=\"\" width=\"482\" height=\"353\" \/><\/a><\/p>\n<p><strong>\u00bfSe va a seguir capacitando en el proyecto de ley que llev\u00f3 V\u00edctor al congreso? <\/strong><\/p>\n<p>Por supuesto. Ese proyecto no es letra muerta por lo tanto va a seguir en debate. Es un proyecto que podemos seguir mejorando. Vamos a seguir insistiendo en derogar esa ley en llena los bolsillos de las ART y resta cuidados a los trabajadores.<\/p>\n<p><strong>\u00bfC\u00f3mo se dio el proceso de acumulaci\u00f3n para llevar esta ley al congreso y qu\u00e9 perspectiva le ves para adelante?<\/strong><\/p>\n<p>Para darte una idea del proceso de acumulaci\u00f3n, cuando se sancion\u00f3 la ley de ART, en 1995, no pudimos hacer ni siquiera una movilizaci\u00f3n. Esta vez fue distinto, miles de compa\u00f1eros marchamos al congreso para presentar el proyecto de ley, con la consigna \u2018basta de las ART y basta de muerte en el trabajo\u2019.\u00a0 Pero adem\u00e1s no pudieron venderle espejitos de colores ni a los empresarios, que hoy desconf\u00edan de este proyecto impulsado por el gobierno porque saben que a la larga van a terminar pagando de su bolsillo por los aspectos inconstitucionales de esa ley. Esa norma es economicista pero en el corto plazo, no prev\u00e9 el desarrollo a mediano plazo, cosa que si hac\u00eda nuestra propuesta, mucho m\u00e1s seria porque establece el fin del negocio de la enfermedad y eso tambi\u00e9n es una inversi\u00f3n para los empresarios. Y con un banco de seguros que se haga cargo seguramente las patronales tendr\u00e1n que invertir en prevenci\u00f3n pero dejar\u00e1n de gastar en indemnizaci\u00f3n.<\/p>\n","protected":false},"excerpt":{"rendered":"<p>Tras una reuni\u00f3n realizada ayer, el director de Salud Laboral del Consejo Directo Nacional de ATE, Orestes Galeano, explic\u00f3 en C\u00f3rdoba las l\u00edneas de trabajo para mejorar las condiciones de salud e higiene en el \u00e1mbito laboral. Se viene un taller de capacitaci\u00f3n para delegados de toda la provincia. El lunes pasado distintos compa\u00f1eros de [&hellip;]<\/p>\n","protected":false},"author":1,"featured_media":19220,"comment_status":"open","ping_status":"open","sticky":false,"template":"","format":"standard","meta":{"_exactmetrics_skip_tracking":false,"_exactmetrics_sitenote_active":false,"_exactmetrics_sitenote_note":"","_exactmetrics_sitenote_category":0,"jnews-multi-image_gallery":[],"jnews_single_post":[],"jnews_primary_category":[],"jnews_social_meta":[],"jnews_review":[],"enable_review":"","type":"","name":"","summary":"","brand":"","sku":"","good":[],"bad":[],"score_override":"","override_value":"","rating":[],"price":[],"jnews_override_counter":[],"jnews_post_split":[],"footnotes":""},"categories":[18],"tags":[],"class_list":["post-2509","post","type-post","status-publish","format-standard","has-post-thumbnail","hentry","category-nacionales"],"jetpack_featured_media_url":"https:\/\/atecordoba.org\/wp-content\/uploads\/2020\/05\/logo-nuevochico-e1561581322808.png","_links":{"self":[{"href":"https:\/\/atecordoba.org\/index.php?rest_route=\/wp\/v2\/posts\/2509","targetHints":{"allow":["GET"]}}],"collection":[{"href":"https:\/\/atecordoba.org\/index.php?rest_route=\/wp\/v2\/posts"}],"about":[{"href":"https:\/\/atecordoba.org\/index.php?rest_route=\/wp\/v2\/types\/post"}],"author":[{"embeddable":true,"href":"https:\/\/atecordoba.org\/index.php?rest_route=\/wp\/v2\/users\/1"}],"replies":[{"embeddable":true,"href":"https:\/\/atecordoba.org\/index.php?rest_route=%2Fwp%2Fv2%2Fcomments&post=2509"}],"version-history":[{"count":0,"href":"https:\/\/atecordoba.org\/index.php?rest_route=\/wp\/v2\/posts\/2509\/revisions"}],"wp:featuredmedia":[{"embeddable":true,"href":"https:\/\/atecordoba.org\/index.php?rest_route=\/wp\/v2\/media\/19220"}],"wp:attachment":[{"href":"https:\/\/atecordoba.org\/index.php?rest_route=%2Fwp%2Fv2%2Fmedia&parent=2509"}],"wp:term":[{"taxonomy":"category","embeddable":true,"href":"https:\/\/atecordoba.org\/index.php?rest_route=%2Fwp%2Fv2%2Fcategories&post=2509"},{"taxonomy":"post_tag","embeddable":true,"href":"https:\/\/atecordoba.org\/index.php?rest_route=%2Fwp%2Fv2%2Ftags&post=2509"}],"curies":[{"name":"wp","href":"https:\/\/api.w.org\/{rel}","templated":true}]}}