{"id":25075,"date":"2021-03-26T13:51:00","date_gmt":"2021-03-26T16:51:00","guid":{"rendered":"https:\/\/atecordoba.org\/?p=25075"},"modified":"2021-03-26T15:40:52","modified_gmt":"2021-03-26T18:40:52","slug":"ate-logra-otra-reincorporacion-en-la-cnrt","status":"publish","type":"post","link":"https:\/\/atecordoba.org\/?p=25075","title":{"rendered":"ATE C\u00f3rdoba logra otra reincorporaci\u00f3n en la CNRT"},"content":{"rendered":"<p><a href=\"https:\/\/atecordoba.org\/wp-content\/uploads\/2021\/03\/26-03-reincorporacion-CNRT.jpg\"><img loading=\"lazy\" decoding=\"async\" class=\"alignleft wp-image-25082\" src=\"https:\/\/atecordoba.org\/wp-content\/uploads\/2021\/03\/26-03-reincorporacion-CNRT-169x300.jpg\" alt=\"\" width=\"210\" height=\"373\" srcset=\"https:\/\/atecordoba.org\/wp-content\/uploads\/2021\/03\/26-03-reincorporacion-CNRT-169x300.jpg 169w, https:\/\/atecordoba.org\/wp-content\/uploads\/2021\/03\/26-03-reincorporacion-CNRT-576x1024.jpg 576w, https:\/\/atecordoba.org\/wp-content\/uploads\/2021\/03\/26-03-reincorporacion-CNRT.jpg 720w\" sizes=\"auto, (max-width: 210px) 100vw, 210px\" \/><\/a>Hoy fue el primer d\u00eda de la nueva etapa del compa\u00f1ero Daniel Gambuza en la Comisi\u00f3n Nacional de Regulaci\u00f3n del Transporte (CNRT) cuando marc\u00f3 ingreso para iniciar su jornada laboral, despu\u00e9s de haber estado tres a\u00f1os despedido,\u00a0 a ra\u00edz del ajuste que en 2018 el gobierno macrista impuso en el organismo.<\/p>\n<p>&#8220;Es una alegr\u00eda volver a mis puesto de trabajo despu\u00e9s de haber sido despedido sin causa, injustamente, junto con otro compa\u00f1eros que \u00e9ramos los dos con m\u00e1s antig\u00fcedad de la delegaci\u00f3n en C\u00f3rdoba&#8221;, explic\u00f3 Gambuza.<\/p>\n<p>El compa\u00f1ero la pas\u00f3 feo como resultado del despido, debi\u00f3 buscarse cualquier trabajo eventual par sostener a su familia que incluye un hijo discapacitado. &#8220;Me fui a trabajar al campo, muy endeudado, y reci\u00e9n \u00faltimamente estaba pudiendo levantar cabeza despu\u00e9s de tres a\u00f1os. Pero como me garr\u00f3 la pandemia en el campo estuve como cuatro meses sin ver a mi familia. Todo fue muy doloroso&#8221;, explic\u00f3 el trabajador.<\/p>\n<p>Gambuza tuvo palabras de agradecimiento para ATE por haber gestionado su reincorporaci\u00f3n. &#8220;Tanto a los compa\u00f1eros de Buenos Aires como para Federico Giuliani, del CDP C\u00f3rdoba. Sin la gesti\u00f3n que hicieron nada de esto ser\u00eda posible&#8221;, concluy\u00f3.<\/p>\n<p><strong>Corredma<\/strong><\/p>\n<p>En tal sentido, Giuliani destac\u00f3 la importancia que contar con organizaci\u00f3n sindical para avanzar en las reincorporaciones de los despedidos del macrismo.<\/p>\n<p>&#8220;Desde ATE tomamos la definici\u00f3n pol\u00edtica de dar vuelta los miles de despedidos del gobierno nefasto de Macri y reincorporar a las y los compa\u00f1eros v\u00edctimas del ajuste. por Eso impulsamos la creaci\u00f3n de la CORREDMA (Comisi\u00f3n de Relevamiento y Reincorporaci\u00f3n de los trabajadores y trabajadoras estatales despedidos en la era Macri), creemos que la lucha colectiva es fundamental para alcanzar las metas que nos pusimos&#8221;, dijo el dirigente.<\/p>\n","protected":false},"excerpt":{"rendered":"<p>Hoy fue el primer d\u00eda de la nueva etapa del compa\u00f1ero Daniel Gambuza en la Comisi\u00f3n Nacional de Regulaci\u00f3n del Transporte (CNRT) cuando marc\u00f3 ingreso para iniciar su jornada laboral, despu\u00e9s de haber estado tres a\u00f1os despedido,\u00a0 a ra\u00edz del ajuste que en 2018 el gobierno macrista impuso en el organismo. &#8220;Es una alegr\u00eda volver [&hellip;]<\/p>\n","protected":false},"author":7,"featured_media":25082,"comment_status":"open","ping_status":"open","sticky":true,"template":"","format":"standard","meta":{"_exactmetrics_skip_tracking":false,"_exactmetrics_sitenote_active":false,"_exactmetrics_sitenote_note":"","_exactmetrics_sitenote_category":0,"jnews-multi-image_gallery":[],"jnews_single_post":{"source_name":"","source_url":"","via_name":"","via_url":"","override_template":"0","override":[{"template":"1","single_blog_custom":"","parallax":"1","fullscreen":"0","layout":"right-sidebar","sidebar":"default-sidebar","second_sidebar":"default-sidebar","sticky_sidebar":"1","share_position":"top","share_float_style":"share-monocrhome","show_share_counter":"1","show_view_counter":"1","show_featured":"1","show_post_meta":"1","show_post_author":"1","show_post_author_image":"1","show_post_date":"1","post_date_format":"default","post_date_format_custom":"Y\/m\/d","show_post_category":"1","show_post_reading_time":"0","post_reading_time_wpm":"300","show_zoom_button":"0","zoom_button_out_step":"2","zoom_button_in_step":"3","show_post_tag":"1","show_prev_next_post":"1","show_popup_post":"1","number_popup_post":"1","show_author_box":"0","show_post_related":"0","show_inline_post_related":"0"}],"override_image_size":"0","image_override":[{"single_post_thumbnail_size":"crop-500","single_post_gallery_size":"crop-500"}],"trending_post":"0","trending_post_position":"meta","trending_post_label":"Trending","sponsored_post":"0","sponsored_post_label":"Sponsored by","sponsored_post_name":"","sponsored_post_url":"","sponsored_post_logo_enable":"0","sponsored_post_logo":"","sponsored_post_desc":""},"jnews_primary_category":{"id":""},"jnews_social_meta":{"fb_title":"","fb_description":"","fb_image":"","twitter_title":"","twitter_description":"","twitter_image":""},"jnews_review":[],"enable_review":"0","type":"percentage","name":"","summary":"","brand":"","sku":"","good":[{"good_text":""}],"bad":[{"bad_text":""}],"score_override":"","override_value":"","rating":[{"rating_text":"","rating_number":"10"}],"price":[{"shop":"","price":"","link":"","icon":""}],"jnews_override_counter":{"override_view_counter":"0","view_counter_number":"0","override_share_counter":"0","share_counter_number":"0","override_like_counter":"0","like_counter_number":"0","override_dislike_counter":"0","dislike_counter_number":"0"},"jnews_post_split":{"enable_post_split":"0","post_split":[{"template":"1","tag":"h2","numbering":"asc","mode":"normal"}]},"footnotes":""},"categories":[341,18],"tags":[793],"class_list":["post-25075","post","type-post","status-publish","format-standard","has-post-thumbnail","hentry","category-cdp","category-nacionales","tag-cnrt"],"jetpack_featured_media_url":"https:\/\/atecordoba.org\/wp-content\/uploads\/2021\/03\/26-03-reincorporacion-CNRT.jpg","_links":{"self":[{"href":"https:\/\/atecordoba.org\/index.php?rest_route=\/wp\/v2\/posts\/25075","targetHints":{"allow":["GET"]}}],"collection":[{"href":"https:\/\/atecordoba.org\/index.php?rest_route=\/wp\/v2\/posts"}],"about":[{"href":"https:\/\/atecordoba.org\/index.php?rest_route=\/wp\/v2\/types\/post"}],"author":[{"embeddable":true,"href":"https:\/\/atecordoba.org\/index.php?rest_route=\/wp\/v2\/users\/7"}],"replies":[{"embeddable":true,"href":"https:\/\/atecordoba.org\/index.php?rest_route=%2Fwp%2Fv2%2Fcomments&post=25075"}],"version-history":[{"count":4,"href":"https:\/\/atecordoba.org\/index.php?rest_route=\/wp\/v2\/posts\/25075\/revisions"}],"predecessor-version":[{"id":25085,"href":"https:\/\/atecordoba.org\/index.php?rest_route=\/wp\/v2\/posts\/25075\/revisions\/25085"}],"wp:featuredmedia":[{"embeddable":true,"href":"https:\/\/atecordoba.org\/index.php?rest_route=\/wp\/v2\/media\/25082"}],"wp:attachment":[{"href":"https:\/\/atecordoba.org\/index.php?rest_route=%2Fwp%2Fv2%2Fmedia&parent=25075"}],"wp:term":[{"taxonomy":"category","embeddable":true,"href":"https:\/\/atecordoba.org\/index.php?rest_route=%2Fwp%2Fv2%2Fcategories&post=25075"},{"taxonomy":"post_tag","embeddable":true,"href":"https:\/\/atecordoba.org\/index.php?rest_route=%2Fwp%2Fv2%2Ftags&post=25075"}],"curies":[{"name":"wp","href":"https:\/\/api.w.org\/{rel}","templated":true}]}}