{"id":25071,"date":"2021-03-26T09:32:12","date_gmt":"2021-03-26T12:32:12","guid":{"rendered":"https:\/\/atecordoba.org\/?p=25071"},"modified":"2021-03-26T09:32:12","modified_gmt":"2021-03-26T12:32:12","slug":"ate-alcanzo-un-26-de-aumento-salarial-en-san-agustin-para-el-primer-semestre-de-2021","status":"publish","type":"post","link":"https:\/\/atecordoba.org\/?p=25071","title":{"rendered":"ATE alcanz\u00f3 un 26% de aumento salarial en San Agust\u00edn para el primer semestre de 2021"},"content":{"rendered":"<figure id=\"attachment_25073\" aria-describedby=\"caption-attachment-25073\" style=\"width: 600px\" class=\"wp-caption aligncenter\"><img loading=\"lazy\" decoding=\"async\" class=\"wp-image-25073\" src=\"https:\/\/atecordoba.org\/wp-content\/uploads\/2021\/03\/WhatsApp-Image-2021-03-26-at-08.37.33-300x225.jpeg\" alt=\"\" width=\"600\" height=\"450\" srcset=\"https:\/\/atecordoba.org\/wp-content\/uploads\/2021\/03\/WhatsApp-Image-2021-03-26-at-08.37.33-300x225.jpeg 300w, https:\/\/atecordoba.org\/wp-content\/uploads\/2021\/03\/WhatsApp-Image-2021-03-26-at-08.37.33-1024x768.jpeg 1024w, https:\/\/atecordoba.org\/wp-content\/uploads\/2021\/03\/WhatsApp-Image-2021-03-26-at-08.37.33-768x576.jpeg 768w, https:\/\/atecordoba.org\/wp-content\/uploads\/2021\/03\/WhatsApp-Image-2021-03-26-at-08.37.33-750x563.jpeg 750w, https:\/\/atecordoba.org\/wp-content\/uploads\/2021\/03\/WhatsApp-Image-2021-03-26-at-08.37.33-1140x855.jpeg 1140w, https:\/\/atecordoba.org\/wp-content\/uploads\/2021\/03\/WhatsApp-Image-2021-03-26-at-08.37.33.jpeg 1280w\" sizes=\"auto, (max-width: 600px) 100vw, 600px\" \/><figcaption id=\"caption-attachment-25073\" class=\"wp-caption-text\">Albornoz, encabezando la delegaci\u00f3n de ATE, junto al intendente Ortega.<\/figcaption><\/figure>\n<p>En una audiencia mantenida con el intendente de la localidad de San Agust\u00edn, Iv\u00e1n Ortega, la Seccional ATE R\u00edo Tercero acord\u00f3 un aumento salarial del 26% hasta julio.<\/p>\n<p>En la nueva mesa de relaciones laborales participaron en representaci\u00f3n de las y los municipales del sector\u00a0el secretario General, Dami\u00e1n Albornoz, el secretario Gremial, David Salto, el prosecretario Gremial, Roberto Sosa, y el delegado V\u00edctor Tisera.<\/p>\n<p>La recomposici\u00f3n se estructura en tramos, con un incremento del sueldo b\u00e1sico del 10% con los haberes de\u00a0 marzo, 3% con los haberes de abril, 5% con los haberes de mayo y 5% con los haberes de julio, todo esto sumado al 3% categor\u00edas en febrero a cuenta de adelanto paritario 2021.<\/p>\n<p>En la oportunidad, tambi\u00e9n se acord\u00f3 un proceso de recategorizaciones por funci\u00f3n espec\u00edfica como as\u00ed tambi\u00e9n para las categor\u00edas y salarios iniciales, al tiempo que se estableci\u00f3 un cronograma de pases a planta permanente y nuevas contrataciones de trabajadores.<\/p>\n<p>&nbsp;<\/p>\n<p>Ante la solicitud del sindicato tambi\u00e9n se acord\u00f3 la normalizaci\u00f3n de un concepto no remunerativo del 12% percibido desde el 2018 a partir del segundo semestre del 2021.<\/p>\n<p>Las partes acordaron reunirse la primera semana de agosto para retomar las negociaciones salariales de acuerdo a los \u00edndices inflacionarios.<\/p>\n<p>&nbsp;<\/p>\n<p>Participaron de la reuni\u00f3n el Secretario General Damian Albornoz, el Secretario Gremial David Salto, el Prosecretario<\/p>\n<p>Gremial Roberto Sosa, el delegado del sector Victor Tisera y el Intendente de la Municipalidad de San Agustin Ivan Ortega.<\/p>\n","protected":false},"excerpt":{"rendered":"<p>En una audiencia mantenida con el intendente de la localidad de San Agust\u00edn, Iv\u00e1n Ortega, la Seccional ATE R\u00edo Tercero acord\u00f3 un aumento salarial del 26% hasta julio. En la nueva mesa de relaciones laborales participaron en representaci\u00f3n de las y los municipales del sector\u00a0el secretario General, Dami\u00e1n Albornoz, el secretario Gremial, David Salto, el [&hellip;]<\/p>\n","protected":false},"author":7,"featured_media":25073,"comment_status":"open","ping_status":"open","sticky":true,"template":"","format":"standard","meta":{"_exactmetrics_skip_tracking":false,"_exactmetrics_sitenote_active":false,"_exactmetrics_sitenote_note":"","_exactmetrics_sitenote_category":0,"jnews-multi-image_gallery":[],"jnews_single_post":{"source_name":"","source_url":"","via_name":"","via_url":"","override_template":"0","override":[{"template":"1","single_blog_custom":"","parallax":"1","fullscreen":"0","layout":"right-sidebar","sidebar":"default-sidebar","second_sidebar":"default-sidebar","sticky_sidebar":"1","share_position":"top","share_float_style":"share-monocrhome","show_share_counter":"1","show_view_counter":"1","show_featured":"1","show_post_meta":"1","show_post_author":"1","show_post_author_image":"1","show_post_date":"1","post_date_format":"default","post_date_format_custom":"Y\/m\/d","show_post_category":"1","show_post_reading_time":"0","post_reading_time_wpm":"300","show_zoom_button":"0","zoom_button_out_step":"2","zoom_button_in_step":"3","show_post_tag":"1","show_prev_next_post":"1","show_popup_post":"1","number_popup_post":"1","show_author_box":"0","show_post_related":"0","show_inline_post_related":"0"}],"override_image_size":"0","image_override":[{"single_post_thumbnail_size":"crop-500","single_post_gallery_size":"crop-500"}],"trending_post":"0","trending_post_position":"meta","trending_post_label":"Trending","sponsored_post":"0","sponsored_post_label":"Sponsored by","sponsored_post_name":"","sponsored_post_url":"","sponsored_post_logo_enable":"0","sponsored_post_logo":"","sponsored_post_desc":""},"jnews_primary_category":{"id":""},"jnews_social_meta":{"fb_title":"","fb_description":"","fb_image":"","twitter_title":"","twitter_description":"","twitter_image":""},"jnews_review":[],"enable_review":"0","type":"percentage","name":"","summary":"","brand":"","sku":"","good":[{"good_text":""}],"bad":[{"bad_text":""}],"score_override":"","override_value":"","rating":[{"rating_text":"","rating_number":"10"}],"price":[{"shop":"","price":"","link":"","icon":""}],"jnews_override_counter":{"override_view_counter":"0","view_counter_number":"0","override_share_counter":"0","share_counter_number":"0","override_like_counter":"0","like_counter_number":"0","override_dislike_counter":"0","dislike_counter_number":"0"},"jnews_post_split":{"enable_post_split":"0","post_split":[{"template":"1","tag":"h2","numbering":"asc","mode":"normal"}]},"footnotes":""},"categories":[20,13],"tags":[445],"class_list":["post-25071","post","type-post","status-publish","format-standard","has-post-thumbnail","hentry","category-municipales","category-rio-tercero","tag-san-agustin"],"jetpack_featured_media_url":"https:\/\/atecordoba.org\/wp-content\/uploads\/2021\/03\/WhatsApp-Image-2021-03-26-at-08.37.33.jpeg","_links":{"self":[{"href":"https:\/\/atecordoba.org\/index.php?rest_route=\/wp\/v2\/posts\/25071","targetHints":{"allow":["GET"]}}],"collection":[{"href":"https:\/\/atecordoba.org\/index.php?rest_route=\/wp\/v2\/posts"}],"about":[{"href":"https:\/\/atecordoba.org\/index.php?rest_route=\/wp\/v2\/types\/post"}],"author":[{"embeddable":true,"href":"https:\/\/atecordoba.org\/index.php?rest_route=\/wp\/v2\/users\/7"}],"replies":[{"embeddable":true,"href":"https:\/\/atecordoba.org\/index.php?rest_route=%2Fwp%2Fv2%2Fcomments&post=25071"}],"version-history":[{"count":1,"href":"https:\/\/atecordoba.org\/index.php?rest_route=\/wp\/v2\/posts\/25071\/revisions"}],"predecessor-version":[{"id":25074,"href":"https:\/\/atecordoba.org\/index.php?rest_route=\/wp\/v2\/posts\/25071\/revisions\/25074"}],"wp:featuredmedia":[{"embeddable":true,"href":"https:\/\/atecordoba.org\/index.php?rest_route=\/wp\/v2\/media\/25073"}],"wp:attachment":[{"href":"https:\/\/atecordoba.org\/index.php?rest_route=%2Fwp%2Fv2%2Fmedia&parent=25071"}],"wp:term":[{"taxonomy":"category","embeddable":true,"href":"https:\/\/atecordoba.org\/index.php?rest_route=%2Fwp%2Fv2%2Fcategories&post=25071"},{"taxonomy":"post_tag","embeddable":true,"href":"https:\/\/atecordoba.org\/index.php?rest_route=%2Fwp%2Fv2%2Ftags&post=25071"}],"curies":[{"name":"wp","href":"https:\/\/api.w.org\/{rel}","templated":true}]}}