{"id":25067,"date":"2021-03-26T09:19:57","date_gmt":"2021-03-26T12:19:57","guid":{"rendered":"https:\/\/atecordoba.org\/?p=25067"},"modified":"2021-03-26T09:19:57","modified_gmt":"2021-03-26T12:19:57","slug":"la-seccional-rio-cuarto-avanza-con-acuerdo-salariales-en-achiras-y-holmberg","status":"publish","type":"post","link":"https:\/\/atecordoba.org\/?p=25067","title":{"rendered":"La Seccional R\u00edo Cuarto avanza con acuerdo salariales en Achiras y Holmberg"},"content":{"rendered":"<figure id=\"attachment_25068\" aria-describedby=\"caption-attachment-25068\" style=\"width: 604px\" class=\"wp-caption aligncenter\"><img loading=\"lazy\" decoding=\"async\" class=\"wp-image-25068\" src=\"https:\/\/atecordoba.org\/wp-content\/uploads\/2021\/03\/achiras-300x135.jpeg\" alt=\"\" width=\"604\" height=\"272\" srcset=\"https:\/\/atecordoba.org\/wp-content\/uploads\/2021\/03\/achiras-300x135.jpeg 300w, https:\/\/atecordoba.org\/wp-content\/uploads\/2021\/03\/achiras-1024x461.jpeg 1024w, https:\/\/atecordoba.org\/wp-content\/uploads\/2021\/03\/achiras-768x346.jpeg 768w, https:\/\/atecordoba.org\/wp-content\/uploads\/2021\/03\/achiras-1536x691.jpeg 1536w, https:\/\/atecordoba.org\/wp-content\/uploads\/2021\/03\/achiras-750x338.jpeg 750w, https:\/\/atecordoba.org\/wp-content\/uploads\/2021\/03\/achiras-1140x513.jpeg 1140w, https:\/\/atecordoba.org\/wp-content\/uploads\/2021\/03\/achiras.jpeg 1600w\" sizes=\"auto, (max-width: 604px) 100vw, 604px\" \/><figcaption id=\"caption-attachment-25068\" class=\"wp-caption-text\">Rafaela Alcoba, junto a las autoridades municipales de Achiras.<\/figcaption><\/figure>\n<p>Ayer, la Seccional R\u00edo Cuarto arrib\u00f3 a sendos acuerdos de aumentos salariales para las y los trabajadores municipales de las localidades de Achiras y Holmberg.<\/p>\n<p>En el primer caso, ATE alcanz\u00f3 un acuerdo que establece un incremento salarial del 34%, elev\u00e1ndose a un acumulativo del 38.25%.<\/p>\n<p>&#8220;Gran logro para las y los trabajadores de este municipio&#8221;, apunt\u00f3 la secretaria General de ATE R\u00edo Cuarto, Rafaela Alcoba.<\/p>\n<figure id=\"attachment_25069\" aria-describedby=\"caption-attachment-25069\" style=\"width: 476px\" class=\"wp-caption alignright\"><img loading=\"lazy\" decoding=\"async\" class=\"wp-image-25069\" src=\"https:\/\/atecordoba.org\/wp-content\/uploads\/2021\/03\/holmberg-2-300x225.jpeg\" alt=\"\" width=\"476\" height=\"357\" srcset=\"https:\/\/atecordoba.org\/wp-content\/uploads\/2021\/03\/holmberg-2-300x225.jpeg 300w, https:\/\/atecordoba.org\/wp-content\/uploads\/2021\/03\/holmberg-2-1024x768.jpeg 1024w, https:\/\/atecordoba.org\/wp-content\/uploads\/2021\/03\/holmberg-2-768x576.jpeg 768w, https:\/\/atecordoba.org\/wp-content\/uploads\/2021\/03\/holmberg-2-750x563.jpeg 750w, https:\/\/atecordoba.org\/wp-content\/uploads\/2021\/03\/holmberg-2.jpeg 1040w\" sizes=\"auto, (max-width: 476px) 100vw, 476px\" \/><figcaption id=\"caption-attachment-25069\" class=\"wp-caption-text\">ATE R\u00edo Cuarto, con el intendente Negro de Holmberg.<\/figcaption><\/figure>\n<p>La dirigente adelant\u00f3 que &#8220;tambi\u00e9n solicitamos la incorporaci\u00f3n de la licencia por violencia de g\u00e9nero y el cumplimiento del cupo por discapacidad. Estos dos \u00faltimos temas quedaron como \u00edtems a evaluar en una pr\u00f3xima instancia&#8221;.<\/p>\n<p>Por otro lado, en el marco de la recorrida por los municipios en donde ATE R\u00edo Cuarto es paritario para dar inicio a las mesas salariales, ayer se firm\u00f3 un incremento salarial del 15% hasta junio para las y los trabajadores municipales de Santa Catalina de Holmberg.<\/p>\n<p>En la audiencia participaron Rafaela Alcoba, junto al secretario de Finanzas de la seccional, Pablo Irusta, el secretario de Finanzas, Mauricio Maccio, y el delegado gremial Sergio De Haes. En tanto, en representaci\u00f3n del Ejecutivo Municipal estuvo presente el Intendente Miguel Negro.<\/p>\n<p>Las partes se volver\u00e1n a reunir en junio para analizar nuevos puntos de discusi\u00f3n y problem\u00e1ticas de las y los compa\u00f1eros.<\/p>\n","protected":false},"excerpt":{"rendered":"<p>Ayer, la Seccional R\u00edo Cuarto arrib\u00f3 a sendos acuerdos de aumentos salariales para las y los trabajadores municipales de las localidades de Achiras y Holmberg. En el primer caso, ATE alcanz\u00f3 un acuerdo que establece un incremento salarial del 34%, elev\u00e1ndose a un acumulativo del 38.25%. &#8220;Gran logro para las y los trabajadores de este [&hellip;]<\/p>\n","protected":false},"author":7,"featured_media":25068,"comment_status":"open","ping_status":"open","sticky":true,"template":"","format":"standard","meta":{"_exactmetrics_skip_tracking":false,"_exactmetrics_sitenote_active":false,"_exactmetrics_sitenote_note":"","_exactmetrics_sitenote_category":0,"jnews-multi-image_gallery":[],"jnews_single_post":{"source_name":"","source_url":"","via_name":"","via_url":"","override_template":"0","override":[{"template":"1","single_blog_custom":"","parallax":"1","fullscreen":"0","layout":"right-sidebar","sidebar":"default-sidebar","second_sidebar":"default-sidebar","sticky_sidebar":"1","share_position":"top","share_float_style":"share-monocrhome","show_share_counter":"1","show_view_counter":"1","show_featured":"1","show_post_meta":"1","show_post_author":"1","show_post_author_image":"1","show_post_date":"1","post_date_format":"default","post_date_format_custom":"Y\/m\/d","show_post_category":"1","show_post_reading_time":"0","post_reading_time_wpm":"300","show_zoom_button":"0","zoom_button_out_step":"2","zoom_button_in_step":"3","show_post_tag":"1","show_prev_next_post":"1","show_popup_post":"1","number_popup_post":"1","show_author_box":"0","show_post_related":"0","show_inline_post_related":"0"}],"override_image_size":"0","image_override":[{"single_post_thumbnail_size":"crop-500","single_post_gallery_size":"crop-500"}],"trending_post":"0","trending_post_position":"meta","trending_post_label":"Trending","sponsored_post":"0","sponsored_post_label":"Sponsored by","sponsored_post_name":"","sponsored_post_url":"","sponsored_post_logo_enable":"0","sponsored_post_logo":"","sponsored_post_desc":""},"jnews_primary_category":{"id":""},"jnews_social_meta":{"fb_title":"","fb_description":"","fb_image":"","twitter_title":"","twitter_description":"","twitter_image":""},"jnews_review":[],"enable_review":"0","type":"percentage","name":"","summary":"","brand":"","sku":"","good":[{"good_text":""}],"bad":[{"bad_text":""}],"score_override":"","override_value":"","rating":[{"rating_text":"","rating_number":"10"}],"price":[{"shop":"","price":"","link":"","icon":""}],"jnews_override_counter":{"override_view_counter":"0","view_counter_number":"0","override_share_counter":"0","share_counter_number":"0","override_like_counter":"0","like_counter_number":"0","override_dislike_counter":"0","dislike_counter_number":"0"},"jnews_post_split":{"enable_post_split":"0","post_split":[{"template":"1","tag":"h2","numbering":"asc","mode":"normal"}]},"footnotes":""},"categories":[20,12],"tags":[792,622],"class_list":["post-25067","post","type-post","status-publish","format-standard","has-post-thumbnail","hentry","category-municipales","category-rio-cuarto","tag-achiras","tag-holmberg"],"jetpack_featured_media_url":"https:\/\/atecordoba.org\/wp-content\/uploads\/2021\/03\/achiras.jpeg","_links":{"self":[{"href":"https:\/\/atecordoba.org\/index.php?rest_route=\/wp\/v2\/posts\/25067","targetHints":{"allow":["GET"]}}],"collection":[{"href":"https:\/\/atecordoba.org\/index.php?rest_route=\/wp\/v2\/posts"}],"about":[{"href":"https:\/\/atecordoba.org\/index.php?rest_route=\/wp\/v2\/types\/post"}],"author":[{"embeddable":true,"href":"https:\/\/atecordoba.org\/index.php?rest_route=\/wp\/v2\/users\/7"}],"replies":[{"embeddable":true,"href":"https:\/\/atecordoba.org\/index.php?rest_route=%2Fwp%2Fv2%2Fcomments&post=25067"}],"version-history":[{"count":1,"href":"https:\/\/atecordoba.org\/index.php?rest_route=\/wp\/v2\/posts\/25067\/revisions"}],"predecessor-version":[{"id":25070,"href":"https:\/\/atecordoba.org\/index.php?rest_route=\/wp\/v2\/posts\/25067\/revisions\/25070"}],"wp:featuredmedia":[{"embeddable":true,"href":"https:\/\/atecordoba.org\/index.php?rest_route=\/wp\/v2\/media\/25068"}],"wp:attachment":[{"href":"https:\/\/atecordoba.org\/index.php?rest_route=%2Fwp%2Fv2%2Fmedia&parent=25067"}],"wp:term":[{"taxonomy":"category","embeddable":true,"href":"https:\/\/atecordoba.org\/index.php?rest_route=%2Fwp%2Fv2%2Fcategories&post=25067"},{"taxonomy":"post_tag","embeddable":true,"href":"https:\/\/atecordoba.org\/index.php?rest_route=%2Fwp%2Fv2%2Ftags&post=25067"}],"curies":[{"name":"wp","href":"https:\/\/api.w.org\/{rel}","templated":true}]}}