{"id":25056,"date":"2021-03-25T13:29:38","date_gmt":"2021-03-25T16:29:38","guid":{"rendered":"https:\/\/atecordoba.org\/?p=25056"},"modified":"2021-03-25T13:29:38","modified_gmt":"2021-03-25T16:29:38","slug":"sampacho-paritaria-salarial-del-30-para-2021","status":"publish","type":"post","link":"https:\/\/atecordoba.org\/?p=25056","title":{"rendered":"Sampacho: paritaria salarial del 30% para 2021"},"content":{"rendered":"<p><img loading=\"lazy\" decoding=\"async\" class=\" wp-image-25057 aligncenter\" src=\"https:\/\/atecordoba.org\/wp-content\/uploads\/2021\/03\/sampacho-cartel-300x169.jpg\" alt=\"\" width=\"601\" height=\"339\" srcset=\"https:\/\/atecordoba.org\/wp-content\/uploads\/2021\/03\/sampacho-cartel-300x169.jpg 300w, https:\/\/atecordoba.org\/wp-content\/uploads\/2021\/03\/sampacho-cartel.jpg 640w\" sizes=\"auto, (max-width: 601px) 100vw, 601px\" \/>El pasado lunes 22 de marzo se llev\u00f3 a cabo un acuerdo paritario en la localidad de Sampacho, entre ATE y el Ejecutivo municipal, que constituye una recomposici\u00f3n salarial del 30% para las y los trabajadores del sector en 2021.<\/p>\n<p>En la oportunidad, el intendente Flavio Ju\u00e1rez suscribi\u00f3 el acuerdo con las y los delegados de ATE Karina Ortiz, Deolinda Caballero, Roberto Baudino, junto al secretario\u00a0 Gremial de la Seccional Adelia Mar\u00eda, Mariano Baudino.<\/p>\n<p>Adem\u00e1s, a ese porcentaje, que se pagar\u00e1 en tres tramos de 18% para el periodo febrero-marzo, 7% para el tramo mayo-junio y 5% para el periodo julio-agosto,\u00a0 se suma una suma no remunerativa de 3000 pesos, a cobrar entre marzo y agosto, para aquellos trabajadores y trabajadoras que cobran entre 20 y 30 mil pesos.<\/p>\n<p>Por \u00faltimo, qued\u00f3 conformada una Mesa de Relaciones Laborales para abordar las problem\u00e1ticas referidas a tareas insalubres y riesgosas.<\/p>\n<p>&nbsp;<\/p>\n","protected":false},"excerpt":{"rendered":"<p>El pasado lunes 22 de marzo se llev\u00f3 a cabo un acuerdo paritario en la localidad de Sampacho, entre ATE y el Ejecutivo municipal, que constituye una recomposici\u00f3n salarial del 30% para las y los trabajadores del sector en 2021. En la oportunidad, el intendente Flavio Ju\u00e1rez suscribi\u00f3 el acuerdo con las y los delegados [&hellip;]<\/p>\n","protected":false},"author":7,"featured_media":25057,"comment_status":"open","ping_status":"open","sticky":true,"template":"","format":"standard","meta":{"_exactmetrics_skip_tracking":false,"_exactmetrics_sitenote_active":false,"_exactmetrics_sitenote_note":"","_exactmetrics_sitenote_category":0,"jnews-multi-image_gallery":[],"jnews_single_post":{"source_name":"","source_url":"","via_name":"","via_url":"","override_template":"0","override":[{"template":"1","single_blog_custom":"","parallax":"1","fullscreen":"0","layout":"right-sidebar","sidebar":"default-sidebar","second_sidebar":"default-sidebar","sticky_sidebar":"1","share_position":"top","share_float_style":"share-monocrhome","show_share_counter":"1","show_view_counter":"1","show_featured":"1","show_post_meta":"1","show_post_author":"1","show_post_author_image":"1","show_post_date":"1","post_date_format":"default","post_date_format_custom":"Y\/m\/d","show_post_category":"1","show_post_reading_time":"0","post_reading_time_wpm":"300","show_zoom_button":"0","zoom_button_out_step":"2","zoom_button_in_step":"3","show_post_tag":"1","show_prev_next_post":"1","show_popup_post":"1","number_popup_post":"1","show_author_box":"0","show_post_related":"0","show_inline_post_related":"0"}],"override_image_size":"0","image_override":[{"single_post_thumbnail_size":"crop-500","single_post_gallery_size":"crop-500"}],"trending_post":"0","trending_post_position":"meta","trending_post_label":"Trending","sponsored_post":"0","sponsored_post_label":"Sponsored by","sponsored_post_name":"","sponsored_post_url":"","sponsored_post_logo_enable":"0","sponsored_post_logo":"","sponsored_post_desc":""},"jnews_primary_category":{"id":""},"jnews_social_meta":{"fb_title":"","fb_description":"","fb_image":"","twitter_title":"","twitter_description":"","twitter_image":""},"jnews_review":[],"enable_review":"0","type":"percentage","name":"","summary":"","brand":"","sku":"","good":[{"good_text":""}],"bad":[{"bad_text":""}],"score_override":"","override_value":"","rating":[{"rating_text":"","rating_number":"10"}],"price":[{"shop":"","price":"","link":"","icon":""}],"jnews_override_counter":{"override_view_counter":"0","view_counter_number":"0","override_share_counter":"0","share_counter_number":"0","override_like_counter":"0","like_counter_number":"0","override_dislike_counter":"0","dislike_counter_number":"0"},"jnews_post_split":{"enable_post_split":"0","post_split":[{"template":"1","tag":"h2","numbering":"asc","mode":"normal"}]},"footnotes":""},"categories":[149,20],"tags":[621],"class_list":["post-25056","post","type-post","status-publish","format-standard","has-post-thumbnail","hentry","category-adelia-maria","category-municipales","tag-sampacho"],"jetpack_featured_media_url":"https:\/\/atecordoba.org\/wp-content\/uploads\/2021\/03\/sampacho-cartel.jpg","_links":{"self":[{"href":"https:\/\/atecordoba.org\/index.php?rest_route=\/wp\/v2\/posts\/25056","targetHints":{"allow":["GET"]}}],"collection":[{"href":"https:\/\/atecordoba.org\/index.php?rest_route=\/wp\/v2\/posts"}],"about":[{"href":"https:\/\/atecordoba.org\/index.php?rest_route=\/wp\/v2\/types\/post"}],"author":[{"embeddable":true,"href":"https:\/\/atecordoba.org\/index.php?rest_route=\/wp\/v2\/users\/7"}],"replies":[{"embeddable":true,"href":"https:\/\/atecordoba.org\/index.php?rest_route=%2Fwp%2Fv2%2Fcomments&post=25056"}],"version-history":[{"count":1,"href":"https:\/\/atecordoba.org\/index.php?rest_route=\/wp\/v2\/posts\/25056\/revisions"}],"predecessor-version":[{"id":25058,"href":"https:\/\/atecordoba.org\/index.php?rest_route=\/wp\/v2\/posts\/25056\/revisions\/25058"}],"wp:featuredmedia":[{"embeddable":true,"href":"https:\/\/atecordoba.org\/index.php?rest_route=\/wp\/v2\/media\/25057"}],"wp:attachment":[{"href":"https:\/\/atecordoba.org\/index.php?rest_route=%2Fwp%2Fv2%2Fmedia&parent=25056"}],"wp:term":[{"taxonomy":"category","embeddable":true,"href":"https:\/\/atecordoba.org\/index.php?rest_route=%2Fwp%2Fv2%2Fcategories&post=25056"},{"taxonomy":"post_tag","embeddable":true,"href":"https:\/\/atecordoba.org\/index.php?rest_route=%2Fwp%2Fv2%2Ftags&post=25056"}],"curies":[{"name":"wp","href":"https:\/\/api.w.org\/{rel}","templated":true}]}}