{"id":25055,"date":"2021-03-25T15:17:31","date_gmt":"2021-03-25T18:17:31","guid":{"rendered":"https:\/\/atecordoba.org\/?p=25055"},"modified":"2021-03-25T15:22:16","modified_gmt":"2021-03-25T18:22:16","slug":"24-m-dia-de-la-memoria-emotivo-homenaje-a-las-y-los-companeros-de-santa-maria-de-punilla","status":"publish","type":"post","link":"https:\/\/atecordoba.org\/?p=25055","title":{"rendered":"24 M D\u00eda de la Memoria: emotivo homenaje a las y los compa\u00f1eros de Santa Mar\u00eda de Punilla"},"content":{"rendered":"<p><img loading=\"lazy\" decoding=\"async\" class=\" wp-image-25059 aligncenter\" src=\"https:\/\/atecordoba.org\/wp-content\/uploads\/2021\/03\/WhatsApp-Image-2021-03-25-at-09.30.49-2-300x169.jpeg\" alt=\"\" width=\"600\" height=\"338\" srcset=\"https:\/\/atecordoba.org\/wp-content\/uploads\/2021\/03\/WhatsApp-Image-2021-03-25-at-09.30.49-2-300x169.jpeg 300w, https:\/\/atecordoba.org\/wp-content\/uploads\/2021\/03\/WhatsApp-Image-2021-03-25-at-09.30.49-2-1024x576.jpeg 1024w, https:\/\/atecordoba.org\/wp-content\/uploads\/2021\/03\/WhatsApp-Image-2021-03-25-at-09.30.49-2-768x432.jpeg 768w, https:\/\/atecordoba.org\/wp-content\/uploads\/2021\/03\/WhatsApp-Image-2021-03-25-at-09.30.49-2-750x422.jpeg 750w, https:\/\/atecordoba.org\/wp-content\/uploads\/2021\/03\/WhatsApp-Image-2021-03-25-at-09.30.49-2-1140x641.jpeg 1140w, https:\/\/atecordoba.org\/wp-content\/uploads\/2021\/03\/WhatsApp-Image-2021-03-25-at-09.30.49-2.jpeg 1280w\" sizes=\"auto, (max-width: 600px) 100vw, 600px\" \/>En un emotivo acto organizado por el Consejo Directivo Provincial,\u00a0 ATE C\u00f3rdoba homenaje\u00f3 a las y los compa\u00f1eros de la seccional Santa Mar\u00eda de Punilla.<\/p>\n<p><img loading=\"lazy\" decoding=\"async\" class=\" wp-image-25060 alignright\" src=\"https:\/\/atecordoba.org\/wp-content\/uploads\/2021\/03\/WhatsApp-Image-2021-03-25-at-09.30.49-1-300x215.jpeg\" alt=\"\" width=\"500\" height=\"358\" srcset=\"https:\/\/atecordoba.org\/wp-content\/uploads\/2021\/03\/WhatsApp-Image-2021-03-25-at-09.30.49-1-300x215.jpeg 300w, https:\/\/atecordoba.org\/wp-content\/uploads\/2021\/03\/WhatsApp-Image-2021-03-25-at-09.30.49-1-120x86.jpeg 120w, https:\/\/atecordoba.org\/wp-content\/uploads\/2021\/03\/WhatsApp-Image-2021-03-25-at-09.30.49-1-350x250.jpeg 350w, https:\/\/atecordoba.org\/wp-content\/uploads\/2021\/03\/WhatsApp-Image-2021-03-25-at-09.30.49-1.jpeg 680w\" sizes=\"auto, (max-width: 500px) 100vw, 500px\" \/>Se trata de la conducci\u00f3n de dicha seccional, cuyo centro de acci\u00f3n se situaba en el hospital psiqui\u00e1trico Colonia Santa Mar\u00eda de Punilla, que fue \u00edntegramente secuestrada el 26 de mayo de 1976 por la dictadura militar. Las y los compa\u00f1eros estuvieron desaparecidos en el centro clandestino Campo de la Rivera y posteriormente &#8216;blanqueados&#8217; cuando fueron trasladados, tras sufrir torturas y vejaciones de distintos tipo, a la Penitenciar\u00eda de Barrio San Mart\u00edn. En algunos casos su calvario prosigui\u00f3 con la presi\u00f3n en c\u00e1rceles de otros puntos de pa\u00eds, como Sierra Chica.<\/p>\n<p>Este suceso hab\u00eda quedado en el olvido hasta que fue rescatado para la memoria en 2009, cuando se realiz\u00f3 <a href=\"https:\/\/youtu.be\/N7ee7ENxjb0\">un documental que registr\u00f3 los testimonios de algunos de los protagonistas de aquellos tiempos<\/a>, reflejando no solo lo que signific\u00f3 el secuestro pasivo de dirigentes sindicales, trabajadores y trabajadores, as\u00ed como la cesant\u00eda masiva del personal, sino tambi\u00e9n todo el proceso terap\u00e9utico de avanzada que se implement\u00f3 en la primera mitad de la d\u00e9cada del &#8217;70 en el centro de salud.<\/p>\n<p><img loading=\"lazy\" decoding=\"async\" class=\" wp-image-25061 alignleft\" src=\"https:\/\/atecordoba.org\/wp-content\/uploads\/2021\/03\/WhatsApp-Image-2021-03-25-at-09.30.50-1-300x169.jpeg\" alt=\"\" width=\"515\" height=\"290\" srcset=\"https:\/\/atecordoba.org\/wp-content\/uploads\/2021\/03\/WhatsApp-Image-2021-03-25-at-09.30.50-1-300x169.jpeg 300w, https:\/\/atecordoba.org\/wp-content\/uploads\/2021\/03\/WhatsApp-Image-2021-03-25-at-09.30.50-1-1024x576.jpeg 1024w, https:\/\/atecordoba.org\/wp-content\/uploads\/2021\/03\/WhatsApp-Image-2021-03-25-at-09.30.50-1-768x432.jpeg 768w, https:\/\/atecordoba.org\/wp-content\/uploads\/2021\/03\/WhatsApp-Image-2021-03-25-at-09.30.50-1-750x422.jpeg 750w, https:\/\/atecordoba.org\/wp-content\/uploads\/2021\/03\/WhatsApp-Image-2021-03-25-at-09.30.50-1-1140x641.jpeg 1140w, https:\/\/atecordoba.org\/wp-content\/uploads\/2021\/03\/WhatsApp-Image-2021-03-25-at-09.30.50-1.jpeg 1280w\" sizes=\"auto, (max-width: 515px) 100vw, 515px\" \/>El conversatorio abord\u00f3 la historia de estos compa\u00f1eros y compa\u00f1eras, y conto con la presencia de la conducci\u00f3n de ATE C\u00f3rdoba desde la sede de nuestro gremio, que previamente plante\u00f3 tres arboles en el edificio en representaci\u00f3n de los 30 mil desaparecidos de la dictadura c\u00edvico-militar-eclesi\u00e1stica que asol\u00f3 nuestro pa\u00eds a partir de 1976.<\/p>\n<p>El secretario General de ATE C\u00f3rdoba, Federico Giuliani, destac\u00f3 que el homenaje &#8220;es el camino para construir memoria hist\u00f3rica, pero siempre reivindicando que las y los compa\u00f1eros que hoy est\u00e1n desaparecidos, que fueron exiliados o encarcelados en las mazmorras del r\u00e9gimen, eran dirigentes, eran cuadros pol\u00edticos.\u00a0 Alrededor de 7 de cada 10 eran trabajadores pero tambi\u00e9n activistas, delegados de comisiones internas, eran secretarios generales, parte de las conducciones de cada uno de los sindicatos&#8221;.<\/p>\n<p><img loading=\"lazy\" decoding=\"async\" class=\" wp-image-25062 alignright\" src=\"https:\/\/atecordoba.org\/wp-content\/uploads\/2021\/03\/WhatsApp-Image-2021-03-25-at-09.30.51-300x169.jpeg\" alt=\"\" width=\"553\" height=\"312\" srcset=\"https:\/\/atecordoba.org\/wp-content\/uploads\/2021\/03\/WhatsApp-Image-2021-03-25-at-09.30.51-300x169.jpeg 300w, https:\/\/atecordoba.org\/wp-content\/uploads\/2021\/03\/WhatsApp-Image-2021-03-25-at-09.30.51-1024x576.jpeg 1024w, https:\/\/atecordoba.org\/wp-content\/uploads\/2021\/03\/WhatsApp-Image-2021-03-25-at-09.30.51-768x432.jpeg 768w, https:\/\/atecordoba.org\/wp-content\/uploads\/2021\/03\/WhatsApp-Image-2021-03-25-at-09.30.51-750x422.jpeg 750w, https:\/\/atecordoba.org\/wp-content\/uploads\/2021\/03\/WhatsApp-Image-2021-03-25-at-09.30.51-1140x641.jpeg 1140w, https:\/\/atecordoba.org\/wp-content\/uploads\/2021\/03\/WhatsApp-Image-2021-03-25-at-09.30.51.jpeg 1280w\" sizes=\"auto, (max-width: 553px) 100vw, 553px\" \/>Y agreg\u00f3 que &#8220;para nosotros como trabajadores del Estado (la dictadura) tambi\u00e9n signific\u00f3 claramente el achicamiento del Estado de aquel momento, para pasar de tener un Estado al servicio de las mayor\u00edas populares que en aquel momento garantizaba el fifty-fifty en la distribuci\u00f3n de la riqueza en Argentina, pasamos a un Estado chico al servicio de las minor\u00edas concentradas, como lo plante\u00f3 el nefasto Mart\u00ednez de Hoz en su discurso de 1976&#8221;.<\/p>\n<p>En ese marco, el dirigente alent\u00f3 a no olvidar que m\u00e1s all\u00e1 de del brazo ejecutor que fueron los militares &#8220;hubo empresarios, grupos eclesi\u00e1sticos, grupos dl sector pol\u00edtico, que no solo apoyaron el golpe sino que fueron los autores intelectuales del mismo. Y que\u00a0 en nuestra C\u00f3rdoba siguen caminando por las calles, siguen gobernando y siguen teniendo el poder&#8221;.<\/p>\n<p><img loading=\"lazy\" decoding=\"async\" class=\" wp-image-25063 alignleft\" src=\"https:\/\/atecordoba.org\/wp-content\/uploads\/2021\/03\/WhatsApp-Image-2021-03-25-at-09.30.48-300x216.jpeg\" alt=\"\" width=\"485\" height=\"349\" srcset=\"https:\/\/atecordoba.org\/wp-content\/uploads\/2021\/03\/WhatsApp-Image-2021-03-25-at-09.30.48-300x216.jpeg 300w, https:\/\/atecordoba.org\/wp-content\/uploads\/2021\/03\/WhatsApp-Image-2021-03-25-at-09.30.48-120x86.jpeg 120w, https:\/\/atecordoba.org\/wp-content\/uploads\/2021\/03\/WhatsApp-Image-2021-03-25-at-09.30.48.jpeg 676w\" sizes=\"auto, (max-width: 485px) 100vw, 485px\" \/>Posteriormente, el realizador del documental Guillermo Posada cont\u00f3 como fue el desarrollo del material f\u00edlmico, el psiquiatra Mart\u00edn Cagnani -que form\u00f3 parte de la producci\u00f3n de La Colonia- avanz\u00f3 sobre el contexto hist\u00f3rico y como impact\u00f3 en la psiquiatr\u00eda haciendo foco en el compromiso de las y los trabajadores en la salud mental de los pacientes; seguidamente Sonia Garc\u00eda, hija del dirigente de ATE Julio Garc\u00eda cont\u00f3 el impacto que tuvo en su familia la desaparici\u00f3n de su padre -posteriormente blanqueado y detenido como preso pol\u00edtico-, y de la misma forma Mariana Brandalice -hija del dirigente de ATE Carlos Brandalice- cont\u00f3 como vivi\u00f3 su padre aquellos sucesos que derivaron en sufrir un a\u00f1o de c\u00e1rcel. Mariana es, adem\u00e1s, dirigente gremial del sindicato docente en el Valle de Punilla e integrante de la Comisi\u00f3n de la Memoria de Cosqu\u00edn.<\/p>\n<p>Por \u00faltimo, Carlos Carranza hizo un recorrido de la historia, desde el comienzo de su participaci\u00f3n en el activismo gremial en la seccional, los conflictos sindicales que encabez\u00f3, el secuestro de 1976 y el recordatorio de muchos de las y los compa\u00f1eros que sufrieron en carne propia la dictadura.<\/p>\n<p><img loading=\"lazy\" decoding=\"async\" class=\" wp-image-25064 aligncenter\" src=\"https:\/\/atecordoba.org\/wp-content\/uploads\/2021\/03\/WhatsApp-Image-2021-03-25-at-09.30.50-300x169.jpeg\" alt=\"\" width=\"501\" height=\"282\" srcset=\"https:\/\/atecordoba.org\/wp-content\/uploads\/2021\/03\/WhatsApp-Image-2021-03-25-at-09.30.50-300x169.jpeg 300w, https:\/\/atecordoba.org\/wp-content\/uploads\/2021\/03\/WhatsApp-Image-2021-03-25-at-09.30.50-1024x576.jpeg 1024w, https:\/\/atecordoba.org\/wp-content\/uploads\/2021\/03\/WhatsApp-Image-2021-03-25-at-09.30.50-768x432.jpeg 768w, https:\/\/atecordoba.org\/wp-content\/uploads\/2021\/03\/WhatsApp-Image-2021-03-25-at-09.30.50-750x422.jpeg 750w, https:\/\/atecordoba.org\/wp-content\/uploads\/2021\/03\/WhatsApp-Image-2021-03-25-at-09.30.50-1140x641.jpeg 1140w, https:\/\/atecordoba.org\/wp-content\/uploads\/2021\/03\/WhatsApp-Image-2021-03-25-at-09.30.50.jpeg 1280w\" sizes=\"auto, (max-width: 501px) 100vw, 501px\" \/><\/p>\n<p>Se trat\u00f3 en conjunto de una jornada muy emotiva donde ATE reivindic\u00f3 desde lo simb\u00f3lico pero tambi\u00e9n poniendo el cuerpo a las y los estatales de Santa Mar\u00eda de Punilla que dejaron bien en alto la dignidad de la clase trabajadora. Y que por eso fueron perseguidos por la dictadura.<\/p>\n<p>Los interesados en ver la charla completa pueden <a href=\"https:\/\/www.facebook.com\/atecba\/videos\/942280703191419\">ingresar aqu\u00ed<\/a>.<\/p>\n<p>&nbsp;<\/p>\n<p>&nbsp;<\/p>\n<p>&nbsp;<\/p>\n","protected":false},"excerpt":{"rendered":"<p>En un emotivo acto organizado por el Consejo Directivo Provincial,\u00a0 ATE C\u00f3rdoba homenaje\u00f3 a las y los compa\u00f1eros de la seccional Santa Mar\u00eda de Punilla. Se trata de la conducci\u00f3n de dicha seccional, cuyo centro de acci\u00f3n se situaba en el hospital psiqui\u00e1trico Colonia Santa Mar\u00eda de Punilla, que fue \u00edntegramente secuestrada el 26 de [&hellip;]<\/p>\n","protected":false},"author":7,"featured_media":25059,"comment_status":"open","ping_status":"open","sticky":true,"template":"","format":"standard","meta":{"_exactmetrics_skip_tracking":false,"_exactmetrics_sitenote_active":false,"_exactmetrics_sitenote_note":"","_exactmetrics_sitenote_category":0,"jnews-multi-image_gallery":[],"jnews_single_post":{"source_name":"","source_url":"","via_name":"","via_url":"","override_template":"0","override":[{"template":"1","single_blog_custom":"","parallax":"1","fullscreen":"0","layout":"right-sidebar","sidebar":"default-sidebar","second_sidebar":"default-sidebar","sticky_sidebar":"1","share_position":"top","share_float_style":"share-monocrhome","show_share_counter":"1","show_view_counter":"1","show_featured":"1","show_post_meta":"1","show_post_author":"1","show_post_author_image":"1","show_post_date":"1","post_date_format":"default","post_date_format_custom":"Y\/m\/d","show_post_category":"1","show_post_reading_time":"0","post_reading_time_wpm":"300","show_zoom_button":"0","zoom_button_out_step":"2","zoom_button_in_step":"3","show_post_tag":"1","show_prev_next_post":"1","show_popup_post":"1","number_popup_post":"1","show_author_box":"0","show_post_related":"0","show_inline_post_related":"0"}],"override_image_size":"0","image_override":[{"single_post_thumbnail_size":"crop-500","single_post_gallery_size":"crop-500"}],"trending_post":"0","trending_post_position":"meta","trending_post_label":"Trending","sponsored_post":"0","sponsored_post_label":"Sponsored by","sponsored_post_name":"","sponsored_post_url":"","sponsored_post_logo_enable":"0","sponsored_post_logo":"","sponsored_post_desc":""},"jnews_primary_category":{"id":""},"jnews_social_meta":{"fb_title":"","fb_description":"","fb_image":"","twitter_title":"","twitter_description":"","twitter_image":""},"jnews_review":[],"enable_review":"0","type":"percentage","name":"","summary":"","brand":"","sku":"","good":[{"good_text":""}],"bad":[{"bad_text":""}],"score_override":"","override_value":"","rating":[{"rating_text":"","rating_number":"10"}],"price":[{"shop":"","price":"","link":"","icon":""}],"jnews_override_counter":{"override_view_counter":"0","view_counter_number":"0","override_share_counter":"0","share_counter_number":"0","override_like_counter":"0","like_counter_number":"0","override_dislike_counter":"0","dislike_counter_number":"0"},"jnews_post_split":{"enable_post_split":"0","post_split":[{"template":"1","tag":"h2","numbering":"asc","mode":"normal"}]},"footnotes":""},"categories":[122],"tags":[791],"class_list":["post-25055","post","type-post","status-publish","format-standard","has-post-thumbnail","hentry","category-ddhh","tag-24-de-marzo"],"jetpack_featured_media_url":"https:\/\/atecordoba.org\/wp-content\/uploads\/2021\/03\/WhatsApp-Image-2021-03-25-at-09.30.49-2.jpeg","_links":{"self":[{"href":"https:\/\/atecordoba.org\/index.php?rest_route=\/wp\/v2\/posts\/25055","targetHints":{"allow":["GET"]}}],"collection":[{"href":"https:\/\/atecordoba.org\/index.php?rest_route=\/wp\/v2\/posts"}],"about":[{"href":"https:\/\/atecordoba.org\/index.php?rest_route=\/wp\/v2\/types\/post"}],"author":[{"embeddable":true,"href":"https:\/\/atecordoba.org\/index.php?rest_route=\/wp\/v2\/users\/7"}],"replies":[{"embeddable":true,"href":"https:\/\/atecordoba.org\/index.php?rest_route=%2Fwp%2Fv2%2Fcomments&post=25055"}],"version-history":[{"count":2,"href":"https:\/\/atecordoba.org\/index.php?rest_route=\/wp\/v2\/posts\/25055\/revisions"}],"predecessor-version":[{"id":25066,"href":"https:\/\/atecordoba.org\/index.php?rest_route=\/wp\/v2\/posts\/25055\/revisions\/25066"}],"wp:featuredmedia":[{"embeddable":true,"href":"https:\/\/atecordoba.org\/index.php?rest_route=\/wp\/v2\/media\/25059"}],"wp:attachment":[{"href":"https:\/\/atecordoba.org\/index.php?rest_route=%2Fwp%2Fv2%2Fmedia&parent=25055"}],"wp:term":[{"taxonomy":"category","embeddable":true,"href":"https:\/\/atecordoba.org\/index.php?rest_route=%2Fwp%2Fv2%2Fcategories&post=25055"},{"taxonomy":"post_tag","embeddable":true,"href":"https:\/\/atecordoba.org\/index.php?rest_route=%2Fwp%2Fv2%2Ftags&post=25055"}],"curies":[{"name":"wp","href":"https:\/\/api.w.org\/{rel}","templated":true}]}}