{"id":25052,"date":"2021-03-25T12:27:17","date_gmt":"2021-03-25T15:27:17","guid":{"rendered":"https:\/\/atecordoba.org\/?p=25052"},"modified":"2021-03-25T12:27:17","modified_gmt":"2021-03-25T15:27:17","slug":"senaf-avanza-la-relacion-institucional-tras-audiencia-con-autoridades-del-organismo","status":"publish","type":"post","link":"https:\/\/atecordoba.org\/?p=25052","title":{"rendered":"Senaf: avanza la relaci\u00f3n institucional tras audiencia con autoridades del organismo"},"content":{"rendered":"<figure id=\"attachment_25053\" aria-describedby=\"caption-attachment-25053\" style=\"width: 600px\" class=\"wp-caption aligncenter\"><img loading=\"lazy\" decoding=\"async\" class=\"wp-image-25053\" src=\"https:\/\/atecordoba.org\/wp-content\/uploads\/2021\/03\/WhatsApp-Image-2021-03-25-at-11.32.18-300x169.jpeg\" alt=\"\" width=\"600\" height=\"338\" srcset=\"https:\/\/atecordoba.org\/wp-content\/uploads\/2021\/03\/WhatsApp-Image-2021-03-25-at-11.32.18-300x169.jpeg 300w, https:\/\/atecordoba.org\/wp-content\/uploads\/2021\/03\/WhatsApp-Image-2021-03-25-at-11.32.18-1024x576.jpeg 1024w, https:\/\/atecordoba.org\/wp-content\/uploads\/2021\/03\/WhatsApp-Image-2021-03-25-at-11.32.18-768x432.jpeg 768w, https:\/\/atecordoba.org\/wp-content\/uploads\/2021\/03\/WhatsApp-Image-2021-03-25-at-11.32.18-750x422.jpeg 750w, https:\/\/atecordoba.org\/wp-content\/uploads\/2021\/03\/WhatsApp-Image-2021-03-25-at-11.32.18-1140x641.jpeg 1140w, https:\/\/atecordoba.org\/wp-content\/uploads\/2021\/03\/WhatsApp-Image-2021-03-25-at-11.32.18.jpeg 1280w\" sizes=\"auto, (max-width: 600px) 100vw, 600px\" \/><figcaption id=\"caption-attachment-25053\" class=\"wp-caption-text\">Virginia Ayala y C\u00e9sar Theaux, en el ingreso de la Senaf.<\/figcaption><\/figure>\n<p>Hoy se concret\u00f3 una reuni\u00f3n en la Secretaria de Ni\u00f1ez, Adolescencia y Familia (Senaf) entre una delegaci\u00f3n de\u00a0 ATE, integrada por el secretario de Formaci\u00f3n, C\u00e9sar Theaux y la delegada del sector Virginia Ayala, y el secretario del organismo, Federico Robledo.<\/p>\n<p>En la oportunidad, el funcionario provincial ratific\u00f3 el compromiso de reincorporar a la trabajadora Itat\u00ed C\u00e1ceres, que est\u00e1 demorado hasta que se habilite el cupo para poder darle ingreso.<\/p>\n<p>Al mismo tiempo, se acord\u00f3 conformar una Mesa de Relaciones Laborales para atender &#8220;los dem\u00e1s reclamos que el sector viene elevando hace tiempo en cuanto a lo laboral, como lo referido al \u2018trabajo espejo\u2019 o el contexto de la pandemia para realizar las tareas propias del sector, as\u00ed como las propuestas de ATE para llevar adelante en el tratamiento en la Senaf de los j\u00f3venes en conflicto con la ley penal, a los fines de reincorporarlos a la vida normal por medio de actividades deportivas e instituciones barriales&#8221;, explic\u00f3 Theaux al salir de la audiencia.<\/p>\n<p>Qued\u00f3 pendiente una nueva reuni\u00f3n en dos semanas para seguir avanzando con el resto de la agenda pendiente.<\/p>\n","protected":false},"excerpt":{"rendered":"<p>Hoy se concret\u00f3 una reuni\u00f3n en la Secretaria de Ni\u00f1ez, Adolescencia y Familia (Senaf) entre una delegaci\u00f3n de\u00a0 ATE, integrada por el secretario de Formaci\u00f3n, C\u00e9sar Theaux y la delegada del sector Virginia Ayala, y el secretario del organismo, Federico Robledo. En la oportunidad, el funcionario provincial ratific\u00f3 el compromiso de reincorporar a la trabajadora [&hellip;]<\/p>\n","protected":false},"author":7,"featured_media":25053,"comment_status":"open","ping_status":"open","sticky":true,"template":"","format":"standard","meta":{"_exactmetrics_skip_tracking":false,"_exactmetrics_sitenote_active":false,"_exactmetrics_sitenote_note":"","_exactmetrics_sitenote_category":0,"jnews-multi-image_gallery":[],"jnews_single_post":{"source_name":"","source_url":"","via_name":"","via_url":"","override_template":"0","override":[{"template":"1","single_blog_custom":"","parallax":"1","fullscreen":"0","layout":"right-sidebar","sidebar":"default-sidebar","second_sidebar":"default-sidebar","sticky_sidebar":"1","share_position":"top","share_float_style":"share-monocrhome","show_share_counter":"1","show_view_counter":"1","show_featured":"1","show_post_meta":"1","show_post_author":"1","show_post_author_image":"1","show_post_date":"1","post_date_format":"default","post_date_format_custom":"Y\/m\/d","show_post_category":"1","show_post_reading_time":"0","post_reading_time_wpm":"300","show_zoom_button":"0","zoom_button_out_step":"2","zoom_button_in_step":"3","show_post_tag":"1","show_prev_next_post":"1","show_popup_post":"1","number_popup_post":"1","show_author_box":"0","show_post_related":"0","show_inline_post_related":"0"}],"override_image_size":"0","image_override":[{"single_post_thumbnail_size":"crop-500","single_post_gallery_size":"crop-500"}],"trending_post":"0","trending_post_position":"meta","trending_post_label":"Trending","sponsored_post":"0","sponsored_post_label":"Sponsored by","sponsored_post_name":"","sponsored_post_url":"","sponsored_post_logo_enable":"0","sponsored_post_logo":"","sponsored_post_desc":""},"jnews_primary_category":{"id":""},"jnews_social_meta":{"fb_title":"","fb_description":"","fb_image":"","twitter_title":"","twitter_description":"","twitter_image":""},"jnews_review":[],"enable_review":"0","type":"percentage","name":"","summary":"","brand":"","sku":"","good":[{"good_text":""}],"bad":[{"bad_text":""}],"score_override":"","override_value":"","rating":[{"rating_text":"","rating_number":"10"}],"price":[{"shop":"","price":"","link":"","icon":""}],"jnews_override_counter":{"override_view_counter":"0","view_counter_number":"0","override_share_counter":"0","share_counter_number":"0","override_like_counter":"0","like_counter_number":"0","override_dislike_counter":"0","dislike_counter_number":"0"},"jnews_post_split":{"enable_post_split":"0","post_split":[{"template":"1","tag":"h2","numbering":"asc","mode":"normal"}]},"footnotes":""},"categories":[8],"tags":[457],"class_list":["post-25052","post","type-post","status-publish","format-standard","has-post-thumbnail","hentry","category-provinciales","tag-senaf"],"jetpack_featured_media_url":"https:\/\/atecordoba.org\/wp-content\/uploads\/2021\/03\/WhatsApp-Image-2021-03-25-at-11.32.18.jpeg","_links":{"self":[{"href":"https:\/\/atecordoba.org\/index.php?rest_route=\/wp\/v2\/posts\/25052","targetHints":{"allow":["GET"]}}],"collection":[{"href":"https:\/\/atecordoba.org\/index.php?rest_route=\/wp\/v2\/posts"}],"about":[{"href":"https:\/\/atecordoba.org\/index.php?rest_route=\/wp\/v2\/types\/post"}],"author":[{"embeddable":true,"href":"https:\/\/atecordoba.org\/index.php?rest_route=\/wp\/v2\/users\/7"}],"replies":[{"embeddable":true,"href":"https:\/\/atecordoba.org\/index.php?rest_route=%2Fwp%2Fv2%2Fcomments&post=25052"}],"version-history":[{"count":1,"href":"https:\/\/atecordoba.org\/index.php?rest_route=\/wp\/v2\/posts\/25052\/revisions"}],"predecessor-version":[{"id":25054,"href":"https:\/\/atecordoba.org\/index.php?rest_route=\/wp\/v2\/posts\/25052\/revisions\/25054"}],"wp:featuredmedia":[{"embeddable":true,"href":"https:\/\/atecordoba.org\/index.php?rest_route=\/wp\/v2\/media\/25053"}],"wp:attachment":[{"href":"https:\/\/atecordoba.org\/index.php?rest_route=%2Fwp%2Fv2%2Fmedia&parent=25052"}],"wp:term":[{"taxonomy":"category","embeddable":true,"href":"https:\/\/atecordoba.org\/index.php?rest_route=%2Fwp%2Fv2%2Fcategories&post=25052"},{"taxonomy":"post_tag","embeddable":true,"href":"https:\/\/atecordoba.org\/index.php?rest_route=%2Fwp%2Fv2%2Ftags&post=25052"}],"curies":[{"name":"wp","href":"https:\/\/api.w.org\/{rel}","templated":true}]}}