{"id":25041,"date":"2021-03-25T10:43:20","date_gmt":"2021-03-25T13:43:20","guid":{"rendered":"https:\/\/atecordoba.org\/?p=25041"},"modified":"2021-03-25T11:20:29","modified_gmt":"2021-03-25T14:20:29","slug":"tras-la-lucha-de-ate-se-logro-la-reincorporacion-de-una-trabajadora-en-pami-rio-cuarto","status":"publish","type":"post","link":"https:\/\/atecordoba.org\/?p=25041","title":{"rendered":"Tras la lucha de ATE se logr\u00f3 la reincorporaci\u00f3n de una trabajadora en PAMI R\u00edo Cuarto"},"content":{"rendered":"<p><img loading=\"lazy\" decoding=\"async\" class=\" wp-image-25042 aligncenter\" src=\"https:\/\/atecordoba.org\/wp-content\/uploads\/2021\/03\/PAMI-RIO-4-300x225.jpg\" alt=\"\" width=\"556\" height=\"417\" srcset=\"https:\/\/atecordoba.org\/wp-content\/uploads\/2021\/03\/PAMI-RIO-4-300x225.jpg 300w, https:\/\/atecordoba.org\/wp-content\/uploads\/2021\/03\/PAMI-RIO-4.jpg 512w\" sizes=\"auto, (max-width: 556px) 100vw, 556px\" \/>Despu\u00e9s de realizar asambleas y protestas durante todo enero, y a partir de gestiones a nivel nacional que realiz\u00f3 la seccional ATE R\u00edo Cuarto, se logr\u00f3 la reincorporaci\u00f3n de una trabajadora despedida de PAMI, que hab\u00eda sufrido la no renovaci\u00f3n de su contrato en diciembre pasado, configurando un despido encubierto.<\/p>\n<p>&#8220;La compa\u00f1era se incorpor\u00f3 a sus funciones a partir del d\u00eda de hoy, logro que para nuestro sindicato es un pilar esencial: la defensa de los puestos de trabajo&#8221;, se\u00f1al\u00f3 Rafaela Alcoba, secretario General de ATE R\u00edo Cuarto.<\/p>\n<p>Seg\u00fan relat\u00f3 la secretaria de prensa de la seccional, Aldana Rodr\u00edguez, la trabajadora llevaba cinco a\u00f1os contratada, la \u00fanica en esa condici\u00f3n en la UGL (Unidades de Gesti\u00f3n Local), y cobrar\u00e1 los salarios retroactivos a enero.<\/p>\n<figure id=\"attachment_25047\" aria-describedby=\"caption-attachment-25047\" style=\"width: 272px\" class=\"wp-caption aligncenter\"><img loading=\"lazy\" decoding=\"async\" class=\"wp-image-25047\" src=\"https:\/\/atecordoba.org\/wp-content\/uploads\/2021\/03\/nadia-birgoff-225x300.jpg\" alt=\"\" width=\"272\" height=\"363\" srcset=\"https:\/\/atecordoba.org\/wp-content\/uploads\/2021\/03\/nadia-birgoff-225x300.jpg 225w, https:\/\/atecordoba.org\/wp-content\/uploads\/2021\/03\/nadia-birgoff.jpg 539w\" sizes=\"auto, (max-width: 272px) 100vw, 272px\" \/><figcaption id=\"caption-attachment-25047\" class=\"wp-caption-text\">Nadia Belgoff recuper\u00f3 hoy su puesto de trabajo.<\/figcaption><\/figure>\n","protected":false},"excerpt":{"rendered":"<p>Despu\u00e9s de realizar asambleas y protestas durante todo enero, y a partir de gestiones a nivel nacional que realiz\u00f3 la seccional ATE R\u00edo Cuarto, se logr\u00f3 la reincorporaci\u00f3n de una trabajadora despedida de PAMI, que hab\u00eda sufrido la no renovaci\u00f3n de su contrato en diciembre pasado, configurando un despido encubierto. &#8220;La compa\u00f1era se incorpor\u00f3 a [&hellip;]<\/p>\n","protected":false},"author":7,"featured_media":25042,"comment_status":"open","ping_status":"open","sticky":true,"template":"","format":"standard","meta":{"_exactmetrics_skip_tracking":false,"_exactmetrics_sitenote_active":false,"_exactmetrics_sitenote_note":"","_exactmetrics_sitenote_category":0,"jnews-multi-image_gallery":[],"jnews_single_post":{"source_name":"","source_url":"","via_name":"","via_url":"","override_template":"0","override":[{"template":"1","single_blog_custom":"","parallax":"1","fullscreen":"0","layout":"right-sidebar","sidebar":"default-sidebar","second_sidebar":"default-sidebar","sticky_sidebar":"1","share_position":"top","share_float_style":"share-monocrhome","show_share_counter":"1","show_view_counter":"1","show_featured":"1","show_post_meta":"1","show_post_author":"1","show_post_author_image":"1","show_post_date":"1","post_date_format":"default","post_date_format_custom":"Y\/m\/d","show_post_category":"1","show_post_reading_time":"0","post_reading_time_wpm":"300","show_zoom_button":"0","zoom_button_out_step":"2","zoom_button_in_step":"3","show_post_tag":"1","show_prev_next_post":"1","show_popup_post":"1","number_popup_post":"1","show_author_box":"0","show_post_related":"0","show_inline_post_related":"0"}],"override_image_size":"0","image_override":[{"single_post_thumbnail_size":"crop-500","single_post_gallery_size":"crop-500"}],"trending_post":"0","trending_post_position":"meta","trending_post_label":"Trending","sponsored_post":"0","sponsored_post_label":"Sponsored by","sponsored_post_name":"","sponsored_post_url":"","sponsored_post_logo_enable":"0","sponsored_post_logo":"","sponsored_post_desc":""},"jnews_primary_category":{"id":""},"jnews_social_meta":{"fb_title":"","fb_description":"","fb_image":"","twitter_title":"","twitter_description":"","twitter_image":""},"jnews_review":[],"enable_review":"0","type":"percentage","name":"","summary":"","brand":"","sku":"","good":[{"good_text":""}],"bad":[{"bad_text":""}],"score_override":"","override_value":"","rating":[{"rating_text":"","rating_number":"10"}],"price":[{"shop":"","price":"","link":"","icon":""}],"jnews_override_counter":{"override_view_counter":"0","view_counter_number":"0","override_share_counter":"0","share_counter_number":"0","override_like_counter":"0","like_counter_number":"0","override_dislike_counter":"0","dislike_counter_number":"0"},"jnews_post_split":{"enable_post_split":"0","post_split":[{"template":"1","tag":"h2","numbering":"asc","mode":"normal"}]},"footnotes":""},"categories":[18,12],"tags":[57],"class_list":["post-25041","post","type-post","status-publish","format-standard","has-post-thumbnail","hentry","category-nacionales","category-rio-cuarto","tag-pami"],"jetpack_featured_media_url":"https:\/\/atecordoba.org\/wp-content\/uploads\/2021\/03\/PAMI-RIO-4.jpg","_links":{"self":[{"href":"https:\/\/atecordoba.org\/index.php?rest_route=\/wp\/v2\/posts\/25041","targetHints":{"allow":["GET"]}}],"collection":[{"href":"https:\/\/atecordoba.org\/index.php?rest_route=\/wp\/v2\/posts"}],"about":[{"href":"https:\/\/atecordoba.org\/index.php?rest_route=\/wp\/v2\/types\/post"}],"author":[{"embeddable":true,"href":"https:\/\/atecordoba.org\/index.php?rest_route=\/wp\/v2\/users\/7"}],"replies":[{"embeddable":true,"href":"https:\/\/atecordoba.org\/index.php?rest_route=%2Fwp%2Fv2%2Fcomments&post=25041"}],"version-history":[{"count":4,"href":"https:\/\/atecordoba.org\/index.php?rest_route=\/wp\/v2\/posts\/25041\/revisions"}],"predecessor-version":[{"id":25049,"href":"https:\/\/atecordoba.org\/index.php?rest_route=\/wp\/v2\/posts\/25041\/revisions\/25049"}],"wp:featuredmedia":[{"embeddable":true,"href":"https:\/\/atecordoba.org\/index.php?rest_route=\/wp\/v2\/media\/25042"}],"wp:attachment":[{"href":"https:\/\/atecordoba.org\/index.php?rest_route=%2Fwp%2Fv2%2Fmedia&parent=25041"}],"wp:term":[{"taxonomy":"category","embeddable":true,"href":"https:\/\/atecordoba.org\/index.php?rest_route=%2Fwp%2Fv2%2Fcategories&post=25041"},{"taxonomy":"post_tag","embeddable":true,"href":"https:\/\/atecordoba.org\/index.php?rest_route=%2Fwp%2Fv2%2Ftags&post=25041"}],"curies":[{"name":"wp","href":"https:\/\/api.w.org\/{rel}","templated":true}]}}