{"id":25032,"date":"2021-03-25T10:08:44","date_gmt":"2021-03-25T13:08:44","guid":{"rendered":"https:\/\/atecordoba.org\/?p=25032"},"modified":"2021-03-26T09:20:46","modified_gmt":"2021-03-26T12:20:46","slug":"se-lanza-el-seminario-soberania-nacional-virtual-de-en-la-universidad-de-la-plata-organizado-por-ate-y-cta","status":"publish","type":"post","link":"https:\/\/atecordoba.org\/?p=25032","title":{"rendered":"Se lanza el Seminario Soberan\u00eda Nacional virtual en la Universidad de La Plata organizado por ATE y CTA"},"content":{"rendered":"<p><img loading=\"lazy\" decoding=\"async\" class=\" wp-image-25037 alignleft\" src=\"https:\/\/atecordoba.org\/wp-content\/uploads\/2021\/03\/semanario-soberania-212x300.png\" alt=\"\" width=\"420\" height=\"594\" srcset=\"https:\/\/atecordoba.org\/wp-content\/uploads\/2021\/03\/semanario-soberania-212x300.png 212w, https:\/\/atecordoba.org\/wp-content\/uploads\/2021\/03\/semanario-soberania.png 395w\" sizes=\"auto, (max-width: 420px) 100vw, 420px\" \/>El viernes 26 de marzo dar\u00e1 comienzo, a las 18 horas, al &#8216;Seminario Soberan\u00eda Nacional&#8217; . organizado en el marco de la C\u00e1tedra Libre Germ\u00e1n Abdala, de la Universidad Nacional de La Plata, por ATE y la CTA Aut\u00f3noma, junto al Instituto de Estudios sobre Estado y Participaci\u00f3n (IDEP) y el Movimiento Estudiantil Independiente La Randa.<\/p>\n<p>El seminario tiene car\u00e1cter virtual y es abierto para dirigentes, activistas y afiliados, trabajadores y trabajadoras estatales y la comunidad en General.<\/p>\n<p>La actividad est\u00e1 organizada en 9 jornadas y buscar responder preguntas como &#8220;\u00bfQu\u00e9 necesitamos, que nos falta, que tenemos, que hacer para ser soberanos? \u00bfEn qu\u00e9 escala necesitamos construir la organizaci\u00f3n para luchar<br \/>\npor nuestra soberan\u00eda? \u00bfQui\u00e9n tiene el poder hoy? \u00bfQui\u00e9nes ponen las condiciones y construyen<br \/>\nel escenario en el que actuamos? \u00bfCu\u00e1l es nuestra hoja de ruta hacia adelante?&#8221;.<\/p>\n<p>Las clases contaran con dirigentes de ATE y reconocidos referentes de DDHH como docentes. Est\u00e1 confirmada la presencia de Nora Corti\u00f1as, Hugo Cachorro Godoy (secretario General de ATE), Oscar de Isasi (secretario General de ATE Provincia de Buenos Aires) y el economista y director del Banco Naci\u00f3n Claudio Lozano.<\/p>\n<p>Los interesados deben inscribirse previamente a trav\u00e9s del <a href=\"https:\/\/forms.gle\/7Kat2DPCcyHeW6X59\" target=\"_blank\" rel=\"noopener noreferrer\">siguiente link<\/a> donde se le enviar\u00e1 un correo electr\u00f3nico a su casilla de mail para incorporarse al curso.<\/p>\n<p>Aqu\u00ed facilitamos el programa completo<\/p>\n<a href=\"https:\/\/atecordoba.org\/wp-content\/uploads\/2021\/03\/ProgramaSeminarioSoberaniaPopular.pdf\" class=\"pdfemb-viewer\" style=\"\" data-width=\"max\" data-height=\"max\" data-toolbar=\"bottom\" data-toolbar-fixed=\"off\">ProgramaSeminarioSoberaniaPopular<\/a>\n","protected":false},"excerpt":{"rendered":"<p>El viernes 26 de marzo dar\u00e1 comienzo, a las 18 horas, al &#8216;Seminario Soberan\u00eda Nacional&#8217; . organizado en el marco de la C\u00e1tedra Libre Germ\u00e1n Abdala, de la Universidad Nacional de La Plata, por ATE y la CTA Aut\u00f3noma, junto al Instituto de Estudios sobre Estado y Participaci\u00f3n (IDEP) y el Movimiento Estudiantil Independiente La [&hellip;]<\/p>\n","protected":false},"author":7,"featured_media":25037,"comment_status":"open","ping_status":"open","sticky":true,"template":"","format":"standard","meta":{"_exactmetrics_skip_tracking":false,"_exactmetrics_sitenote_active":false,"_exactmetrics_sitenote_note":"","_exactmetrics_sitenote_category":0,"jnews-multi-image_gallery":[],"jnews_single_post":{"source_name":"","source_url":"","via_name":"","via_url":"","override_template":"0","override":[{"template":"1","single_blog_custom":"","parallax":"1","fullscreen":"0","layout":"right-sidebar","sidebar":"default-sidebar","second_sidebar":"default-sidebar","sticky_sidebar":"1","share_position":"top","share_float_style":"share-monocrhome","show_share_counter":"1","show_view_counter":"1","show_featured":"1","show_post_meta":"1","show_post_author":"1","show_post_author_image":"1","show_post_date":"1","post_date_format":"default","post_date_format_custom":"Y\/m\/d","show_post_category":"1","show_post_reading_time":"0","post_reading_time_wpm":"300","show_zoom_button":"0","zoom_button_out_step":"2","zoom_button_in_step":"3","show_post_tag":"1","show_prev_next_post":"1","show_popup_post":"1","number_popup_post":"1","show_author_box":"0","show_post_related":"0","show_inline_post_related":"0"}],"override_image_size":"0","image_override":[{"single_post_thumbnail_size":"crop-500","single_post_gallery_size":"crop-500"}],"trending_post":"0","trending_post_position":"meta","trending_post_label":"Trending","sponsored_post":"0","sponsored_post_label":"Sponsored by","sponsored_post_name":"","sponsored_post_url":"","sponsored_post_logo_enable":"0","sponsored_post_logo":"","sponsored_post_desc":""},"jnews_primary_category":{"id":""},"jnews_social_meta":{"fb_title":"","fb_description":"","fb_image":"","twitter_title":"","twitter_description":"","twitter_image":""},"jnews_review":[],"enable_review":"0","type":"percentage","name":"","summary":"","brand":"","sku":"","good":[{"good_text":""}],"bad":[{"bad_text":""}],"score_override":"","override_value":"","rating":[{"rating_text":"","rating_number":"10"}],"price":[{"shop":"","price":"","link":"","icon":""}],"jnews_override_counter":{"override_view_counter":"0","view_counter_number":"0","override_share_counter":"0","share_counter_number":"0","override_like_counter":"0","like_counter_number":"0","override_dislike_counter":"0","dislike_counter_number":"0"},"jnews_post_split":{"enable_post_split":"0","post_split":[{"template":"1","tag":"h2","numbering":"asc","mode":"normal"}]},"footnotes":""},"categories":[88],"tags":[789],"class_list":["post-25032","post","type-post","status-publish","format-standard","has-post-thumbnail","hentry","category-formacion","tag-seminario-soberania-nacional"],"jetpack_featured_media_url":"https:\/\/atecordoba.org\/wp-content\/uploads\/2021\/03\/semanario-soberania.png","_links":{"self":[{"href":"https:\/\/atecordoba.org\/index.php?rest_route=\/wp\/v2\/posts\/25032","targetHints":{"allow":["GET"]}}],"collection":[{"href":"https:\/\/atecordoba.org\/index.php?rest_route=\/wp\/v2\/posts"}],"about":[{"href":"https:\/\/atecordoba.org\/index.php?rest_route=\/wp\/v2\/types\/post"}],"author":[{"embeddable":true,"href":"https:\/\/atecordoba.org\/index.php?rest_route=\/wp\/v2\/users\/7"}],"replies":[{"embeddable":true,"href":"https:\/\/atecordoba.org\/index.php?rest_route=%2Fwp%2Fv2%2Fcomments&post=25032"}],"version-history":[{"count":4,"href":"https:\/\/atecordoba.org\/index.php?rest_route=\/wp\/v2\/posts\/25032\/revisions"}],"predecessor-version":[{"id":25072,"href":"https:\/\/atecordoba.org\/index.php?rest_route=\/wp\/v2\/posts\/25032\/revisions\/25072"}],"wp:featuredmedia":[{"embeddable":true,"href":"https:\/\/atecordoba.org\/index.php?rest_route=\/wp\/v2\/media\/25037"}],"wp:attachment":[{"href":"https:\/\/atecordoba.org\/index.php?rest_route=%2Fwp%2Fv2%2Fmedia&parent=25032"}],"wp:term":[{"taxonomy":"category","embeddable":true,"href":"https:\/\/atecordoba.org\/index.php?rest_route=%2Fwp%2Fv2%2Fcategories&post=25032"},{"taxonomy":"post_tag","embeddable":true,"href":"https:\/\/atecordoba.org\/index.php?rest_route=%2Fwp%2Fv2%2Ftags&post=25032"}],"curies":[{"name":"wp","href":"https:\/\/api.w.org\/{rel}","templated":true}]}}