{"id":2501,"date":"2013-03-21T16:23:23","date_gmt":"2013-03-21T19:23:23","guid":{"rendered":"http:\/\/www.atecordoba.org\/?p=2501"},"modified":"2013-03-21T16:23:23","modified_gmt":"2013-03-21T19:23:23","slug":"clate-e-isp-unen-esfuerzos-en-la-lucha-por-los-derechos-de-los-trabajadores-estatales","status":"publish","type":"post","link":"https:\/\/atecordoba.org\/?p=2501","title":{"rendered":"CLATE e ISP unen esfuerzos en la lucha por los derechos de los trabajadores estatales"},"content":{"rendered":"<p><em>Este mi\u00e9rcoles 20 de marzo, las nuevas oficinas de la CLATE en Buenos Aires fueron sede de una reuni\u00f3n entre la Internacional de Servidores P\u00fablicos (ISP) y la Confederaci\u00f3n Latinoamericana y del Caribe de Trabajadores Estatales.<\/em><\/p>\n<p><a href=\"http:\/\/www.atecordoba.org\/wp-content\/uploads\/2013\/03\/clate-fuentes.jpg\"><img loading=\"lazy\" decoding=\"async\" class=\"aligncenter size-full wp-image-2502\" title=\"clate-fuentes\" src=\"http:\/\/www.atecordoba.org\/wp-content\/uploads\/2013\/03\/clate-fuentes.jpg\" alt=\"\" width=\"310\" height=\"216\" \/><\/a><\/p>\n<p>El encuentro tuvo como objetivo analizar las problem\u00e1ticas y reivindicaciones comunes a todos los empleados p\u00fablicos de Am\u00e9rica Latina y el Caribe y trazar estrategias para avanzar de forma conjunta en la lucha por los derechos y las condiciones laborales de los trabajadores estatales del continente.<\/p>\n<div><\/div>\n<div><a href=\"http:\/\/www.atecordoba.org\/wp-content\/uploads\/2013\/03\/clate2.jpg\"><img loading=\"lazy\" decoding=\"async\" class=\"aligncenter size-full wp-image-2503\" title=\"clate2\" src=\"http:\/\/www.atecordoba.org\/wp-content\/uploads\/2013\/03\/clate2.jpg\" alt=\"\" width=\"450\" height=\"300\" \/><\/a><\/div>\n<div>\n<div><\/div>\n<p>En representaci\u00f3n de la ISP, estuvo presente el Secretario Regional de ISP Interam\u00e9ricas, Jocelio Drummond, y la Secretaria Subregional de ISP Cono Sur, Ver\u00f3nica Cabrera. Tambi\u00e9n asistieron los dirigentes de los gremios miembros de esta organizaci\u00f3n internacional: Federico D\u00e1vila de UPCN (Argentina), Ana Liz Jara de APE (Paraguay), Julio G\u00f3mez Carrillo de UEJN (Argentina), Juan Camilo de ASEMUCH (Chile), Ismael Cortuzzo de FFOSE (Uruguay).<\/p>\n<div><\/div>\n<div><a href=\"http:\/\/www.atecordoba.org\/wp-content\/uploads\/2013\/03\/clate4.jpg\"><img loading=\"lazy\" decoding=\"async\" class=\"aligncenter size-medium wp-image-2504\" title=\"clate4\" src=\"http:\/\/www.atecordoba.org\/wp-content\/uploads\/2013\/03\/clate4-300x200.jpg\" alt=\"\" width=\"300\" height=\"200\" \/><\/a><\/div>\n<div>\n<p>La CLATE estuvo representada por su Presidente, Julio Fuentes, y por los miembros de las organizaciones que la conforman: H\u00e9ctor M\u00e9ndez y Rub\u00e9n Garrido de ATE (Argentina), Mat\u00edas Fachal de la FJA-CTA (Argentina), Pablo Cabrera de COFE (Uruguay), Jo\u00e3o Domingos, C\u00edntia Assun\u00e7\u00e3o, S\u00e9rgio Arnoud y Rudney Carvalho de la CSPB (Brasil), Nury Ben\u00edtez, Angelia Rifo, Jeanette Soto y Ra\u00fal de la Puente de ANEF (Chile).<\/p>\n<div><\/div>\n<div><a href=\"http:\/\/www.atecordoba.org\/wp-content\/uploads\/2013\/03\/clate5.jpg\"><img loading=\"lazy\" decoding=\"async\" class=\"aligncenter size-medium wp-image-2505\" title=\"clate5\" src=\"http:\/\/www.atecordoba.org\/wp-content\/uploads\/2013\/03\/clate5-300x200.jpg\" alt=\"\" width=\"300\" height=\"200\" \/><\/a><\/div>\n<div>\n<p>El primero punto de consenso entre los participantes fue la necesidad de promover la aplicaci\u00f3n de los Convenios 151 y 154 de la OIT. Con ese objetivo, se decidi\u00f3 actuar de forma conjunta en la pr\u00f3xima Asamblea General de la OIT, que tendr\u00e1 lugar en junio en Ginebra.<\/p>\n<p>Asimismo, la CLATE y la ISP acordaron coordinar sus agendas y actividades para sumar esfuerzos en la lucha por las principales demandas de los trabajadores estatales, como salario digno, estabilidad laboral, convenio colectivo, trabajo registrado, entre otros.<\/p>\n<div><\/div>\n<div><a href=\"http:\/\/www.atecordoba.org\/wp-content\/uploads\/2013\/03\/clate6.jpg\"><img loading=\"lazy\" decoding=\"async\" class=\"aligncenter size-medium wp-image-2506\" title=\"clate6\" src=\"http:\/\/www.atecordoba.org\/wp-content\/uploads\/2013\/03\/clate6-300x200.jpg\" alt=\"\" width=\"300\" height=\"200\" \/><\/a><\/div>\n<div>\n<p>Por \u00faltimo, hubo acuerdo entre ambas organizaciones en promover la construcci\u00f3n de un espacio conjunto de debate sobre el rol del Estado y la construcci\u00f3n del modelo de Estado necesario para la instalaci\u00f3n de la justicia social en el continente.<\/p>\n<p>&nbsp;<\/p>\n<\/div>\n<\/div>\n<\/div>\n<\/div>\n","protected":false},"excerpt":{"rendered":"<p>Este mi\u00e9rcoles 20 de marzo, las nuevas oficinas de la CLATE en Buenos Aires fueron sede de una reuni\u00f3n entre la Internacional de Servidores P\u00fablicos (ISP) y la Confederaci\u00f3n Latinoamericana y del Caribe de Trabajadores Estatales. El encuentro tuvo como objetivo analizar las problem\u00e1ticas y reivindicaciones comunes a todos los empleados p\u00fablicos de Am\u00e9rica Latina [&hellip;]<\/p>\n","protected":false},"author":1,"featured_media":19220,"comment_status":"open","ping_status":"open","sticky":false,"template":"","format":"standard","meta":{"_exactmetrics_skip_tracking":false,"_exactmetrics_sitenote_active":false,"_exactmetrics_sitenote_note":"","_exactmetrics_sitenote_category":0,"jnews-multi-image_gallery":[],"jnews_single_post":[],"jnews_primary_category":[],"jnews_social_meta":[],"jnews_review":[],"enable_review":"","type":"","name":"","summary":"","brand":"","sku":"","good":[],"bad":[],"score_override":"","override_value":"","rating":[],"price":[],"jnews_override_counter":[],"jnews_post_split":[],"footnotes":""},"categories":[1],"tags":[],"class_list":["post-2501","post","type-post","status-publish","format-standard","has-post-thumbnail","hentry","category-sin-categoria"],"jetpack_featured_media_url":"https:\/\/atecordoba.org\/wp-content\/uploads\/2020\/05\/logo-nuevochico-e1561581322808.png","_links":{"self":[{"href":"https:\/\/atecordoba.org\/index.php?rest_route=\/wp\/v2\/posts\/2501","targetHints":{"allow":["GET"]}}],"collection":[{"href":"https:\/\/atecordoba.org\/index.php?rest_route=\/wp\/v2\/posts"}],"about":[{"href":"https:\/\/atecordoba.org\/index.php?rest_route=\/wp\/v2\/types\/post"}],"author":[{"embeddable":true,"href":"https:\/\/atecordoba.org\/index.php?rest_route=\/wp\/v2\/users\/1"}],"replies":[{"embeddable":true,"href":"https:\/\/atecordoba.org\/index.php?rest_route=%2Fwp%2Fv2%2Fcomments&post=2501"}],"version-history":[{"count":0,"href":"https:\/\/atecordoba.org\/index.php?rest_route=\/wp\/v2\/posts\/2501\/revisions"}],"wp:featuredmedia":[{"embeddable":true,"href":"https:\/\/atecordoba.org\/index.php?rest_route=\/wp\/v2\/media\/19220"}],"wp:attachment":[{"href":"https:\/\/atecordoba.org\/index.php?rest_route=%2Fwp%2Fv2%2Fmedia&parent=2501"}],"wp:term":[{"taxonomy":"category","embeddable":true,"href":"https:\/\/atecordoba.org\/index.php?rest_route=%2Fwp%2Fv2%2Fcategories&post=2501"},{"taxonomy":"post_tag","embeddable":true,"href":"https:\/\/atecordoba.org\/index.php?rest_route=%2Fwp%2Fv2%2Ftags&post=2501"}],"curies":[{"name":"wp","href":"https:\/\/api.w.org\/{rel}","templated":true}]}}