{"id":24997,"date":"2021-03-22T15:01:46","date_gmt":"2021-03-22T18:01:46","guid":{"rendered":"https:\/\/atecordoba.org\/?p=24997"},"modified":"2021-03-23T10:46:12","modified_gmt":"2021-03-23T13:46:12","slug":"24-de-marzo-somos-memoria","status":"publish","type":"post","link":"https:\/\/atecordoba.org\/?p=24997","title":{"rendered":"24 de marzo: somos memoria"},"content":{"rendered":"<p><img loading=\"lazy\" decoding=\"async\" class=\" wp-image-24998 alignleft\" src=\"https:\/\/atecordoba.org\/wp-content\/uploads\/2021\/03\/flyer-24-3-300x300.jpg\" alt=\"\" width=\"506\" height=\"506\" srcset=\"https:\/\/atecordoba.org\/wp-content\/uploads\/2021\/03\/flyer-24-3-300x300.jpg 300w, https:\/\/atecordoba.org\/wp-content\/uploads\/2021\/03\/flyer-24-3-1024x1024.jpg 1024w, https:\/\/atecordoba.org\/wp-content\/uploads\/2021\/03\/flyer-24-3-150x150.jpg 150w, https:\/\/atecordoba.org\/wp-content\/uploads\/2021\/03\/flyer-24-3-768x768.jpg 768w, https:\/\/atecordoba.org\/wp-content\/uploads\/2021\/03\/flyer-24-3-560x560.jpg 560w, https:\/\/atecordoba.org\/wp-content\/uploads\/2021\/03\/flyer-24-3-75x75.jpg 75w, https:\/\/atecordoba.org\/wp-content\/uploads\/2021\/03\/flyer-24-3-750x750.jpg 750w, https:\/\/atecordoba.org\/wp-content\/uploads\/2021\/03\/flyer-24-3.jpg 1080w\" sizes=\"auto, (max-width: 506px) 100vw, 506px\" \/>En el marco de las actividades programadas por ATE C\u00f3rdoba en el marco del D\u00eda de la Memoria, ma\u00f1ana mi\u00e9rcoles 24 de marzo se realizar\u00e1 una actividad mixta (presencial y virtual) con formato de charla debate sobre el documental La Colonia, desarrollado por ATE C\u00f3rdoba en base al secuestro de la conducci\u00f3n completa de la seccional Santa Mar\u00eda en 1976.<\/p>\n<p>El film realizado en 2009 sirvi\u00f3 con puntapi\u00e9 para el reconocimiento y homenaje a aquellos compa\u00f1eros y compa\u00f1eras que se comprometieron con un proyecto sindical y sanitario que sufri\u00f3 la represi\u00f3n genocida de la dictadura c\u00edvico militar iniciada en 1976.<\/p>\n<p>La charla versar\u00e1 sobre el proceso de realizaci\u00f3n del documental, de la experiencia que tuvieron aquellos dirigentes y trabajadores durante la d\u00e9cada del \u201970 y de los sucesos que terminaron con cientos de cesanteados y toda la comisi\u00f3n directiva de la seccional secuestrada por la Fuerza A\u00e9rea, para posteriormente ser \u2018blanqueada\u2019 como presos pol\u00edticos.<\/p>\n<p>En la oportunidad, participan en la charla el Secretario General ATE C\u00f3rdoba, Federico Giuliani, junto con C\u00e9sar Theaux (Departamento DDHH ATE), Marta Fontana (ex secretaria Administrativa de la seccional Santa Mar\u00eda secuestrada 1976), Carlos Carranza (ex secretario General secccional Santa Mar\u00eda secuestrado 1976), Mart\u00edn Cagnani (psiquiatra de afectados\/as por el terrorismo de Estado y productor del Documental La Colonia) y Guillermo Posada (periodista y realizador del Documental La Colonia).<\/p>\n","protected":false},"excerpt":{"rendered":"<p>En el marco de las actividades programadas por ATE C\u00f3rdoba en el marco del D\u00eda de la Memoria, ma\u00f1ana mi\u00e9rcoles 24 de marzo se realizar\u00e1 una actividad mixta (presencial y virtual) con formato de charla debate sobre el documental La Colonia, desarrollado por ATE C\u00f3rdoba en base al secuestro de la conducci\u00f3n completa de la [&hellip;]<\/p>\n","protected":false},"author":7,"featured_media":24998,"comment_status":"open","ping_status":"open","sticky":true,"template":"","format":"standard","meta":{"_exactmetrics_skip_tracking":false,"_exactmetrics_sitenote_active":false,"_exactmetrics_sitenote_note":"","_exactmetrics_sitenote_category":0,"jnews-multi-image_gallery":[],"jnews_single_post":{"source_name":"","source_url":"","via_name":"","via_url":"","override_template":"0","override":[{"template":"1","single_blog_custom":"","parallax":"1","fullscreen":"0","layout":"right-sidebar","sidebar":"default-sidebar","second_sidebar":"default-sidebar","sticky_sidebar":"1","share_position":"top","share_float_style":"share-monocrhome","show_share_counter":"1","show_view_counter":"1","show_featured":"1","show_post_meta":"1","show_post_author":"1","show_post_author_image":"1","show_post_date":"1","post_date_format":"default","post_date_format_custom":"Y\/m\/d","show_post_category":"1","show_post_reading_time":"0","post_reading_time_wpm":"300","show_zoom_button":"0","zoom_button_out_step":"2","zoom_button_in_step":"3","show_post_tag":"1","show_prev_next_post":"1","show_popup_post":"1","number_popup_post":"1","show_author_box":"0","show_post_related":"0","show_inline_post_related":"0"}],"override_image_size":"0","image_override":[{"single_post_thumbnail_size":"crop-500","single_post_gallery_size":"crop-500"}],"trending_post":"0","trending_post_position":"meta","trending_post_label":"Trending","sponsored_post":"0","sponsored_post_label":"Sponsored by","sponsored_post_name":"","sponsored_post_url":"","sponsored_post_logo_enable":"0","sponsored_post_logo":"","sponsored_post_desc":""},"jnews_primary_category":{"id":""},"jnews_social_meta":{"fb_title":"","fb_description":"","fb_image":"","twitter_title":"","twitter_description":"","twitter_image":""},"jnews_review":[],"enable_review":"0","type":"percentage","name":"","summary":"","brand":"","sku":"","good":[{"good_text":""}],"bad":[{"bad_text":""}],"score_override":"","override_value":"","rating":[{"rating_text":"","rating_number":"10"}],"price":[{"shop":"","price":"","link":"","icon":""}],"jnews_override_counter":{"override_view_counter":"0","view_counter_number":"0","override_share_counter":"0","share_counter_number":"0","override_like_counter":"0","like_counter_number":"0","override_dislike_counter":"0","dislike_counter_number":"0"},"jnews_post_split":{"enable_post_split":"0","post_split":[{"template":"1","tag":"h2","numbering":"asc","mode":"normal"}]},"footnotes":""},"categories":[122],"tags":[787],"class_list":["post-24997","post","type-post","status-publish","format-standard","has-post-thumbnail","hentry","category-ddhh","tag-documental-la-colonia"],"jetpack_featured_media_url":"https:\/\/atecordoba.org\/wp-content\/uploads\/2021\/03\/flyer-24-3.jpg","_links":{"self":[{"href":"https:\/\/atecordoba.org\/index.php?rest_route=\/wp\/v2\/posts\/24997","targetHints":{"allow":["GET"]}}],"collection":[{"href":"https:\/\/atecordoba.org\/index.php?rest_route=\/wp\/v2\/posts"}],"about":[{"href":"https:\/\/atecordoba.org\/index.php?rest_route=\/wp\/v2\/types\/post"}],"author":[{"embeddable":true,"href":"https:\/\/atecordoba.org\/index.php?rest_route=\/wp\/v2\/users\/7"}],"replies":[{"embeddable":true,"href":"https:\/\/atecordoba.org\/index.php?rest_route=%2Fwp%2Fv2%2Fcomments&post=24997"}],"version-history":[{"count":3,"href":"https:\/\/atecordoba.org\/index.php?rest_route=\/wp\/v2\/posts\/24997\/revisions"}],"predecessor-version":[{"id":25004,"href":"https:\/\/atecordoba.org\/index.php?rest_route=\/wp\/v2\/posts\/24997\/revisions\/25004"}],"wp:featuredmedia":[{"embeddable":true,"href":"https:\/\/atecordoba.org\/index.php?rest_route=\/wp\/v2\/media\/24998"}],"wp:attachment":[{"href":"https:\/\/atecordoba.org\/index.php?rest_route=%2Fwp%2Fv2%2Fmedia&parent=24997"}],"wp:term":[{"taxonomy":"category","embeddable":true,"href":"https:\/\/atecordoba.org\/index.php?rest_route=%2Fwp%2Fv2%2Fcategories&post=24997"},{"taxonomy":"post_tag","embeddable":true,"href":"https:\/\/atecordoba.org\/index.php?rest_route=%2Fwp%2Fv2%2Ftags&post=24997"}],"curies":[{"name":"wp","href":"https:\/\/api.w.org\/{rel}","templated":true}]}}