{"id":24954,"date":"2021-03-22T12:37:21","date_gmt":"2021-03-22T15:37:21","guid":{"rendered":"https:\/\/atecordoba.org\/?p=24954"},"modified":"2021-03-22T13:14:05","modified_gmt":"2021-03-22T16:14:05","slug":"capacitacion-para-trabajadores-de-quilino-y-dean-funes","status":"publish","type":"post","link":"https:\/\/atecordoba.org\/?p=24954","title":{"rendered":"Capacitaci\u00f3n para trabajadores de Quilino y Dean Funes"},"content":{"rendered":"<div style='display:none' class=\"jeg_preview_slider gallery_1\" data-selector='gallery_1'>\n                        <div class=\"jeg_preview_holder\">\n                            <div class=\"jeg_preview_media\">\n                        <div class=\"jeg_preview_media_holder\">\n                            <h3>&nbsp;<\/h3>\n                            <div class=\"fullscreen-switch\">\n                                <i class=\"fa\"><\/i>\n                            <\/div>\n                            <div class=\"jeg_preview_media_content\">\n                                <div class=\"jeg_preview_media_content_holder_padding\">\n                                    <div class=\"jeg_preview_media_content_holder\"><\/div>\n                                <\/div>\n                                <div class=\"jeg_preview_media_content_navigation\">\n                                    <div class=\"prev\">\n\t\t\t\t\t\t\t\t\t\t<i class=\"fa\"><\/i>\n\t\t\t\t\t\t\t\t\t<\/div>\n                                    <div class=\"next\">\n\t\t\t\t\t\t\t\t\t\t<i class=\"fa\"><\/i>\n\t\t\t\t\t\t\t\t\t<\/div>\n                                <\/div>\n                                <div class='preview-slider-overlay'>\n                                    <div class='preloader_type preloader_dot'>\n                                        <div class=\"module-preloader jeg_preloader dot\">\n                                            <span><\/span><span><\/span><span><\/span>\n                                        <\/div>\n                                        <div class=\"module-preloader jeg_preloader circle\">\n                                            <div class=\"jnews_preloader_circle_outer\">\n                                                <div class=\"jnews_preloader_circle_inner\"><\/div>\n                                            <\/div>\n                                        <\/div>\n                                        <div class=\"module-preloader jeg_preloader square\">\n                                            <div class=\"jeg_square\">\n                                                <div class=\"jeg_square_inner\"><\/div>\n                                            <\/div>\n                                        <\/div>\n                                    <\/div>\n                                <\/div>\n                            <\/div>\n                            <div class=\"jeg_preview_control\">\n                                <div class=\"left_control\">\n                                    <div class=\"counter\"><span class=\"current\">1<\/span> de  22<\/div>\n                                    <div class=\"subtitle\"><\/div>\n                                <\/div>\n                                <div class=\"zoom\">\n                                    <span class=\"reduce\">-<\/span>\n                                    <span class=\"increase\">+<\/span>\n                                <\/div>\n                            <\/div>\n                        <\/div>\n                    <\/div>\n\n                    <div class=\"jeg_preview_bottom_slider\">\n                        <a data-id=\"0\" data-title=\"\" data-image=\"https:\/\/atecordoba.org\/wp-content\/uploads\/2021\/03\/IMG-20210319-WA0202.jpg\" href=\"https:\/\/atecordoba.org\/wp-content\/uploads\/2021\/03\/IMG-20210319-WA0202.jpg\" class=\"jeg_preview_item active\">\n                            <div class=\"jeg_preview_item_thumbnail\">\n                                <img loading=\"lazy\" decoding=\"async\" width=\"120\" height=\"86\" src=\"https:\/\/atecordoba.org\/wp-content\/uploads\/2021\/03\/IMG-20210319-WA0202-120x86.jpg\" class=\"attachment-jnews-120x86 size-jnews-120x86\" alt=\"\" srcset=\"https:\/\/atecordoba.org\/wp-content\/uploads\/2021\/03\/IMG-20210319-WA0202-120x86.jpg 120w, https:\/\/atecordoba.org\/wp-content\/uploads\/2021\/03\/IMG-20210319-WA0202-350x250.jpg 350w, https:\/\/atecordoba.org\/wp-content\/uploads\/2021\/03\/IMG-20210319-WA0202-750x536.jpg 750w\" sizes=\"auto, (max-width: 120px) 100vw, 120px\" \/>\n                            <\/div>\n                        <\/a><a data-id=\"1\" data-title=\"\" data-image=\"https:\/\/atecordoba.org\/wp-content\/uploads\/2021\/03\/IMG-20210319-WA0274.jpg\" href=\"https:\/\/atecordoba.org\/wp-content\/uploads\/2021\/03\/IMG-20210319-WA0274.jpg\" class=\"jeg_preview_item \">\n                            <div class=\"jeg_preview_item_thumbnail\">\n                                <img loading=\"lazy\" decoding=\"async\" width=\"120\" height=\"86\" src=\"https:\/\/atecordoba.org\/wp-content\/uploads\/2021\/03\/IMG-20210319-WA0274-120x86.jpg\" class=\"attachment-jnews-120x86 size-jnews-120x86\" alt=\"\" srcset=\"https:\/\/atecordoba.org\/wp-content\/uploads\/2021\/03\/IMG-20210319-WA0274-120x86.jpg 120w, https:\/\/atecordoba.org\/wp-content\/uploads\/2021\/03\/IMG-20210319-WA0274-350x250.jpg 350w, https:\/\/atecordoba.org\/wp-content\/uploads\/2021\/03\/IMG-20210319-WA0274-750x536.jpg 750w\" sizes=\"auto, (max-width: 120px) 100vw, 120px\" \/>\n                            <\/div>\n                        <\/a><a data-id=\"2\" data-title=\"\" data-image=\"https:\/\/atecordoba.org\/wp-content\/uploads\/2021\/03\/IMG-20210319-WA0275.jpg\" href=\"https:\/\/atecordoba.org\/wp-content\/uploads\/2021\/03\/IMG-20210319-WA0275.jpg\" class=\"jeg_preview_item \">\n                            <div class=\"jeg_preview_item_thumbnail\">\n                                <img loading=\"lazy\" decoding=\"async\" width=\"120\" height=\"86\" src=\"https:\/\/atecordoba.org\/wp-content\/uploads\/2021\/03\/IMG-20210319-WA0275-120x86.jpg\" class=\"attachment-jnews-120x86 size-jnews-120x86\" alt=\"\" srcset=\"https:\/\/atecordoba.org\/wp-content\/uploads\/2021\/03\/IMG-20210319-WA0275-120x86.jpg 120w, https:\/\/atecordoba.org\/wp-content\/uploads\/2021\/03\/IMG-20210319-WA0275-350x250.jpg 350w, https:\/\/atecordoba.org\/wp-content\/uploads\/2021\/03\/IMG-20210319-WA0275-750x536.jpg 750w\" sizes=\"auto, (max-width: 120px) 100vw, 120px\" \/>\n                            <\/div>\n                        <\/a><a data-id=\"3\" data-title=\"\" data-image=\"https:\/\/atecordoba.org\/wp-content\/uploads\/2021\/03\/IMG-20210319-WA0276.jpg\" href=\"https:\/\/atecordoba.org\/wp-content\/uploads\/2021\/03\/IMG-20210319-WA0276.jpg\" class=\"jeg_preview_item \">\n                            <div class=\"jeg_preview_item_thumbnail\">\n                                <img loading=\"lazy\" decoding=\"async\" width=\"120\" height=\"86\" src=\"https:\/\/atecordoba.org\/wp-content\/uploads\/2021\/03\/IMG-20210319-WA0276-120x86.jpg\" class=\"attachment-jnews-120x86 size-jnews-120x86\" alt=\"\" srcset=\"https:\/\/atecordoba.org\/wp-content\/uploads\/2021\/03\/IMG-20210319-WA0276-120x86.jpg 120w, https:\/\/atecordoba.org\/wp-content\/uploads\/2021\/03\/IMG-20210319-WA0276-350x250.jpg 350w, https:\/\/atecordoba.org\/wp-content\/uploads\/2021\/03\/IMG-20210319-WA0276-750x536.jpg 750w\" sizes=\"auto, (max-width: 120px) 100vw, 120px\" \/>\n                            <\/div>\n                        <\/a><a data-id=\"4\" data-title=\"\" data-image=\"https:\/\/atecordoba.org\/wp-content\/uploads\/2021\/03\/IMG-20210319-WA0277.jpg\" href=\"https:\/\/atecordoba.org\/wp-content\/uploads\/2021\/03\/IMG-20210319-WA0277.jpg\" class=\"jeg_preview_item \">\n                            <div class=\"jeg_preview_item_thumbnail\">\n                                <img loading=\"lazy\" decoding=\"async\" width=\"120\" height=\"86\" src=\"https:\/\/atecordoba.org\/wp-content\/uploads\/2021\/03\/IMG-20210319-WA0277-120x86.jpg\" class=\"attachment-jnews-120x86 size-jnews-120x86\" alt=\"\" srcset=\"https:\/\/atecordoba.org\/wp-content\/uploads\/2021\/03\/IMG-20210319-WA0277-120x86.jpg 120w, https:\/\/atecordoba.org\/wp-content\/uploads\/2021\/03\/IMG-20210319-WA0277-350x250.jpg 350w, https:\/\/atecordoba.org\/wp-content\/uploads\/2021\/03\/IMG-20210319-WA0277-750x536.jpg 750w\" sizes=\"auto, (max-width: 120px) 100vw, 120px\" \/>\n                            <\/div>\n                        <\/a><a data-id=\"5\" data-title=\"\" data-image=\"https:\/\/atecordoba.org\/wp-content\/uploads\/2021\/03\/IMG-20210319-WA0278.jpg\" href=\"https:\/\/atecordoba.org\/wp-content\/uploads\/2021\/03\/IMG-20210319-WA0278.jpg\" class=\"jeg_preview_item \">\n                            <div class=\"jeg_preview_item_thumbnail\">\n                                <img loading=\"lazy\" decoding=\"async\" width=\"120\" height=\"86\" src=\"https:\/\/atecordoba.org\/wp-content\/uploads\/2021\/03\/IMG-20210319-WA0278-120x86.jpg\" class=\"attachment-jnews-120x86 size-jnews-120x86\" alt=\"\" srcset=\"https:\/\/atecordoba.org\/wp-content\/uploads\/2021\/03\/IMG-20210319-WA0278-120x86.jpg 120w, https:\/\/atecordoba.org\/wp-content\/uploads\/2021\/03\/IMG-20210319-WA0278-350x250.jpg 350w, https:\/\/atecordoba.org\/wp-content\/uploads\/2021\/03\/IMG-20210319-WA0278-750x536.jpg 750w\" sizes=\"auto, (max-width: 120px) 100vw, 120px\" \/>\n                            <\/div>\n                        <\/a><a data-id=\"6\" data-title=\"\" data-image=\"https:\/\/atecordoba.org\/wp-content\/uploads\/2021\/03\/IMG-20210319-WA0279.jpg\" href=\"https:\/\/atecordoba.org\/wp-content\/uploads\/2021\/03\/IMG-20210319-WA0279.jpg\" class=\"jeg_preview_item \">\n                            <div class=\"jeg_preview_item_thumbnail\">\n                                <img loading=\"lazy\" decoding=\"async\" width=\"120\" height=\"86\" src=\"https:\/\/atecordoba.org\/wp-content\/uploads\/2021\/03\/IMG-20210319-WA0279-120x86.jpg\" class=\"attachment-jnews-120x86 size-jnews-120x86\" alt=\"\" srcset=\"https:\/\/atecordoba.org\/wp-content\/uploads\/2021\/03\/IMG-20210319-WA0279-120x86.jpg 120w, https:\/\/atecordoba.org\/wp-content\/uploads\/2021\/03\/IMG-20210319-WA0279-350x250.jpg 350w, https:\/\/atecordoba.org\/wp-content\/uploads\/2021\/03\/IMG-20210319-WA0279-750x536.jpg 750w\" sizes=\"auto, (max-width: 120px) 100vw, 120px\" \/>\n                            <\/div>\n                        <\/a><a data-id=\"7\" data-title=\"\" data-image=\"https:\/\/atecordoba.org\/wp-content\/uploads\/2021\/03\/IMG-20210319-WA0280.jpg\" href=\"https:\/\/atecordoba.org\/wp-content\/uploads\/2021\/03\/IMG-20210319-WA0280.jpg\" class=\"jeg_preview_item \">\n                            <div class=\"jeg_preview_item_thumbnail\">\n                                <img loading=\"lazy\" decoding=\"async\" width=\"120\" height=\"86\" src=\"https:\/\/atecordoba.org\/wp-content\/uploads\/2021\/03\/IMG-20210319-WA0280-120x86.jpg\" class=\"attachment-jnews-120x86 size-jnews-120x86\" alt=\"\" srcset=\"https:\/\/atecordoba.org\/wp-content\/uploads\/2021\/03\/IMG-20210319-WA0280-120x86.jpg 120w, https:\/\/atecordoba.org\/wp-content\/uploads\/2021\/03\/IMG-20210319-WA0280-350x250.jpg 350w, https:\/\/atecordoba.org\/wp-content\/uploads\/2021\/03\/IMG-20210319-WA0280-750x536.jpg 750w\" sizes=\"auto, (max-width: 120px) 100vw, 120px\" \/>\n                            <\/div>\n                        <\/a><a data-id=\"8\" data-title=\"\" data-image=\"https:\/\/atecordoba.org\/wp-content\/uploads\/2021\/03\/IMG-20210319-WA0282.jpg\" href=\"https:\/\/atecordoba.org\/wp-content\/uploads\/2021\/03\/IMG-20210319-WA0282.jpg\" class=\"jeg_preview_item \">\n                            <div class=\"jeg_preview_item_thumbnail\">\n                                <img loading=\"lazy\" decoding=\"async\" width=\"120\" height=\"86\" src=\"https:\/\/atecordoba.org\/wp-content\/uploads\/2021\/03\/IMG-20210319-WA0282-120x86.jpg\" class=\"attachment-jnews-120x86 size-jnews-120x86\" alt=\"\" srcset=\"https:\/\/atecordoba.org\/wp-content\/uploads\/2021\/03\/IMG-20210319-WA0282-120x86.jpg 120w, https:\/\/atecordoba.org\/wp-content\/uploads\/2021\/03\/IMG-20210319-WA0282-350x250.jpg 350w, https:\/\/atecordoba.org\/wp-content\/uploads\/2021\/03\/IMG-20210319-WA0282-750x536.jpg 750w, https:\/\/atecordoba.org\/wp-content\/uploads\/2021\/03\/IMG-20210319-WA0282-1140x815.jpg 1140w\" sizes=\"auto, (max-width: 120px) 100vw, 120px\" \/>\n                            <\/div>\n                        <\/a><a data-id=\"9\" data-title=\"\" data-image=\"https:\/\/atecordoba.org\/wp-content\/uploads\/2021\/03\/IMG-20210322-WA0017.jpg\" href=\"https:\/\/atecordoba.org\/wp-content\/uploads\/2021\/03\/IMG-20210322-WA0017.jpg\" class=\"jeg_preview_item \">\n                            <div class=\"jeg_preview_item_thumbnail\">\n                                <img loading=\"lazy\" decoding=\"async\" width=\"120\" height=\"86\" src=\"https:\/\/atecordoba.org\/wp-content\/uploads\/2021\/03\/IMG-20210322-WA0017-120x86.jpg\" class=\"attachment-jnews-120x86 size-jnews-120x86\" alt=\"\" srcset=\"https:\/\/atecordoba.org\/wp-content\/uploads\/2021\/03\/IMG-20210322-WA0017-120x86.jpg 120w, https:\/\/atecordoba.org\/wp-content\/uploads\/2021\/03\/IMG-20210322-WA0017-350x250.jpg 350w, https:\/\/atecordoba.org\/wp-content\/uploads\/2021\/03\/IMG-20210322-WA0017-750x536.jpg 750w\" sizes=\"auto, (max-width: 120px) 100vw, 120px\" \/>\n                            <\/div>\n                        <\/a><a data-id=\"10\" data-title=\"\" data-image=\"https:\/\/atecordoba.org\/wp-content\/uploads\/2021\/03\/IMG-20210322-WA0018.jpg\" href=\"https:\/\/atecordoba.org\/wp-content\/uploads\/2021\/03\/IMG-20210322-WA0018.jpg\" class=\"jeg_preview_item \">\n                            <div class=\"jeg_preview_item_thumbnail\">\n                                <img loading=\"lazy\" decoding=\"async\" width=\"120\" height=\"86\" src=\"https:\/\/atecordoba.org\/wp-content\/uploads\/2021\/03\/IMG-20210322-WA0018-120x86.jpg\" class=\"attachment-jnews-120x86 size-jnews-120x86\" alt=\"\" srcset=\"https:\/\/atecordoba.org\/wp-content\/uploads\/2021\/03\/IMG-20210322-WA0018-120x86.jpg 120w, https:\/\/atecordoba.org\/wp-content\/uploads\/2021\/03\/IMG-20210322-WA0018-350x250.jpg 350w, https:\/\/atecordoba.org\/wp-content\/uploads\/2021\/03\/IMG-20210322-WA0018-750x536.jpg 750w\" sizes=\"auto, (max-width: 120px) 100vw, 120px\" \/>\n                            <\/div>\n                        <\/a><a data-id=\"11\" data-title=\"\" data-image=\"https:\/\/atecordoba.org\/wp-content\/uploads\/2021\/03\/IMG-20210322-WA0019.jpg\" href=\"https:\/\/atecordoba.org\/wp-content\/uploads\/2021\/03\/IMG-20210322-WA0019.jpg\" class=\"jeg_preview_item \">\n                            <div class=\"jeg_preview_item_thumbnail\">\n                                <img loading=\"lazy\" decoding=\"async\" width=\"120\" height=\"86\" src=\"https:\/\/atecordoba.org\/wp-content\/uploads\/2021\/03\/IMG-20210322-WA0019-120x86.jpg\" class=\"attachment-jnews-120x86 size-jnews-120x86\" alt=\"\" srcset=\"https:\/\/atecordoba.org\/wp-content\/uploads\/2021\/03\/IMG-20210322-WA0019-120x86.jpg 120w, https:\/\/atecordoba.org\/wp-content\/uploads\/2021\/03\/IMG-20210322-WA0019-350x250.jpg 350w, https:\/\/atecordoba.org\/wp-content\/uploads\/2021\/03\/IMG-20210322-WA0019-750x536.jpg 750w\" sizes=\"auto, (max-width: 120px) 100vw, 120px\" \/>\n                            <\/div>\n                        <\/a><a data-id=\"12\" data-title=\"\" data-image=\"https:\/\/atecordoba.org\/wp-content\/uploads\/2021\/03\/IMG-20210322-WA0020.jpg\" href=\"https:\/\/atecordoba.org\/wp-content\/uploads\/2021\/03\/IMG-20210322-WA0020.jpg\" class=\"jeg_preview_item \">\n                            <div class=\"jeg_preview_item_thumbnail\">\n                                <img loading=\"lazy\" decoding=\"async\" width=\"120\" height=\"86\" src=\"https:\/\/atecordoba.org\/wp-content\/uploads\/2021\/03\/IMG-20210322-WA0020-120x86.jpg\" class=\"attachment-jnews-120x86 size-jnews-120x86\" alt=\"\" srcset=\"https:\/\/atecordoba.org\/wp-content\/uploads\/2021\/03\/IMG-20210322-WA0020-120x86.jpg 120w, https:\/\/atecordoba.org\/wp-content\/uploads\/2021\/03\/IMG-20210322-WA0020-350x250.jpg 350w, https:\/\/atecordoba.org\/wp-content\/uploads\/2021\/03\/IMG-20210322-WA0020-750x536.jpg 750w\" sizes=\"auto, (max-width: 120px) 100vw, 120px\" \/>\n                            <\/div>\n                        <\/a><a data-id=\"13\" data-title=\"\" data-image=\"https:\/\/atecordoba.org\/wp-content\/uploads\/2021\/03\/IMG-20210322-WA0021.jpg\" href=\"https:\/\/atecordoba.org\/wp-content\/uploads\/2021\/03\/IMG-20210322-WA0021.jpg\" class=\"jeg_preview_item \">\n                            <div class=\"jeg_preview_item_thumbnail\">\n                                <img loading=\"lazy\" decoding=\"async\" width=\"120\" height=\"86\" src=\"https:\/\/atecordoba.org\/wp-content\/uploads\/2021\/03\/IMG-20210322-WA0021-120x86.jpg\" class=\"attachment-jnews-120x86 size-jnews-120x86\" alt=\"\" srcset=\"https:\/\/atecordoba.org\/wp-content\/uploads\/2021\/03\/IMG-20210322-WA0021-120x86.jpg 120w, https:\/\/atecordoba.org\/wp-content\/uploads\/2021\/03\/IMG-20210322-WA0021-350x250.jpg 350w, https:\/\/atecordoba.org\/wp-content\/uploads\/2021\/03\/IMG-20210322-WA0021-750x536.jpg 750w\" sizes=\"auto, (max-width: 120px) 100vw, 120px\" \/>\n                            <\/div>\n                        <\/a><a data-id=\"14\" data-title=\"\" data-image=\"https:\/\/atecordoba.org\/wp-content\/uploads\/2021\/03\/IMG-20210322-WA0022.jpg\" href=\"https:\/\/atecordoba.org\/wp-content\/uploads\/2021\/03\/IMG-20210322-WA0022.jpg\" class=\"jeg_preview_item \">\n                            <div class=\"jeg_preview_item_thumbnail\">\n                                <img loading=\"lazy\" decoding=\"async\" width=\"120\" height=\"86\" src=\"https:\/\/atecordoba.org\/wp-content\/uploads\/2021\/03\/IMG-20210322-WA0022-120x86.jpg\" class=\"attachment-jnews-120x86 size-jnews-120x86\" alt=\"\" srcset=\"https:\/\/atecordoba.org\/wp-content\/uploads\/2021\/03\/IMG-20210322-WA0022-120x86.jpg 120w, https:\/\/atecordoba.org\/wp-content\/uploads\/2021\/03\/IMG-20210322-WA0022-350x250.jpg 350w, https:\/\/atecordoba.org\/wp-content\/uploads\/2021\/03\/IMG-20210322-WA0022-750x536.jpg 750w\" sizes=\"auto, (max-width: 120px) 100vw, 120px\" \/>\n                            <\/div>\n                        <\/a><a data-id=\"15\" data-title=\"\" data-image=\"https:\/\/atecordoba.org\/wp-content\/uploads\/2021\/03\/IMG-20210322-WA0023.jpg\" href=\"https:\/\/atecordoba.org\/wp-content\/uploads\/2021\/03\/IMG-20210322-WA0023.jpg\" class=\"jeg_preview_item \">\n                            <div class=\"jeg_preview_item_thumbnail\">\n                                <img loading=\"lazy\" decoding=\"async\" width=\"120\" height=\"86\" src=\"https:\/\/atecordoba.org\/wp-content\/uploads\/2021\/03\/IMG-20210322-WA0023-120x86.jpg\" class=\"attachment-jnews-120x86 size-jnews-120x86\" alt=\"\" srcset=\"https:\/\/atecordoba.org\/wp-content\/uploads\/2021\/03\/IMG-20210322-WA0023-120x86.jpg 120w, https:\/\/atecordoba.org\/wp-content\/uploads\/2021\/03\/IMG-20210322-WA0023-300x216.jpg 300w, https:\/\/atecordoba.org\/wp-content\/uploads\/2021\/03\/IMG-20210322-WA0023-768x553.jpg 768w, https:\/\/atecordoba.org\/wp-content\/uploads\/2021\/03\/IMG-20210322-WA0023-350x250.jpg 350w, https:\/\/atecordoba.org\/wp-content\/uploads\/2021\/03\/IMG-20210322-WA0023-750x540.jpg 750w, https:\/\/atecordoba.org\/wp-content\/uploads\/2021\/03\/IMG-20210322-WA0023.jpg 988w\" sizes=\"auto, (max-width: 120px) 100vw, 120px\" \/>\n                            <\/div>\n                        <\/a><a data-id=\"16\" data-title=\"\" data-image=\"https:\/\/atecordoba.org\/wp-content\/uploads\/2021\/03\/IMG-20210322-WA0024.jpg\" href=\"https:\/\/atecordoba.org\/wp-content\/uploads\/2021\/03\/IMG-20210322-WA0024.jpg\" class=\"jeg_preview_item \">\n                            <div class=\"jeg_preview_item_thumbnail\">\n                                <img loading=\"lazy\" decoding=\"async\" width=\"120\" height=\"86\" src=\"https:\/\/atecordoba.org\/wp-content\/uploads\/2021\/03\/IMG-20210322-WA0024-120x86.jpg\" class=\"attachment-jnews-120x86 size-jnews-120x86\" alt=\"\" srcset=\"https:\/\/atecordoba.org\/wp-content\/uploads\/2021\/03\/IMG-20210322-WA0024-120x86.jpg 120w, https:\/\/atecordoba.org\/wp-content\/uploads\/2021\/03\/IMG-20210322-WA0024-350x250.jpg 350w\" sizes=\"auto, (max-width: 120px) 100vw, 120px\" \/>\n                            <\/div>\n                        <\/a><a data-id=\"17\" data-title=\"\" data-image=\"https:\/\/atecordoba.org\/wp-content\/uploads\/2021\/03\/IMG-20210319-WA0197.jpg\" href=\"https:\/\/atecordoba.org\/wp-content\/uploads\/2021\/03\/IMG-20210319-WA0197.jpg\" class=\"jeg_preview_item \">\n                            <div class=\"jeg_preview_item_thumbnail\">\n                                <img loading=\"lazy\" decoding=\"async\" width=\"120\" height=\"86\" src=\"https:\/\/atecordoba.org\/wp-content\/uploads\/2021\/03\/IMG-20210319-WA0197-120x86.jpg\" class=\"attachment-jnews-120x86 size-jnews-120x86\" alt=\"\" srcset=\"https:\/\/atecordoba.org\/wp-content\/uploads\/2021\/03\/IMG-20210319-WA0197-120x86.jpg 120w, https:\/\/atecordoba.org\/wp-content\/uploads\/2021\/03\/IMG-20210319-WA0197-350x250.jpg 350w, https:\/\/atecordoba.org\/wp-content\/uploads\/2021\/03\/IMG-20210319-WA0197-750x536.jpg 750w\" sizes=\"auto, (max-width: 120px) 100vw, 120px\" \/>\n                            <\/div>\n                        <\/a><a data-id=\"18\" data-title=\"\" data-image=\"https:\/\/atecordoba.org\/wp-content\/uploads\/2021\/03\/IMG-20210319-WA0198.jpg\" href=\"https:\/\/atecordoba.org\/wp-content\/uploads\/2021\/03\/IMG-20210319-WA0198.jpg\" class=\"jeg_preview_item \">\n                            <div class=\"jeg_preview_item_thumbnail\">\n                                <img loading=\"lazy\" decoding=\"async\" width=\"120\" height=\"86\" src=\"https:\/\/atecordoba.org\/wp-content\/uploads\/2021\/03\/IMG-20210319-WA0198-120x86.jpg\" class=\"attachment-jnews-120x86 size-jnews-120x86\" alt=\"\" srcset=\"https:\/\/atecordoba.org\/wp-content\/uploads\/2021\/03\/IMG-20210319-WA0198-120x86.jpg 120w, https:\/\/atecordoba.org\/wp-content\/uploads\/2021\/03\/IMG-20210319-WA0198-350x250.jpg 350w, https:\/\/atecordoba.org\/wp-content\/uploads\/2021\/03\/IMG-20210319-WA0198-750x536.jpg 750w\" sizes=\"auto, (max-width: 120px) 100vw, 120px\" \/>\n                            <\/div>\n                        <\/a><a data-id=\"19\" data-title=\"\" data-image=\"https:\/\/atecordoba.org\/wp-content\/uploads\/2021\/03\/IMG-20210319-WA0199.jpg\" href=\"https:\/\/atecordoba.org\/wp-content\/uploads\/2021\/03\/IMG-20210319-WA0199.jpg\" class=\"jeg_preview_item \">\n                            <div class=\"jeg_preview_item_thumbnail\">\n                                <img loading=\"lazy\" decoding=\"async\" width=\"120\" height=\"86\" src=\"https:\/\/atecordoba.org\/wp-content\/uploads\/2021\/03\/IMG-20210319-WA0199-120x86.jpg\" class=\"attachment-jnews-120x86 size-jnews-120x86\" alt=\"\" srcset=\"https:\/\/atecordoba.org\/wp-content\/uploads\/2021\/03\/IMG-20210319-WA0199-120x86.jpg 120w, https:\/\/atecordoba.org\/wp-content\/uploads\/2021\/03\/IMG-20210319-WA0199-350x250.jpg 350w, https:\/\/atecordoba.org\/wp-content\/uploads\/2021\/03\/IMG-20210319-WA0199-750x536.jpg 750w\" sizes=\"auto, (max-width: 120px) 100vw, 120px\" \/>\n                            <\/div>\n                        <\/a><a data-id=\"20\" data-title=\"\" data-image=\"https:\/\/atecordoba.org\/wp-content\/uploads\/2021\/03\/IMG-20210319-WA0200.jpg\" href=\"https:\/\/atecordoba.org\/wp-content\/uploads\/2021\/03\/IMG-20210319-WA0200.jpg\" class=\"jeg_preview_item \">\n                            <div class=\"jeg_preview_item_thumbnail\">\n                                <img loading=\"lazy\" decoding=\"async\" width=\"120\" height=\"86\" src=\"https:\/\/atecordoba.org\/wp-content\/uploads\/2021\/03\/IMG-20210319-WA0200-120x86.jpg\" class=\"attachment-jnews-120x86 size-jnews-120x86\" alt=\"\" srcset=\"https:\/\/atecordoba.org\/wp-content\/uploads\/2021\/03\/IMG-20210319-WA0200-120x86.jpg 120w, https:\/\/atecordoba.org\/wp-content\/uploads\/2021\/03\/IMG-20210319-WA0200-350x250.jpg 350w, https:\/\/atecordoba.org\/wp-content\/uploads\/2021\/03\/IMG-20210319-WA0200-750x536.jpg 750w\" sizes=\"auto, (max-width: 120px) 100vw, 120px\" \/>\n                            <\/div>\n                        <\/a><a data-id=\"21\" data-title=\"\" data-image=\"https:\/\/atecordoba.org\/wp-content\/uploads\/2021\/03\/IMG-20210319-WA0201.jpg\" href=\"https:\/\/atecordoba.org\/wp-content\/uploads\/2021\/03\/IMG-20210319-WA0201.jpg\" class=\"jeg_preview_item \">\n                            <div class=\"jeg_preview_item_thumbnail\">\n                                <img loading=\"lazy\" decoding=\"async\" width=\"120\" height=\"86\" src=\"https:\/\/atecordoba.org\/wp-content\/uploads\/2021\/03\/IMG-20210319-WA0201-120x86.jpg\" class=\"attachment-jnews-120x86 size-jnews-120x86\" alt=\"\" srcset=\"https:\/\/atecordoba.org\/wp-content\/uploads\/2021\/03\/IMG-20210319-WA0201-120x86.jpg 120w, https:\/\/atecordoba.org\/wp-content\/uploads\/2021\/03\/IMG-20210319-WA0201-350x250.jpg 350w, https:\/\/atecordoba.org\/wp-content\/uploads\/2021\/03\/IMG-20210319-WA0201-750x536.jpg 750w\" sizes=\"auto, (max-width: 120px) 100vw, 120px\" \/>\n                            <\/div>\n                        <\/a>\n                    <\/div>\n                        <\/div>\n                        <div class=\"jeg_preview_description\">\n                            \n                            <div class=\"jeg_preview_description_wrapper\">\n                            \n                            <\/div>\n                        <\/div>\n                        <script>\n                            var gallery_1 = {\n                                rtl: false,\n                                native_zoom: false,\n                                zoom_max: 5,\n                                zoom_step: 40,\n                                image_sequence: [{\"src\":\"https:\\\/\\\/atecordoba.org\\\/wp-content\\\/uploads\\\/2021\\\/03\\\/IMG-20210319-WA0202.jpg\",\"w\":780,\"h\":1040,\"title\":\"\"},{\"src\":\"https:\\\/\\\/atecordoba.org\\\/wp-content\\\/uploads\\\/2021\\\/03\\\/IMG-20210319-WA0274.jpg\",\"w\":1280,\"h\":661,\"title\":\"\"},{\"src\":\"https:\\\/\\\/atecordoba.org\\\/wp-content\\\/uploads\\\/2021\\\/03\\\/IMG-20210319-WA0275.jpg\",\"w\":1280,\"h\":726,\"title\":\"\"},{\"src\":\"https:\\\/\\\/atecordoba.org\\\/wp-content\\\/uploads\\\/2021\\\/03\\\/IMG-20210319-WA0276.jpg\",\"w\":1280,\"h\":707,\"title\":\"\"},{\"src\":\"https:\\\/\\\/atecordoba.org\\\/wp-content\\\/uploads\\\/2021\\\/03\\\/IMG-20210319-WA0277.jpg\",\"w\":1032,\"h\":774,\"title\":\"\"},{\"src\":\"https:\\\/\\\/atecordoba.org\\\/wp-content\\\/uploads\\\/2021\\\/03\\\/IMG-20210319-WA0278.jpg\",\"w\":1032,\"h\":774,\"title\":\"\"},{\"src\":\"https:\\\/\\\/atecordoba.org\\\/wp-content\\\/uploads\\\/2021\\\/03\\\/IMG-20210319-WA0279.jpg\",\"w\":1032,\"h\":774,\"title\":\"\"},{\"src\":\"https:\\\/\\\/atecordoba.org\\\/wp-content\\\/uploads\\\/2021\\\/03\\\/IMG-20210319-WA0280.jpg\",\"w\":1032,\"h\":774,\"title\":\"\"},{\"src\":\"https:\\\/\\\/atecordoba.org\\\/wp-content\\\/uploads\\\/2021\\\/03\\\/IMG-20210319-WA0282.jpg\",\"w\":1280,\"h\":1201,\"title\":\"\"},{\"src\":\"https:\\\/\\\/atecordoba.org\\\/wp-content\\\/uploads\\\/2021\\\/03\\\/IMG-20210322-WA0017.jpg\",\"w\":1040,\"h\":780,\"title\":\"\"},{\"src\":\"https:\\\/\\\/atecordoba.org\\\/wp-content\\\/uploads\\\/2021\\\/03\\\/IMG-20210322-WA0018.jpg\",\"w\":941,\"h\":740,\"title\":\"\"},{\"src\":\"https:\\\/\\\/atecordoba.org\\\/wp-content\\\/uploads\\\/2021\\\/03\\\/IMG-20210322-WA0019.jpg\",\"w\":874,\"h\":736,\"title\":\"\"},{\"src\":\"https:\\\/\\\/atecordoba.org\\\/wp-content\\\/uploads\\\/2021\\\/03\\\/IMG-20210322-WA0020.jpg\",\"w\":858,\"h\":728,\"title\":\"\"},{\"src\":\"https:\\\/\\\/atecordoba.org\\\/wp-content\\\/uploads\\\/2021\\\/03\\\/IMG-20210322-WA0021.jpg\",\"w\":926,\"h\":682,\"title\":\"\"},{\"src\":\"https:\\\/\\\/atecordoba.org\\\/wp-content\\\/uploads\\\/2021\\\/03\\\/IMG-20210322-WA0022.jpg\",\"w\":916,\"h\":748,\"title\":\"\"},{\"src\":\"https:\\\/\\\/atecordoba.org\\\/wp-content\\\/uploads\\\/2021\\\/03\\\/IMG-20210322-WA0023.jpg\",\"w\":988,\"h\":711,\"title\":\"\"},{\"src\":\"https:\\\/\\\/atecordoba.org\\\/wp-content\\\/uploads\\\/2021\\\/03\\\/IMG-20210322-WA0024.jpg\",\"w\":725,\"h\":729,\"title\":\"\"},{\"src\":\"https:\\\/\\\/atecordoba.org\\\/wp-content\\\/uploads\\\/2021\\\/03\\\/IMG-20210319-WA0197.jpg\",\"w\":1040,\"h\":780,\"title\":\"\"},{\"src\":\"https:\\\/\\\/atecordoba.org\\\/wp-content\\\/uploads\\\/2021\\\/03\\\/IMG-20210319-WA0198.jpg\",\"w\":1040,\"h\":780,\"title\":\"\"},{\"src\":\"https:\\\/\\\/atecordoba.org\\\/wp-content\\\/uploads\\\/2021\\\/03\\\/IMG-20210319-WA0199.jpg\",\"w\":1040,\"h\":780,\"title\":\"\"},{\"src\":\"https:\\\/\\\/atecordoba.org\\\/wp-content\\\/uploads\\\/2021\\\/03\\\/IMG-20210319-WA0200.jpg\",\"w\":1040,\"h\":780,\"title\":\"\"},{\"src\":\"https:\\\/\\\/atecordoba.org\\\/wp-content\\\/uploads\\\/2021\\\/03\\\/IMG-20210319-WA0201.jpg\",\"w\":780,\"h\":1040,\"title\":\"\"}]\n                            };\n                        <\/script>\n                    <\/div>\n<p>El viernes pasado la Secretaria de Formaci\u00f3n del Consejo Directivo Provincial (CDP) realiz\u00f3 una capacitaci\u00f3n para trabajadores y trabajadoras municipales de las localidad de Quilino y de Dean Funes.<\/p>\n<p>La actividad estuvo a cargo del secretario de Formaci\u00f3n, C\u00e9sar Theaux, la secretaria de Prensa, Julia Giuliani, y Franco Orsato, del Departamento de Discapacidad del CDP.<\/p>\n<p>Alrededor de 30 compa\u00f1eras y compa\u00f1eros abordaron cuestiones relacionadas con la actividad sindical, DDHH, discapacidad y g\u00e9neros.<\/p>\n<p>&#8220;Destacamos que todas y todos los compa\u00f1eros completaron las tres horas de formaci\u00f3n de manera muy comprometida&#8221;, apunt\u00f3 Theaux.<\/p>\n<p>En la oportunidad se hizo entrega de los kits escolares que les corresponden a los participantes como afiliados y dirigentes de ATE.<\/p>\n","protected":false},"excerpt":{"rendered":"<p>El viernes pasado la Secretaria de Formaci\u00f3n del Consejo Directivo Provincial (CDP) realiz\u00f3 una capacitaci\u00f3n para trabajadores y trabajadoras municipales de las localidad de Quilino y de Dean Funes. La actividad estuvo a cargo del secretario de Formaci\u00f3n, C\u00e9sar Theaux, la secretaria de Prensa, Julia Giuliani, y Franco Orsato, del Departamento de Discapacidad del CDP. [&hellip;]<\/p>\n","protected":false},"author":7,"featured_media":24962,"comment_status":"open","ping_status":"open","sticky":true,"template":"","format":"standard","meta":{"_exactmetrics_skip_tracking":false,"_exactmetrics_sitenote_active":false,"_exactmetrics_sitenote_note":"","_exactmetrics_sitenote_category":0,"jnews-multi-image_gallery":[],"jnews_single_post":{"source_name":"","source_url":"","via_name":"","via_url":"","override_template":"0","override":[{"template":"1","single_blog_custom":"","parallax":"1","fullscreen":"0","layout":"right-sidebar","sidebar":"default-sidebar","second_sidebar":"default-sidebar","sticky_sidebar":"1","share_position":"top","share_float_style":"share-monocrhome","show_share_counter":"1","show_view_counter":"1","show_featured":"1","show_post_meta":"1","show_post_author":"1","show_post_author_image":"1","show_post_date":"1","post_date_format":"default","post_date_format_custom":"Y\/m\/d","show_post_category":"1","show_post_reading_time":"0","post_reading_time_wpm":"300","show_zoom_button":"0","zoom_button_out_step":"2","zoom_button_in_step":"3","show_post_tag":"1","show_prev_next_post":"1","show_popup_post":"1","number_popup_post":"1","show_author_box":"0","show_post_related":"0","show_inline_post_related":"0"}],"override_image_size":"0","image_override":[{"single_post_thumbnail_size":"crop-500","single_post_gallery_size":"crop-500"}],"trending_post":"0","trending_post_position":"meta","trending_post_label":"Trending","sponsored_post":"0","sponsored_post_label":"Sponsored by","sponsored_post_name":"","sponsored_post_url":"","sponsored_post_logo_enable":"0","sponsored_post_logo":"","sponsored_post_desc":""},"jnews_primary_category":{"id":""},"jnews_social_meta":{"fb_title":"","fb_description":"","fb_image":"","twitter_title":"","twitter_description":"","twitter_image":""},"jnews_review":[],"enable_review":"0","type":"percentage","name":"","summary":"","brand":"","sku":"","good":[{"good_text":""}],"bad":[{"bad_text":""}],"score_override":"","override_value":"","rating":[{"rating_text":"","rating_number":"10"}],"price":[{"shop":"","price":"","link":"","icon":""}],"jnews_override_counter":{"override_view_counter":"0","view_counter_number":"0","override_share_counter":"0","share_counter_number":"0","override_like_counter":"0","like_counter_number":"0","override_dislike_counter":"0","dislike_counter_number":"0"},"jnews_post_split":{"enable_post_split":"0","post_split":[{"template":"1","tag":"h2","numbering":"asc","mode":"normal"}]},"footnotes":""},"categories":[88,20],"tags":[672,655],"class_list":["post-24954","post","type-post","status-publish","format-standard","has-post-thumbnail","hentry","category-formacion","category-municipales","tag-dean-funes","tag-quilino"],"jetpack_featured_media_url":"https:\/\/atecordoba.org\/wp-content\/uploads\/2021\/03\/IMG-20210319-WA0279.jpg","_links":{"self":[{"href":"https:\/\/atecordoba.org\/index.php?rest_route=\/wp\/v2\/posts\/24954","targetHints":{"allow":["GET"]}}],"collection":[{"href":"https:\/\/atecordoba.org\/index.php?rest_route=\/wp\/v2\/posts"}],"about":[{"href":"https:\/\/atecordoba.org\/index.php?rest_route=\/wp\/v2\/types\/post"}],"author":[{"embeddable":true,"href":"https:\/\/atecordoba.org\/index.php?rest_route=\/wp\/v2\/users\/7"}],"replies":[{"embeddable":true,"href":"https:\/\/atecordoba.org\/index.php?rest_route=%2Fwp%2Fv2%2Fcomments&post=24954"}],"version-history":[{"count":3,"href":"https:\/\/atecordoba.org\/index.php?rest_route=\/wp\/v2\/posts\/24954\/revisions"}],"predecessor-version":[{"id":24984,"href":"https:\/\/atecordoba.org\/index.php?rest_route=\/wp\/v2\/posts\/24954\/revisions\/24984"}],"wp:featuredmedia":[{"embeddable":true,"href":"https:\/\/atecordoba.org\/index.php?rest_route=\/wp\/v2\/media\/24962"}],"wp:attachment":[{"href":"https:\/\/atecordoba.org\/index.php?rest_route=%2Fwp%2Fv2%2Fmedia&parent=24954"}],"wp:term":[{"taxonomy":"category","embeddable":true,"href":"https:\/\/atecordoba.org\/index.php?rest_route=%2Fwp%2Fv2%2Fcategories&post=24954"},{"taxonomy":"post_tag","embeddable":true,"href":"https:\/\/atecordoba.org\/index.php?rest_route=%2Fwp%2Fv2%2Ftags&post=24954"}],"curies":[{"name":"wp","href":"https:\/\/api.w.org\/{rel}","templated":true}]}}