{"id":2487,"date":"2013-03-15T17:51:06","date_gmt":"2013-03-15T20:51:06","guid":{"rendered":"http:\/\/www.atecordoba.org\/?p=2487"},"modified":"2013-03-15T17:51:06","modified_gmt":"2013-03-15T20:51:06","slug":"micheli-el-mejor-homenaje-a-la-democracia-es-construir-otro-gran-paro-nacional","status":"publish","type":"post","link":"https:\/\/atecordoba.org\/?p=2487","title":{"rendered":"Micheli: \u201cEl mejor homenaje a la Democracia es construir otro gran paro nacional\u201d"},"content":{"rendered":"<p><em>Miles de trabajadores y trabajadoras de la CGT y la CTA adem\u00e1s de otras organizaciones sociales y pol\u00edticas como la CCC y Barrios de Pie marcharon esta tarde al Ministerio de Trabajo de la Naci\u00f3n para volver a exigir paritarias libres, salarios m\u00ednimos y planes sociales superiores a 5 mil pesos, la unificaci\u00f3n de las asignaciones familiares, el 82% m\u00f3vil y la necesidad de contar con libertad y democracia sindical que permita a los trabajadores elegir d\u00f3nde estar agremiados. La movilizaci\u00f3n finaliz\u00f3 con la palabra de Micheli y Moyano de construir otro gran paro nacional para abril o mayo.<\/em><\/p>\n<p><a href=\"http:\/\/www.atecordoba.org\/wp-content\/uploads\/2013\/03\/pablo-acto-14-3.jpg\"><img loading=\"lazy\" decoding=\"async\" class=\"aligncenter size-medium wp-image-2488\" title=\"pablo- acto 14-3\" src=\"http:\/\/www.atecordoba.org\/wp-content\/uploads\/2013\/03\/pablo-acto-14-3-300x200.jpg\" alt=\"\" width=\"300\" height=\"200\" \/><\/a><\/p>\n<p>Pasadas las 3 de la tarde, los miles y miles de compa\u00f1eros y compa\u00f1eras de la CTA y otras organizaciones sociales y pol\u00edticas como la CCC, Barrio de pie, el MST marcharon desde el Obelisco hasta el Ministerio de Trabajo donde se encontraron con los trabajadores y trabajadoras de la CGT que hab\u00edan salido de 9 de Julio y Belgrano.<\/p>\n<div>\u00a0Ante la presencia de trabajadores del Ferrocarril Sarmiento, la Federaci\u00f3n Nacional Docente, Fesprosa, ATE, Cicop, Uettel, UCRA de la CTA y los gremios de la CGT, frente a las puertas del Minitsterio de Trabajo de la Naci\u00f3n comenz\u00f3 el acto pasadas las 16. El secretario de Relaciones Institucionales de la CTA Juan Carlos Giuliani, antes de darle la palabra al primer orador, salud\u00f3 la presencia de todos los presentes y de los medios de comunicaci\u00f3n y se dirigi\u00f3 al ministro Tomada y a la Presidenta: \u201clos trabajadores no vamos a pagar los platos rotos de una fiesta a la que no hemos sido convidados\u201d. Pip\u00f3n Giuliani destac\u00f3 adem\u00e1s el acompa\u00f1amiento de diputados nacionales como Claudio Lozano, Pino Solanas, Liliana Parada, Graciela Iturraspe y legisladores como Vilma Ripoll, adem\u00e1s de la siempre presente Madre de Plaza de Mayo L\u00ednea Fundadora e integrante de la Mesa Nacional de la CTA, Elia Espen. Tambi\u00e9n destac\u00f3 la presencia del MTL, el MOI, la UST, la FJA y la Mesa Coordinadora Nacional de Jubilados de la CTA, as\u00ed como de la Federaci\u00f3n Nacional de Conductores de Taxi.<\/div>\n<div><a href=\"http:\/\/www.atecordoba.org\/wp-content\/uploads\/2013\/03\/marcha-bs-as-14-3.jpg\"><img loading=\"lazy\" decoding=\"async\" class=\"aligncenter size-full wp-image-2489\" title=\"marcha bs as 14-3\" src=\"http:\/\/www.atecordoba.org\/wp-content\/uploads\/2013\/03\/marcha-bs-as-14-3.jpg\" alt=\"\" width=\"440\" height=\"293\" \/><\/a><\/div>\n<div>\n<p>Al comp\u00e1s del movimientos de las cientos de banderas que flameaban con el viento, Miguel D\u00edaz, secretario general de UDOCBA-CGT comenz\u00f3 su discurso parafraseando a Per\u00f3n: \u201cel compa\u00f1ero Per\u00f3n consideraba que democracia es cuando el gobierno hace lo que el pueblo quiere y este gobierno no lo hace por eso estamos 8 provincias con conflictos en educaci\u00f3n porque este gobierno avasalla a los trabajadores. Tiene la misma matriz en educaci\u00f3n que el Menemismo\u201d. Ante el aplauso de todos y todas, D\u00edaz se\u00f1al\u00f3: \u201cEstamos hartos de que nos cobren peaje por el salario, nos pagan en negro, no cobramos el 82% m\u00f3vil, pedimos un salario de 5 mil pesos y nos dicen que estamos locos. Mientras que cuando Cristina trata su salario no tiene problema en aument\u00e1rselo y los Diputados tampoco, entonces por qu\u00e9 nos dicen que es una locura pedir una retribuci\u00f3n de m\u00e1s del 25%\u201d.<\/p>\n<p>Para finalizar el dirigente docente de la CGT le pidi\u00f3 a la Presidenta que retomara el modelo de la justicia social: \u201cSi usted nos deja ayudar, si escucha a estos dirigentes ejemplares que tenemos como son Hugo Moyano y Pablo Micheli, vamos a construir un pa\u00eds mejor. La vamos a ayudar porque tenemos coraz\u00f3n, tenemos sangre y somos hinchas de la Argentina\u201d.<\/p>\n<p>Antes de darle la palabra al siguiente orador, Pip\u00f3n Giuliani subray\u00f3: \u201cc\u00f3mo pueden decirnos que no hay plata si el a\u00f1o pasado los Bancos ganaron 20 mil millones de pesos\u201d.<\/p>\n<p><a href=\"http:\/\/www.atecordoba.org\/wp-content\/uploads\/2013\/03\/julio-fuentes-acto-min-trabajo1.jpg\"><img loading=\"lazy\" decoding=\"async\" class=\"aligncenter size-full wp-image-2490\" title=\"julio fuentes - acto min trabajo\" src=\"http:\/\/www.atecordoba.org\/wp-content\/uploads\/2013\/03\/julio-fuentes-acto-min-trabajo1.jpg\" alt=\"\" width=\"310\" height=\"207\" \/><\/a><\/p>\n<p>Agradeciendo la posibilidad de poder tomar la palabra en el acto comenz\u00f3 su discurso Julio Fuentes, secretario general de ATE Nacional: \u201cEsto parece un pa\u00eds al rev\u00e9s: la fuerza de seguridad que tendr\u00eda que cuidar a nuestras familias, est\u00e1 persiguiendo trabajadores a trav\u00e9s del Proyecto X con el que nos criminalizan en todo el pa\u00eds\u201d. Fuentes dijo adem\u00e1s que mientras que durante el peronismo el Ministerio de Trabajo hab\u00eda estado siempre a favor de los trabajadores que son los m\u00e1s d\u00e9biles, este gobierno ni siquiera utilizaba esa instituci\u00f3n como \u00e1rbitro sino que siempre estaba en funci\u00f3n de los intereses empresarios. \u201cNos est\u00e1n condenando a la miseria a m\u00e1s de 3 millones de asalariados estatales en todo el pa\u00eds, a nosotros no nos rige ni siquiera el Salario M\u00ednimo, Vital y M\u00f3vil\u201d, finaliz\u00f3 Fuentes.<\/p>\n<p>A continuaci\u00f3n, Giuliani aprovech\u00f3 el espacio para contar que se est\u00e1 conformando un frente de gremios estatales de la CTA y la CGT para luchar en conjunto por conseguir salarios y condiciones de vida dignas.<\/p>\n<p>\u201cMe pone muy contento que otra vez estemos en la calle en la unidad en la acci\u00f3n con la presencia de miles y miles de compa\u00f1eros y compa\u00f1eras\u201d, comenz\u00f3 sus palabras Pablo Micheli. \u201cEstamos en la calle para demostrar que en la diversidad somos m\u00e1s fuertes para conseguir las reivindicaciones por las que luchamos. No tengan dudas que no vamos a bajar los brazos y no vamos a dejar la calle. Tenemos un Papa argentino, lo tenemos a Messi y vamos a construir un pa\u00eds nacional y popular\u201d, agreg\u00f3 ante el aplauso de todos los compa\u00f1eros y compa\u00f1eras.<\/p>\n<p>Micheli se refiri\u00f3 tambi\u00e9n al conflicto docente que en este momento tiene a 8 provincias de paro desde hace m\u00e1s de 20 d\u00edas: \u201cNuestros hijos no pueden ir a la escuela porque este gobierno paga sueldos de miseria. Sin educaci\u00f3n no hay futuro\u201d. Por otra parte, el secretario general de la CTA llam\u00f3 a cambiar la hegemon\u00eda kirchnerista en el Congreso que ha votado leyes como la de ART en contra de los trabajadores. Antes de finalizar su discurso dijo: \u201cA 30 a\u00f1os de la vuelta a la democracia, el mejor homenaje que podemos hacerle es construir un gran paro nacional para demostrar que no estamos dispuestos a entregar nuestras conquistas, fuerza compa\u00f1eros y compa\u00f1eras\u201d.<\/p>\n<p><a href=\"http:\/\/www.atecordoba.org\/wp-content\/uploads\/2013\/03\/moyano-14-3.jpg\"><img loading=\"lazy\" decoding=\"async\" class=\"aligncenter size-full wp-image-2491\" title=\"moyano 14-3\" src=\"http:\/\/www.atecordoba.org\/wp-content\/uploads\/2013\/03\/moyano-14-3.jpg\" alt=\"\" width=\"440\" height=\"293\" \/><\/a><\/p>\n<p>El \u00faltimo orador fue el secretario general de la CGT quien comenz\u00f3 rindi\u00e9ndole homenaje al nuevo Papa argentino y tambi\u00e9n a los trabajadores reprimidos hace unos d\u00edas en La Matanza. &#8220;La se\u00f1ora Presidenta se puso del lado de los bufones, como el ministro de Trabajo (Carlos Tomada), y comenzaron a desobedecer los acuerdos de ese entonces y a reducir salarios&#8221;, dijo Moyano al tiempo que agreg\u00f3: &#8220;Yo le digo a la se\u00f1ora Presidenta, usted es una abogada exitosa. No tiene noci\u00f3n de lo que significa arrebatarles a los trabajadores tres mil pesos de sus salarios\u201d y termin\u00f3 con una cita de Per\u00f3n: &#8220;Cuando los pueblos agotan su paciencia suele tronar el escarmiento&#8221;.<\/p>\n<p>&nbsp;<\/p>\n<\/div>\n","protected":false},"excerpt":{"rendered":"<p>Miles de trabajadores y trabajadoras de la CGT y la CTA adem\u00e1s de otras organizaciones sociales y pol\u00edticas como la CCC y Barrios de Pie marcharon esta tarde al Ministerio de Trabajo de la Naci\u00f3n para volver a exigir paritarias libres, salarios m\u00ednimos y planes sociales superiores a 5 mil pesos, la unificaci\u00f3n de las [&hellip;]<\/p>\n","protected":false},"author":1,"featured_media":19220,"comment_status":"open","ping_status":"open","sticky":false,"template":"","format":"standard","meta":{"_exactmetrics_skip_tracking":false,"_exactmetrics_sitenote_active":false,"_exactmetrics_sitenote_note":"","_exactmetrics_sitenote_category":0,"jnews-multi-image_gallery":[],"jnews_single_post":[],"jnews_primary_category":[],"jnews_social_meta":[],"jnews_review":[],"enable_review":"","type":"","name":"","summary":"","brand":"","sku":"","good":[],"bad":[],"score_override":"","override_value":"","rating":[],"price":[],"jnews_override_counter":[],"jnews_post_split":[],"footnotes":""},"categories":[18],"tags":[],"class_list":["post-2487","post","type-post","status-publish","format-standard","has-post-thumbnail","hentry","category-nacionales"],"jetpack_featured_media_url":"https:\/\/atecordoba.org\/wp-content\/uploads\/2020\/05\/logo-nuevochico-e1561581322808.png","_links":{"self":[{"href":"https:\/\/atecordoba.org\/index.php?rest_route=\/wp\/v2\/posts\/2487","targetHints":{"allow":["GET"]}}],"collection":[{"href":"https:\/\/atecordoba.org\/index.php?rest_route=\/wp\/v2\/posts"}],"about":[{"href":"https:\/\/atecordoba.org\/index.php?rest_route=\/wp\/v2\/types\/post"}],"author":[{"embeddable":true,"href":"https:\/\/atecordoba.org\/index.php?rest_route=\/wp\/v2\/users\/1"}],"replies":[{"embeddable":true,"href":"https:\/\/atecordoba.org\/index.php?rest_route=%2Fwp%2Fv2%2Fcomments&post=2487"}],"version-history":[{"count":0,"href":"https:\/\/atecordoba.org\/index.php?rest_route=\/wp\/v2\/posts\/2487\/revisions"}],"wp:featuredmedia":[{"embeddable":true,"href":"https:\/\/atecordoba.org\/index.php?rest_route=\/wp\/v2\/media\/19220"}],"wp:attachment":[{"href":"https:\/\/atecordoba.org\/index.php?rest_route=%2Fwp%2Fv2%2Fmedia&parent=2487"}],"wp:term":[{"taxonomy":"category","embeddable":true,"href":"https:\/\/atecordoba.org\/index.php?rest_route=%2Fwp%2Fv2%2Fcategories&post=2487"},{"taxonomy":"post_tag","embeddable":true,"href":"https:\/\/atecordoba.org\/index.php?rest_route=%2Fwp%2Fv2%2Ftags&post=2487"}],"curies":[{"name":"wp","href":"https:\/\/api.w.org\/{rel}","templated":true}]}}