{"id":24846,"date":"2021-03-19T12:51:43","date_gmt":"2021-03-19T15:51:43","guid":{"rendered":"https:\/\/atecordoba.org\/?p=24846"},"modified":"2021-03-19T12:51:43","modified_gmt":"2021-03-19T15:51:43","slug":"giuliani-si-no-hay-respuestas-las-medidas-tomadas-en-cordoba-se-extenderan-a-todo-el-pais","status":"publish","type":"post","link":"https:\/\/atecordoba.org\/?p=24846","title":{"rendered":"Giuliani: &#8220;Si no hay respuestas, las medidas tomadas en C\u00f3rdoba se extender\u00e1n a todo el pa\u00eds&#8221;"},"content":{"rendered":"<div>\n<div style='display:none' class=\"jeg_preview_slider gallery_1\" data-selector='gallery_1'>\n                        <div class=\"jeg_preview_holder\">\n                            <div class=\"jeg_preview_media\">\n                        <div class=\"jeg_preview_media_holder\">\n                            <h3>&nbsp;<\/h3>\n                            <div class=\"fullscreen-switch\">\n                                <i class=\"fa\"><\/i>\n                            <\/div>\n                            <div class=\"jeg_preview_media_content\">\n                                <div class=\"jeg_preview_media_content_holder_padding\">\n                                    <div class=\"jeg_preview_media_content_holder\"><\/div>\n                                <\/div>\n                                <div class=\"jeg_preview_media_content_navigation\">\n                                    <div class=\"prev\">\n\t\t\t\t\t\t\t\t\t\t<i class=\"fa\"><\/i>\n\t\t\t\t\t\t\t\t\t<\/div>\n                                    <div class=\"next\">\n\t\t\t\t\t\t\t\t\t\t<i class=\"fa\"><\/i>\n\t\t\t\t\t\t\t\t\t<\/div>\n                                <\/div>\n                                <div class='preview-slider-overlay'>\n                                    <div class='preloader_type preloader_dot'>\n                                        <div class=\"module-preloader jeg_preloader dot\">\n                                            <span><\/span><span><\/span><span><\/span>\n                                        <\/div>\n                                        <div class=\"module-preloader jeg_preloader circle\">\n                                            <div class=\"jnews_preloader_circle_outer\">\n                                                <div class=\"jnews_preloader_circle_inner\"><\/div>\n                                            <\/div>\n                                        <\/div>\n                                        <div class=\"module-preloader jeg_preloader square\">\n                                            <div class=\"jeg_square\">\n                                                <div class=\"jeg_square_inner\"><\/div>\n                                            <\/div>\n                                        <\/div>\n                                    <\/div>\n                                <\/div>\n                            <\/div>\n                            <div class=\"jeg_preview_control\">\n                                <div class=\"left_control\">\n                                    <div class=\"counter\"><span class=\"current\">1<\/span> de  45<\/div>\n                                    <div class=\"subtitle\"><\/div>\n                                <\/div>\n                                <div class=\"zoom\">\n                                    <span class=\"reduce\">-<\/span>\n                                    <span class=\"increase\">+<\/span>\n                                <\/div>\n                            <\/div>\n                        <\/div>\n                    <\/div>\n\n                    <div class=\"jeg_preview_bottom_slider\">\n                        <a data-id=\"0\" data-title=\"\" data-image=\"https:\/\/atecordoba.org\/wp-content\/uploads\/2021\/03\/18-03-Jornada-Lucha-Paro-y-Movilizacion-Min-Trabajo_46.jpg\" href=\"https:\/\/atecordoba.org\/wp-content\/uploads\/2021\/03\/18-03-Jornada-Lucha-Paro-y-Movilizacion-Min-Trabajo_46.jpg\" class=\"jeg_preview_item active\">\n                            <div class=\"jeg_preview_item_thumbnail\">\n                                <img loading=\"lazy\" decoding=\"async\" width=\"120\" height=\"86\" src=\"https:\/\/atecordoba.org\/wp-content\/uploads\/2021\/03\/18-03-Jornada-Lucha-Paro-y-Movilizacion-Min-Trabajo_46-120x86.jpg\" class=\"attachment-jnews-120x86 size-jnews-120x86\" alt=\"\" srcset=\"https:\/\/atecordoba.org\/wp-content\/uploads\/2021\/03\/18-03-Jornada-Lucha-Paro-y-Movilizacion-Min-Trabajo_46-120x86.jpg 120w, https:\/\/atecordoba.org\/wp-content\/uploads\/2021\/03\/18-03-Jornada-Lucha-Paro-y-Movilizacion-Min-Trabajo_46-350x250.jpg 350w, https:\/\/atecordoba.org\/wp-content\/uploads\/2021\/03\/18-03-Jornada-Lucha-Paro-y-Movilizacion-Min-Trabajo_46-750x536.jpg 750w, https:\/\/atecordoba.org\/wp-content\/uploads\/2021\/03\/18-03-Jornada-Lucha-Paro-y-Movilizacion-Min-Trabajo_46-1140x812.jpg 1140w\" sizes=\"auto, (max-width: 120px) 100vw, 120px\" \/>\n                            <\/div>\n                        <\/a><a data-id=\"1\" data-title=\"\" data-image=\"https:\/\/atecordoba.org\/wp-content\/uploads\/2021\/03\/18-03-Jornada-Lucha-Paro-y-Movilizacion-Min-Trabajo_29.jpg\" href=\"https:\/\/atecordoba.org\/wp-content\/uploads\/2021\/03\/18-03-Jornada-Lucha-Paro-y-Movilizacion-Min-Trabajo_29.jpg\" class=\"jeg_preview_item \">\n                            <div class=\"jeg_preview_item_thumbnail\">\n                                <img loading=\"lazy\" decoding=\"async\" width=\"120\" height=\"86\" src=\"https:\/\/atecordoba.org\/wp-content\/uploads\/2021\/03\/18-03-Jornada-Lucha-Paro-y-Movilizacion-Min-Trabajo_29-120x86.jpg\" class=\"attachment-jnews-120x86 size-jnews-120x86\" alt=\"\" srcset=\"https:\/\/atecordoba.org\/wp-content\/uploads\/2021\/03\/18-03-Jornada-Lucha-Paro-y-Movilizacion-Min-Trabajo_29-120x86.jpg 120w, https:\/\/atecordoba.org\/wp-content\/uploads\/2021\/03\/18-03-Jornada-Lucha-Paro-y-Movilizacion-Min-Trabajo_29-350x250.jpg 350w, https:\/\/atecordoba.org\/wp-content\/uploads\/2021\/03\/18-03-Jornada-Lucha-Paro-y-Movilizacion-Min-Trabajo_29-750x536.jpg 750w, https:\/\/atecordoba.org\/wp-content\/uploads\/2021\/03\/18-03-Jornada-Lucha-Paro-y-Movilizacion-Min-Trabajo_29-1140x815.jpg 1140w\" sizes=\"auto, (max-width: 120px) 100vw, 120px\" \/>\n                            <\/div>\n                        <\/a><a data-id=\"2\" data-title=\"\" data-image=\"https:\/\/atecordoba.org\/wp-content\/uploads\/2021\/03\/18-03-Jornada-Lucha-Paro-y-Movilizacion-Min-Trabajo_30.jpg\" href=\"https:\/\/atecordoba.org\/wp-content\/uploads\/2021\/03\/18-03-Jornada-Lucha-Paro-y-Movilizacion-Min-Trabajo_30.jpg\" class=\"jeg_preview_item \">\n                            <div class=\"jeg_preview_item_thumbnail\">\n                                <img loading=\"lazy\" decoding=\"async\" width=\"120\" height=\"86\" src=\"https:\/\/atecordoba.org\/wp-content\/uploads\/2021\/03\/18-03-Jornada-Lucha-Paro-y-Movilizacion-Min-Trabajo_30-120x86.jpg\" class=\"attachment-jnews-120x86 size-jnews-120x86\" alt=\"\" srcset=\"https:\/\/atecordoba.org\/wp-content\/uploads\/2021\/03\/18-03-Jornada-Lucha-Paro-y-Movilizacion-Min-Trabajo_30-120x86.jpg 120w, https:\/\/atecordoba.org\/wp-content\/uploads\/2021\/03\/18-03-Jornada-Lucha-Paro-y-Movilizacion-Min-Trabajo_30-350x250.jpg 350w, https:\/\/atecordoba.org\/wp-content\/uploads\/2021\/03\/18-03-Jornada-Lucha-Paro-y-Movilizacion-Min-Trabajo_30-750x536.jpg 750w, https:\/\/atecordoba.org\/wp-content\/uploads\/2021\/03\/18-03-Jornada-Lucha-Paro-y-Movilizacion-Min-Trabajo_30-1140x815.jpg 1140w\" sizes=\"auto, (max-width: 120px) 100vw, 120px\" \/>\n                            <\/div>\n                        <\/a><a data-id=\"3\" data-title=\"\" data-image=\"https:\/\/atecordoba.org\/wp-content\/uploads\/2021\/03\/18-03-Jornada-Lucha-Paro-y-Movilizacion-Min-Trabajo_31.jpg\" href=\"https:\/\/atecordoba.org\/wp-content\/uploads\/2021\/03\/18-03-Jornada-Lucha-Paro-y-Movilizacion-Min-Trabajo_31.jpg\" class=\"jeg_preview_item \">\n                            <div class=\"jeg_preview_item_thumbnail\">\n                                <img loading=\"lazy\" decoding=\"async\" width=\"120\" height=\"86\" src=\"https:\/\/atecordoba.org\/wp-content\/uploads\/2021\/03\/18-03-Jornada-Lucha-Paro-y-Movilizacion-Min-Trabajo_31-120x86.jpg\" class=\"attachment-jnews-120x86 size-jnews-120x86\" alt=\"\" srcset=\"https:\/\/atecordoba.org\/wp-content\/uploads\/2021\/03\/18-03-Jornada-Lucha-Paro-y-Movilizacion-Min-Trabajo_31-120x86.jpg 120w, https:\/\/atecordoba.org\/wp-content\/uploads\/2021\/03\/18-03-Jornada-Lucha-Paro-y-Movilizacion-Min-Trabajo_31-350x250.jpg 350w, https:\/\/atecordoba.org\/wp-content\/uploads\/2021\/03\/18-03-Jornada-Lucha-Paro-y-Movilizacion-Min-Trabajo_31-750x536.jpg 750w, https:\/\/atecordoba.org\/wp-content\/uploads\/2021\/03\/18-03-Jornada-Lucha-Paro-y-Movilizacion-Min-Trabajo_31-1140x815.jpg 1140w\" sizes=\"auto, (max-width: 120px) 100vw, 120px\" \/>\n                            <\/div>\n                        <\/a><a data-id=\"4\" data-title=\"\" data-image=\"https:\/\/atecordoba.org\/wp-content\/uploads\/2021\/03\/18-03-Jornada-Lucha-Paro-y-Movilizacion-Min-Trabajo_32.jpg\" href=\"https:\/\/atecordoba.org\/wp-content\/uploads\/2021\/03\/18-03-Jornada-Lucha-Paro-y-Movilizacion-Min-Trabajo_32.jpg\" class=\"jeg_preview_item \">\n                            <div class=\"jeg_preview_item_thumbnail\">\n                                <img loading=\"lazy\" decoding=\"async\" width=\"120\" height=\"86\" src=\"https:\/\/atecordoba.org\/wp-content\/uploads\/2021\/03\/18-03-Jornada-Lucha-Paro-y-Movilizacion-Min-Trabajo_32-120x86.jpg\" class=\"attachment-jnews-120x86 size-jnews-120x86\" alt=\"\" srcset=\"https:\/\/atecordoba.org\/wp-content\/uploads\/2021\/03\/18-03-Jornada-Lucha-Paro-y-Movilizacion-Min-Trabajo_32-120x86.jpg 120w, https:\/\/atecordoba.org\/wp-content\/uploads\/2021\/03\/18-03-Jornada-Lucha-Paro-y-Movilizacion-Min-Trabajo_32-350x250.jpg 350w, https:\/\/atecordoba.org\/wp-content\/uploads\/2021\/03\/18-03-Jornada-Lucha-Paro-y-Movilizacion-Min-Trabajo_32-750x536.jpg 750w, https:\/\/atecordoba.org\/wp-content\/uploads\/2021\/03\/18-03-Jornada-Lucha-Paro-y-Movilizacion-Min-Trabajo_32-1140x815.jpg 1140w\" sizes=\"auto, (max-width: 120px) 100vw, 120px\" \/>\n                            <\/div>\n                        <\/a><a data-id=\"5\" data-title=\"\" data-image=\"https:\/\/atecordoba.org\/wp-content\/uploads\/2021\/03\/18-03-Jornada-Lucha-Paro-y-Movilizacion-Min-Trabajo_33.jpg\" href=\"https:\/\/atecordoba.org\/wp-content\/uploads\/2021\/03\/18-03-Jornada-Lucha-Paro-y-Movilizacion-Min-Trabajo_33.jpg\" class=\"jeg_preview_item \">\n                            <div class=\"jeg_preview_item_thumbnail\">\n                                <img loading=\"lazy\" decoding=\"async\" width=\"120\" height=\"86\" src=\"https:\/\/atecordoba.org\/wp-content\/uploads\/2021\/03\/18-03-Jornada-Lucha-Paro-y-Movilizacion-Min-Trabajo_33-120x86.jpg\" class=\"attachment-jnews-120x86 size-jnews-120x86\" alt=\"\" srcset=\"https:\/\/atecordoba.org\/wp-content\/uploads\/2021\/03\/18-03-Jornada-Lucha-Paro-y-Movilizacion-Min-Trabajo_33-120x86.jpg 120w, https:\/\/atecordoba.org\/wp-content\/uploads\/2021\/03\/18-03-Jornada-Lucha-Paro-y-Movilizacion-Min-Trabajo_33-350x250.jpg 350w, https:\/\/atecordoba.org\/wp-content\/uploads\/2021\/03\/18-03-Jornada-Lucha-Paro-y-Movilizacion-Min-Trabajo_33-750x536.jpg 750w, https:\/\/atecordoba.org\/wp-content\/uploads\/2021\/03\/18-03-Jornada-Lucha-Paro-y-Movilizacion-Min-Trabajo_33-1140x815.jpg 1140w\" sizes=\"auto, (max-width: 120px) 100vw, 120px\" \/>\n                            <\/div>\n                        <\/a><a data-id=\"6\" data-title=\"\" data-image=\"https:\/\/atecordoba.org\/wp-content\/uploads\/2021\/03\/18-03-Jornada-Lucha-Paro-y-Movilizacion-Min-Trabajo_35.jpg\" href=\"https:\/\/atecordoba.org\/wp-content\/uploads\/2021\/03\/18-03-Jornada-Lucha-Paro-y-Movilizacion-Min-Trabajo_35.jpg\" class=\"jeg_preview_item \">\n                            <div class=\"jeg_preview_item_thumbnail\">\n                                <img loading=\"lazy\" decoding=\"async\" width=\"120\" height=\"86\" src=\"https:\/\/atecordoba.org\/wp-content\/uploads\/2021\/03\/18-03-Jornada-Lucha-Paro-y-Movilizacion-Min-Trabajo_35-120x86.jpg\" class=\"attachment-jnews-120x86 size-jnews-120x86\" alt=\"\" srcset=\"https:\/\/atecordoba.org\/wp-content\/uploads\/2021\/03\/18-03-Jornada-Lucha-Paro-y-Movilizacion-Min-Trabajo_35-120x86.jpg 120w, https:\/\/atecordoba.org\/wp-content\/uploads\/2021\/03\/18-03-Jornada-Lucha-Paro-y-Movilizacion-Min-Trabajo_35-350x250.jpg 350w, https:\/\/atecordoba.org\/wp-content\/uploads\/2021\/03\/18-03-Jornada-Lucha-Paro-y-Movilizacion-Min-Trabajo_35-750x536.jpg 750w, https:\/\/atecordoba.org\/wp-content\/uploads\/2021\/03\/18-03-Jornada-Lucha-Paro-y-Movilizacion-Min-Trabajo_35-1140x815.jpg 1140w\" sizes=\"auto, (max-width: 120px) 100vw, 120px\" \/>\n                            <\/div>\n                        <\/a><a data-id=\"7\" data-title=\"\" data-image=\"https:\/\/atecordoba.org\/wp-content\/uploads\/2021\/03\/18-03-Jornada-Lucha-Paro-y-Movilizacion-Min-Trabajo_39.jpg\" href=\"https:\/\/atecordoba.org\/wp-content\/uploads\/2021\/03\/18-03-Jornada-Lucha-Paro-y-Movilizacion-Min-Trabajo_39.jpg\" class=\"jeg_preview_item \">\n                            <div class=\"jeg_preview_item_thumbnail\">\n                                <img loading=\"lazy\" decoding=\"async\" width=\"120\" height=\"86\" src=\"https:\/\/atecordoba.org\/wp-content\/uploads\/2021\/03\/18-03-Jornada-Lucha-Paro-y-Movilizacion-Min-Trabajo_39-120x86.jpg\" class=\"attachment-jnews-120x86 size-jnews-120x86\" alt=\"\" srcset=\"https:\/\/atecordoba.org\/wp-content\/uploads\/2021\/03\/18-03-Jornada-Lucha-Paro-y-Movilizacion-Min-Trabajo_39-120x86.jpg 120w, https:\/\/atecordoba.org\/wp-content\/uploads\/2021\/03\/18-03-Jornada-Lucha-Paro-y-Movilizacion-Min-Trabajo_39-350x250.jpg 350w, https:\/\/atecordoba.org\/wp-content\/uploads\/2021\/03\/18-03-Jornada-Lucha-Paro-y-Movilizacion-Min-Trabajo_39-750x536.jpg 750w, https:\/\/atecordoba.org\/wp-content\/uploads\/2021\/03\/18-03-Jornada-Lucha-Paro-y-Movilizacion-Min-Trabajo_39-1140x815.jpg 1140w\" sizes=\"auto, (max-width: 120px) 100vw, 120px\" \/>\n                            <\/div>\n                        <\/a><a data-id=\"8\" data-title=\"\" data-image=\"https:\/\/atecordoba.org\/wp-content\/uploads\/2021\/03\/18-03-Jornada-Lucha-Paro-y-Movilizacion-Min-Trabajo_36-scaled.jpg\" href=\"https:\/\/atecordoba.org\/wp-content\/uploads\/2021\/03\/18-03-Jornada-Lucha-Paro-y-Movilizacion-Min-Trabajo_36-scaled.jpg\" class=\"jeg_preview_item \">\n                            <div class=\"jeg_preview_item_thumbnail\">\n                                <img loading=\"lazy\" decoding=\"async\" width=\"120\" height=\"86\" src=\"https:\/\/atecordoba.org\/wp-content\/uploads\/2021\/03\/18-03-Jornada-Lucha-Paro-y-Movilizacion-Min-Trabajo_36-120x86.jpg\" class=\"attachment-jnews-120x86 size-jnews-120x86\" alt=\"\" srcset=\"https:\/\/atecordoba.org\/wp-content\/uploads\/2021\/03\/18-03-Jornada-Lucha-Paro-y-Movilizacion-Min-Trabajo_36-120x86.jpg 120w, https:\/\/atecordoba.org\/wp-content\/uploads\/2021\/03\/18-03-Jornada-Lucha-Paro-y-Movilizacion-Min-Trabajo_36-350x250.jpg 350w, https:\/\/atecordoba.org\/wp-content\/uploads\/2021\/03\/18-03-Jornada-Lucha-Paro-y-Movilizacion-Min-Trabajo_36-750x536.jpg 750w, https:\/\/atecordoba.org\/wp-content\/uploads\/2021\/03\/18-03-Jornada-Lucha-Paro-y-Movilizacion-Min-Trabajo_36-1140x815.jpg 1140w\" sizes=\"auto, (max-width: 120px) 100vw, 120px\" \/>\n                            <\/div>\n                        <\/a><a data-id=\"9\" data-title=\"\" data-image=\"https:\/\/atecordoba.org\/wp-content\/uploads\/2021\/03\/18-03-Jornada-Lucha-Paro-y-Movilizacion-Min-Trabajo_37.jpg\" href=\"https:\/\/atecordoba.org\/wp-content\/uploads\/2021\/03\/18-03-Jornada-Lucha-Paro-y-Movilizacion-Min-Trabajo_37.jpg\" class=\"jeg_preview_item \">\n                            <div class=\"jeg_preview_item_thumbnail\">\n                                <img loading=\"lazy\" decoding=\"async\" width=\"120\" height=\"86\" src=\"https:\/\/atecordoba.org\/wp-content\/uploads\/2021\/03\/18-03-Jornada-Lucha-Paro-y-Movilizacion-Min-Trabajo_37-120x86.jpg\" class=\"attachment-jnews-120x86 size-jnews-120x86\" alt=\"\" srcset=\"https:\/\/atecordoba.org\/wp-content\/uploads\/2021\/03\/18-03-Jornada-Lucha-Paro-y-Movilizacion-Min-Trabajo_37-120x86.jpg 120w, https:\/\/atecordoba.org\/wp-content\/uploads\/2021\/03\/18-03-Jornada-Lucha-Paro-y-Movilizacion-Min-Trabajo_37-350x250.jpg 350w, https:\/\/atecordoba.org\/wp-content\/uploads\/2021\/03\/18-03-Jornada-Lucha-Paro-y-Movilizacion-Min-Trabajo_37-750x536.jpg 750w, https:\/\/atecordoba.org\/wp-content\/uploads\/2021\/03\/18-03-Jornada-Lucha-Paro-y-Movilizacion-Min-Trabajo_37-1140x815.jpg 1140w\" sizes=\"auto, (max-width: 120px) 100vw, 120px\" \/>\n                            <\/div>\n                        <\/a><a data-id=\"10\" data-title=\"\" data-image=\"https:\/\/atecordoba.org\/wp-content\/uploads\/2021\/03\/18-03-Jornada-Lucha-Paro-y-Movilizacion-Min-Trabajo_38.jpg\" href=\"https:\/\/atecordoba.org\/wp-content\/uploads\/2021\/03\/18-03-Jornada-Lucha-Paro-y-Movilizacion-Min-Trabajo_38.jpg\" class=\"jeg_preview_item \">\n                            <div class=\"jeg_preview_item_thumbnail\">\n                                <img loading=\"lazy\" decoding=\"async\" width=\"120\" height=\"86\" src=\"https:\/\/atecordoba.org\/wp-content\/uploads\/2021\/03\/18-03-Jornada-Lucha-Paro-y-Movilizacion-Min-Trabajo_38-120x86.jpg\" class=\"attachment-jnews-120x86 size-jnews-120x86\" alt=\"\" srcset=\"https:\/\/atecordoba.org\/wp-content\/uploads\/2021\/03\/18-03-Jornada-Lucha-Paro-y-Movilizacion-Min-Trabajo_38-120x86.jpg 120w, https:\/\/atecordoba.org\/wp-content\/uploads\/2021\/03\/18-03-Jornada-Lucha-Paro-y-Movilizacion-Min-Trabajo_38-350x250.jpg 350w, https:\/\/atecordoba.org\/wp-content\/uploads\/2021\/03\/18-03-Jornada-Lucha-Paro-y-Movilizacion-Min-Trabajo_38-750x536.jpg 750w, https:\/\/atecordoba.org\/wp-content\/uploads\/2021\/03\/18-03-Jornada-Lucha-Paro-y-Movilizacion-Min-Trabajo_38-1140x815.jpg 1140w\" sizes=\"auto, (max-width: 120px) 100vw, 120px\" \/>\n                            <\/div>\n                        <\/a><a data-id=\"11\" data-title=\"\" data-image=\"https:\/\/atecordoba.org\/wp-content\/uploads\/2021\/03\/18-03-Jornada-Lucha-Paro-y-Movilizacion-Min-Trabajo.jpg\" href=\"https:\/\/atecordoba.org\/wp-content\/uploads\/2021\/03\/18-03-Jornada-Lucha-Paro-y-Movilizacion-Min-Trabajo.jpg\" class=\"jeg_preview_item \">\n                            <div class=\"jeg_preview_item_thumbnail\">\n                                <img loading=\"lazy\" decoding=\"async\" width=\"120\" height=\"86\" src=\"https:\/\/atecordoba.org\/wp-content\/uploads\/2021\/03\/18-03-Jornada-Lucha-Paro-y-Movilizacion-Min-Trabajo-120x86.jpg\" class=\"attachment-jnews-120x86 size-jnews-120x86\" alt=\"\" srcset=\"https:\/\/atecordoba.org\/wp-content\/uploads\/2021\/03\/18-03-Jornada-Lucha-Paro-y-Movilizacion-Min-Trabajo-120x86.jpg 120w, https:\/\/atecordoba.org\/wp-content\/uploads\/2021\/03\/18-03-Jornada-Lucha-Paro-y-Movilizacion-Min-Trabajo-350x250.jpg 350w, https:\/\/atecordoba.org\/wp-content\/uploads\/2021\/03\/18-03-Jornada-Lucha-Paro-y-Movilizacion-Min-Trabajo-750x536.jpg 750w, https:\/\/atecordoba.org\/wp-content\/uploads\/2021\/03\/18-03-Jornada-Lucha-Paro-y-Movilizacion-Min-Trabajo-1140x815.jpg 1140w\" sizes=\"auto, (max-width: 120px) 100vw, 120px\" \/>\n                            <\/div>\n                        <\/a><a data-id=\"12\" data-title=\"\" data-image=\"https:\/\/atecordoba.org\/wp-content\/uploads\/2021\/03\/18-03-Jornada-Lucha-Paro-y-Movilizacion-Min-Trabajo_2.jpg\" href=\"https:\/\/atecordoba.org\/wp-content\/uploads\/2021\/03\/18-03-Jornada-Lucha-Paro-y-Movilizacion-Min-Trabajo_2.jpg\" class=\"jeg_preview_item \">\n                            <div class=\"jeg_preview_item_thumbnail\">\n                                <img loading=\"lazy\" decoding=\"async\" width=\"120\" height=\"86\" src=\"https:\/\/atecordoba.org\/wp-content\/uploads\/2021\/03\/18-03-Jornada-Lucha-Paro-y-Movilizacion-Min-Trabajo_2-120x86.jpg\" class=\"attachment-jnews-120x86 size-jnews-120x86\" alt=\"\" srcset=\"https:\/\/atecordoba.org\/wp-content\/uploads\/2021\/03\/18-03-Jornada-Lucha-Paro-y-Movilizacion-Min-Trabajo_2-120x86.jpg 120w, https:\/\/atecordoba.org\/wp-content\/uploads\/2021\/03\/18-03-Jornada-Lucha-Paro-y-Movilizacion-Min-Trabajo_2-350x250.jpg 350w, https:\/\/atecordoba.org\/wp-content\/uploads\/2021\/03\/18-03-Jornada-Lucha-Paro-y-Movilizacion-Min-Trabajo_2-750x536.jpg 750w, https:\/\/atecordoba.org\/wp-content\/uploads\/2021\/03\/18-03-Jornada-Lucha-Paro-y-Movilizacion-Min-Trabajo_2-1140x815.jpg 1140w\" sizes=\"auto, (max-width: 120px) 100vw, 120px\" \/>\n                            <\/div>\n                        <\/a><a data-id=\"13\" data-title=\"\" data-image=\"https:\/\/atecordoba.org\/wp-content\/uploads\/2021\/03\/18-03-Jornada-Lucha-Paro-y-Movilizacion-Min-Trabajo_3.jpg\" href=\"https:\/\/atecordoba.org\/wp-content\/uploads\/2021\/03\/18-03-Jornada-Lucha-Paro-y-Movilizacion-Min-Trabajo_3.jpg\" class=\"jeg_preview_item \">\n                            <div class=\"jeg_preview_item_thumbnail\">\n                                <img loading=\"lazy\" decoding=\"async\" width=\"120\" height=\"86\" src=\"https:\/\/atecordoba.org\/wp-content\/uploads\/2021\/03\/18-03-Jornada-Lucha-Paro-y-Movilizacion-Min-Trabajo_3-120x86.jpg\" class=\"attachment-jnews-120x86 size-jnews-120x86\" alt=\"\" srcset=\"https:\/\/atecordoba.org\/wp-content\/uploads\/2021\/03\/18-03-Jornada-Lucha-Paro-y-Movilizacion-Min-Trabajo_3-120x86.jpg 120w, https:\/\/atecordoba.org\/wp-content\/uploads\/2021\/03\/18-03-Jornada-Lucha-Paro-y-Movilizacion-Min-Trabajo_3-350x250.jpg 350w, https:\/\/atecordoba.org\/wp-content\/uploads\/2021\/03\/18-03-Jornada-Lucha-Paro-y-Movilizacion-Min-Trabajo_3-750x536.jpg 750w, https:\/\/atecordoba.org\/wp-content\/uploads\/2021\/03\/18-03-Jornada-Lucha-Paro-y-Movilizacion-Min-Trabajo_3-1140x815.jpg 1140w\" sizes=\"auto, (max-width: 120px) 100vw, 120px\" \/>\n                            <\/div>\n                        <\/a><a data-id=\"14\" data-title=\"\" data-image=\"https:\/\/atecordoba.org\/wp-content\/uploads\/2021\/03\/18-03-Jornada-Lucha-Paro-y-Movilizacion-Min-Trabajo_4.jpg\" href=\"https:\/\/atecordoba.org\/wp-content\/uploads\/2021\/03\/18-03-Jornada-Lucha-Paro-y-Movilizacion-Min-Trabajo_4.jpg\" class=\"jeg_preview_item \">\n                            <div class=\"jeg_preview_item_thumbnail\">\n                                <img loading=\"lazy\" decoding=\"async\" width=\"120\" height=\"86\" src=\"https:\/\/atecordoba.org\/wp-content\/uploads\/2021\/03\/18-03-Jornada-Lucha-Paro-y-Movilizacion-Min-Trabajo_4-120x86.jpg\" class=\"attachment-jnews-120x86 size-jnews-120x86\" alt=\"\" srcset=\"https:\/\/atecordoba.org\/wp-content\/uploads\/2021\/03\/18-03-Jornada-Lucha-Paro-y-Movilizacion-Min-Trabajo_4-120x86.jpg 120w, https:\/\/atecordoba.org\/wp-content\/uploads\/2021\/03\/18-03-Jornada-Lucha-Paro-y-Movilizacion-Min-Trabajo_4-350x250.jpg 350w, https:\/\/atecordoba.org\/wp-content\/uploads\/2021\/03\/18-03-Jornada-Lucha-Paro-y-Movilizacion-Min-Trabajo_4-750x536.jpg 750w, https:\/\/atecordoba.org\/wp-content\/uploads\/2021\/03\/18-03-Jornada-Lucha-Paro-y-Movilizacion-Min-Trabajo_4-1140x815.jpg 1140w\" sizes=\"auto, (max-width: 120px) 100vw, 120px\" \/>\n                            <\/div>\n                        <\/a><a data-id=\"15\" data-title=\"\" data-image=\"https:\/\/atecordoba.org\/wp-content\/uploads\/2021\/03\/18-03-Jornada-Lucha-Paro-y-Movilizacion-Min-Trabajo_5.jpg\" href=\"https:\/\/atecordoba.org\/wp-content\/uploads\/2021\/03\/18-03-Jornada-Lucha-Paro-y-Movilizacion-Min-Trabajo_5.jpg\" class=\"jeg_preview_item \">\n                            <div class=\"jeg_preview_item_thumbnail\">\n                                <img loading=\"lazy\" decoding=\"async\" width=\"120\" height=\"86\" src=\"https:\/\/atecordoba.org\/wp-content\/uploads\/2021\/03\/18-03-Jornada-Lucha-Paro-y-Movilizacion-Min-Trabajo_5-120x86.jpg\" class=\"attachment-jnews-120x86 size-jnews-120x86\" alt=\"\" srcset=\"https:\/\/atecordoba.org\/wp-content\/uploads\/2021\/03\/18-03-Jornada-Lucha-Paro-y-Movilizacion-Min-Trabajo_5-120x86.jpg 120w, https:\/\/atecordoba.org\/wp-content\/uploads\/2021\/03\/18-03-Jornada-Lucha-Paro-y-Movilizacion-Min-Trabajo_5-350x250.jpg 350w, https:\/\/atecordoba.org\/wp-content\/uploads\/2021\/03\/18-03-Jornada-Lucha-Paro-y-Movilizacion-Min-Trabajo_5-750x536.jpg 750w, https:\/\/atecordoba.org\/wp-content\/uploads\/2021\/03\/18-03-Jornada-Lucha-Paro-y-Movilizacion-Min-Trabajo_5-1140x815.jpg 1140w\" sizes=\"auto, (max-width: 120px) 100vw, 120px\" \/>\n                            <\/div>\n                        <\/a><a data-id=\"16\" data-title=\"\" data-image=\"https:\/\/atecordoba.org\/wp-content\/uploads\/2021\/03\/18-03-Jornada-Lucha-Paro-y-Movilizacion-Min-Trabajo_6.jpg\" href=\"https:\/\/atecordoba.org\/wp-content\/uploads\/2021\/03\/18-03-Jornada-Lucha-Paro-y-Movilizacion-Min-Trabajo_6.jpg\" class=\"jeg_preview_item \">\n                            <div class=\"jeg_preview_item_thumbnail\">\n                                <img loading=\"lazy\" decoding=\"async\" width=\"120\" height=\"86\" src=\"https:\/\/atecordoba.org\/wp-content\/uploads\/2021\/03\/18-03-Jornada-Lucha-Paro-y-Movilizacion-Min-Trabajo_6-120x86.jpg\" class=\"attachment-jnews-120x86 size-jnews-120x86\" alt=\"\" srcset=\"https:\/\/atecordoba.org\/wp-content\/uploads\/2021\/03\/18-03-Jornada-Lucha-Paro-y-Movilizacion-Min-Trabajo_6-120x86.jpg 120w, https:\/\/atecordoba.org\/wp-content\/uploads\/2021\/03\/18-03-Jornada-Lucha-Paro-y-Movilizacion-Min-Trabajo_6-350x250.jpg 350w, https:\/\/atecordoba.org\/wp-content\/uploads\/2021\/03\/18-03-Jornada-Lucha-Paro-y-Movilizacion-Min-Trabajo_6-750x536.jpg 750w, https:\/\/atecordoba.org\/wp-content\/uploads\/2021\/03\/18-03-Jornada-Lucha-Paro-y-Movilizacion-Min-Trabajo_6-1140x815.jpg 1140w\" sizes=\"auto, (max-width: 120px) 100vw, 120px\" \/>\n                            <\/div>\n                        <\/a><a data-id=\"17\" data-title=\"\" data-image=\"https:\/\/atecordoba.org\/wp-content\/uploads\/2021\/03\/18-03-Jornada-Lucha-Paro-y-Movilizacion-Min-Trabajo_7.jpg\" href=\"https:\/\/atecordoba.org\/wp-content\/uploads\/2021\/03\/18-03-Jornada-Lucha-Paro-y-Movilizacion-Min-Trabajo_7.jpg\" class=\"jeg_preview_item \">\n                            <div class=\"jeg_preview_item_thumbnail\">\n                                <img loading=\"lazy\" decoding=\"async\" width=\"120\" height=\"86\" src=\"https:\/\/atecordoba.org\/wp-content\/uploads\/2021\/03\/18-03-Jornada-Lucha-Paro-y-Movilizacion-Min-Trabajo_7-120x86.jpg\" class=\"attachment-jnews-120x86 size-jnews-120x86\" alt=\"\" srcset=\"https:\/\/atecordoba.org\/wp-content\/uploads\/2021\/03\/18-03-Jornada-Lucha-Paro-y-Movilizacion-Min-Trabajo_7-120x86.jpg 120w, https:\/\/atecordoba.org\/wp-content\/uploads\/2021\/03\/18-03-Jornada-Lucha-Paro-y-Movilizacion-Min-Trabajo_7-350x250.jpg 350w, https:\/\/atecordoba.org\/wp-content\/uploads\/2021\/03\/18-03-Jornada-Lucha-Paro-y-Movilizacion-Min-Trabajo_7-750x536.jpg 750w, https:\/\/atecordoba.org\/wp-content\/uploads\/2021\/03\/18-03-Jornada-Lucha-Paro-y-Movilizacion-Min-Trabajo_7-1140x815.jpg 1140w\" sizes=\"auto, (max-width: 120px) 100vw, 120px\" \/>\n                            <\/div>\n                        <\/a><a data-id=\"18\" data-title=\"\" data-image=\"https:\/\/atecordoba.org\/wp-content\/uploads\/2021\/03\/18-03-Jornada-Lucha-Paro-y-Movilizacion-Min-Trabajo_8.jpg\" href=\"https:\/\/atecordoba.org\/wp-content\/uploads\/2021\/03\/18-03-Jornada-Lucha-Paro-y-Movilizacion-Min-Trabajo_8.jpg\" class=\"jeg_preview_item \">\n                            <div class=\"jeg_preview_item_thumbnail\">\n                                <img loading=\"lazy\" decoding=\"async\" width=\"120\" height=\"86\" src=\"https:\/\/atecordoba.org\/wp-content\/uploads\/2021\/03\/18-03-Jornada-Lucha-Paro-y-Movilizacion-Min-Trabajo_8-120x86.jpg\" class=\"attachment-jnews-120x86 size-jnews-120x86\" alt=\"\" srcset=\"https:\/\/atecordoba.org\/wp-content\/uploads\/2021\/03\/18-03-Jornada-Lucha-Paro-y-Movilizacion-Min-Trabajo_8-120x86.jpg 120w, https:\/\/atecordoba.org\/wp-content\/uploads\/2021\/03\/18-03-Jornada-Lucha-Paro-y-Movilizacion-Min-Trabajo_8-350x250.jpg 350w, https:\/\/atecordoba.org\/wp-content\/uploads\/2021\/03\/18-03-Jornada-Lucha-Paro-y-Movilizacion-Min-Trabajo_8-750x536.jpg 750w, https:\/\/atecordoba.org\/wp-content\/uploads\/2021\/03\/18-03-Jornada-Lucha-Paro-y-Movilizacion-Min-Trabajo_8-1140x815.jpg 1140w\" sizes=\"auto, (max-width: 120px) 100vw, 120px\" \/>\n                            <\/div>\n                        <\/a><a data-id=\"19\" data-title=\"DCIM100GOPROGOPR0398.JPG\" data-image=\"https:\/\/atecordoba.org\/wp-content\/uploads\/2021\/03\/18-03-Jornada-Lucha-Paro-y-Movilizacion-Min-Trabajo_9.jpg\" href=\"https:\/\/atecordoba.org\/wp-content\/uploads\/2021\/03\/18-03-Jornada-Lucha-Paro-y-Movilizacion-Min-Trabajo_9.jpg\" class=\"jeg_preview_item \">\n                            <div class=\"jeg_preview_item_thumbnail\">\n                                <img loading=\"lazy\" decoding=\"async\" width=\"120\" height=\"86\" src=\"https:\/\/atecordoba.org\/wp-content\/uploads\/2021\/03\/18-03-Jornada-Lucha-Paro-y-Movilizacion-Min-Trabajo_9-120x86.jpg\" class=\"attachment-jnews-120x86 size-jnews-120x86\" alt=\"\" srcset=\"https:\/\/atecordoba.org\/wp-content\/uploads\/2021\/03\/18-03-Jornada-Lucha-Paro-y-Movilizacion-Min-Trabajo_9-120x86.jpg 120w, https:\/\/atecordoba.org\/wp-content\/uploads\/2021\/03\/18-03-Jornada-Lucha-Paro-y-Movilizacion-Min-Trabajo_9-350x250.jpg 350w, https:\/\/atecordoba.org\/wp-content\/uploads\/2021\/03\/18-03-Jornada-Lucha-Paro-y-Movilizacion-Min-Trabajo_9-750x536.jpg 750w, https:\/\/atecordoba.org\/wp-content\/uploads\/2021\/03\/18-03-Jornada-Lucha-Paro-y-Movilizacion-Min-Trabajo_9-1140x815.jpg 1140w\" sizes=\"auto, (max-width: 120px) 100vw, 120px\" \/>\n                            <\/div>\n                        <\/a><a data-id=\"20\" data-title=\"\" data-image=\"https:\/\/atecordoba.org\/wp-content\/uploads\/2021\/03\/18-03-Jornada-Lucha-Paro-y-Movilizacion-Min-Trabajo_10.jpg\" href=\"https:\/\/atecordoba.org\/wp-content\/uploads\/2021\/03\/18-03-Jornada-Lucha-Paro-y-Movilizacion-Min-Trabajo_10.jpg\" class=\"jeg_preview_item \">\n                            <div class=\"jeg_preview_item_thumbnail\">\n                                <img loading=\"lazy\" decoding=\"async\" width=\"120\" height=\"86\" src=\"https:\/\/atecordoba.org\/wp-content\/uploads\/2021\/03\/18-03-Jornada-Lucha-Paro-y-Movilizacion-Min-Trabajo_10-120x86.jpg\" class=\"attachment-jnews-120x86 size-jnews-120x86\" alt=\"\" srcset=\"https:\/\/atecordoba.org\/wp-content\/uploads\/2021\/03\/18-03-Jornada-Lucha-Paro-y-Movilizacion-Min-Trabajo_10-120x86.jpg 120w, https:\/\/atecordoba.org\/wp-content\/uploads\/2021\/03\/18-03-Jornada-Lucha-Paro-y-Movilizacion-Min-Trabajo_10-350x250.jpg 350w, https:\/\/atecordoba.org\/wp-content\/uploads\/2021\/03\/18-03-Jornada-Lucha-Paro-y-Movilizacion-Min-Trabajo_10-750x536.jpg 750w, https:\/\/atecordoba.org\/wp-content\/uploads\/2021\/03\/18-03-Jornada-Lucha-Paro-y-Movilizacion-Min-Trabajo_10-1140x815.jpg 1140w\" sizes=\"auto, (max-width: 120px) 100vw, 120px\" \/>\n                            <\/div>\n                        <\/a><a data-id=\"21\" data-title=\"\" data-image=\"https:\/\/atecordoba.org\/wp-content\/uploads\/2021\/03\/18-03-Jornada-Lucha-Paro-y-Movilizacion-Min-Trabajo_11.jpg\" href=\"https:\/\/atecordoba.org\/wp-content\/uploads\/2021\/03\/18-03-Jornada-Lucha-Paro-y-Movilizacion-Min-Trabajo_11.jpg\" class=\"jeg_preview_item \">\n                            <div class=\"jeg_preview_item_thumbnail\">\n                                <img loading=\"lazy\" decoding=\"async\" width=\"120\" height=\"86\" src=\"https:\/\/atecordoba.org\/wp-content\/uploads\/2021\/03\/18-03-Jornada-Lucha-Paro-y-Movilizacion-Min-Trabajo_11-120x86.jpg\" class=\"attachment-jnews-120x86 size-jnews-120x86\" alt=\"\" srcset=\"https:\/\/atecordoba.org\/wp-content\/uploads\/2021\/03\/18-03-Jornada-Lucha-Paro-y-Movilizacion-Min-Trabajo_11-120x86.jpg 120w, https:\/\/atecordoba.org\/wp-content\/uploads\/2021\/03\/18-03-Jornada-Lucha-Paro-y-Movilizacion-Min-Trabajo_11-350x250.jpg 350w, https:\/\/atecordoba.org\/wp-content\/uploads\/2021\/03\/18-03-Jornada-Lucha-Paro-y-Movilizacion-Min-Trabajo_11-750x536.jpg 750w, https:\/\/atecordoba.org\/wp-content\/uploads\/2021\/03\/18-03-Jornada-Lucha-Paro-y-Movilizacion-Min-Trabajo_11-1140x815.jpg 1140w\" sizes=\"auto, (max-width: 120px) 100vw, 120px\" \/>\n                            <\/div>\n                        <\/a><a data-id=\"22\" data-title=\"\" data-image=\"https:\/\/atecordoba.org\/wp-content\/uploads\/2021\/03\/18-03-Jornada-Lucha-Paro-y-Movilizacion-Min-Trabajo_12.jpg\" href=\"https:\/\/atecordoba.org\/wp-content\/uploads\/2021\/03\/18-03-Jornada-Lucha-Paro-y-Movilizacion-Min-Trabajo_12.jpg\" class=\"jeg_preview_item \">\n                            <div class=\"jeg_preview_item_thumbnail\">\n                                <img loading=\"lazy\" decoding=\"async\" width=\"120\" height=\"86\" src=\"https:\/\/atecordoba.org\/wp-content\/uploads\/2021\/03\/18-03-Jornada-Lucha-Paro-y-Movilizacion-Min-Trabajo_12-120x86.jpg\" class=\"attachment-jnews-120x86 size-jnews-120x86\" alt=\"\" srcset=\"https:\/\/atecordoba.org\/wp-content\/uploads\/2021\/03\/18-03-Jornada-Lucha-Paro-y-Movilizacion-Min-Trabajo_12-120x86.jpg 120w, https:\/\/atecordoba.org\/wp-content\/uploads\/2021\/03\/18-03-Jornada-Lucha-Paro-y-Movilizacion-Min-Trabajo_12-350x250.jpg 350w, https:\/\/atecordoba.org\/wp-content\/uploads\/2021\/03\/18-03-Jornada-Lucha-Paro-y-Movilizacion-Min-Trabajo_12-750x536.jpg 750w, https:\/\/atecordoba.org\/wp-content\/uploads\/2021\/03\/18-03-Jornada-Lucha-Paro-y-Movilizacion-Min-Trabajo_12-1140x815.jpg 1140w\" sizes=\"auto, (max-width: 120px) 100vw, 120px\" \/>\n                            <\/div>\n                        <\/a><a data-id=\"23\" data-title=\"\" data-image=\"https:\/\/atecordoba.org\/wp-content\/uploads\/2021\/03\/18-03-Jornada-Lucha-Paro-y-Movilizacion-Min-Trabajo_13.jpg\" href=\"https:\/\/atecordoba.org\/wp-content\/uploads\/2021\/03\/18-03-Jornada-Lucha-Paro-y-Movilizacion-Min-Trabajo_13.jpg\" class=\"jeg_preview_item \">\n                            <div class=\"jeg_preview_item_thumbnail\">\n                                <img loading=\"lazy\" decoding=\"async\" width=\"120\" height=\"86\" src=\"https:\/\/atecordoba.org\/wp-content\/uploads\/2021\/03\/18-03-Jornada-Lucha-Paro-y-Movilizacion-Min-Trabajo_13-120x86.jpg\" class=\"attachment-jnews-120x86 size-jnews-120x86\" alt=\"\" srcset=\"https:\/\/atecordoba.org\/wp-content\/uploads\/2021\/03\/18-03-Jornada-Lucha-Paro-y-Movilizacion-Min-Trabajo_13-120x86.jpg 120w, https:\/\/atecordoba.org\/wp-content\/uploads\/2021\/03\/18-03-Jornada-Lucha-Paro-y-Movilizacion-Min-Trabajo_13-350x250.jpg 350w, https:\/\/atecordoba.org\/wp-content\/uploads\/2021\/03\/18-03-Jornada-Lucha-Paro-y-Movilizacion-Min-Trabajo_13-750x536.jpg 750w, https:\/\/atecordoba.org\/wp-content\/uploads\/2021\/03\/18-03-Jornada-Lucha-Paro-y-Movilizacion-Min-Trabajo_13-1140x815.jpg 1140w\" sizes=\"auto, (max-width: 120px) 100vw, 120px\" \/>\n                            <\/div>\n                        <\/a><a data-id=\"24\" data-title=\"\" data-image=\"https:\/\/atecordoba.org\/wp-content\/uploads\/2021\/03\/18-03-Jornada-Lucha-Paro-y-Movilizacion-Min-Trabajo_14.jpg\" href=\"https:\/\/atecordoba.org\/wp-content\/uploads\/2021\/03\/18-03-Jornada-Lucha-Paro-y-Movilizacion-Min-Trabajo_14.jpg\" class=\"jeg_preview_item \">\n                            <div class=\"jeg_preview_item_thumbnail\">\n                                <img loading=\"lazy\" decoding=\"async\" width=\"120\" height=\"86\" src=\"https:\/\/atecordoba.org\/wp-content\/uploads\/2021\/03\/18-03-Jornada-Lucha-Paro-y-Movilizacion-Min-Trabajo_14-120x86.jpg\" class=\"attachment-jnews-120x86 size-jnews-120x86\" alt=\"\" srcset=\"https:\/\/atecordoba.org\/wp-content\/uploads\/2021\/03\/18-03-Jornada-Lucha-Paro-y-Movilizacion-Min-Trabajo_14-120x86.jpg 120w, https:\/\/atecordoba.org\/wp-content\/uploads\/2021\/03\/18-03-Jornada-Lucha-Paro-y-Movilizacion-Min-Trabajo_14-350x250.jpg 350w, https:\/\/atecordoba.org\/wp-content\/uploads\/2021\/03\/18-03-Jornada-Lucha-Paro-y-Movilizacion-Min-Trabajo_14-750x536.jpg 750w, https:\/\/atecordoba.org\/wp-content\/uploads\/2021\/03\/18-03-Jornada-Lucha-Paro-y-Movilizacion-Min-Trabajo_14-1140x815.jpg 1140w\" sizes=\"auto, (max-width: 120px) 100vw, 120px\" \/>\n                            <\/div>\n                        <\/a><a data-id=\"25\" data-title=\"\" data-image=\"https:\/\/atecordoba.org\/wp-content\/uploads\/2021\/03\/18-03-Jornada-Lucha-Paro-y-Movilizacion-Min-Trabajo_15.jpg\" href=\"https:\/\/atecordoba.org\/wp-content\/uploads\/2021\/03\/18-03-Jornada-Lucha-Paro-y-Movilizacion-Min-Trabajo_15.jpg\" class=\"jeg_preview_item \">\n                            <div class=\"jeg_preview_item_thumbnail\">\n                                <img loading=\"lazy\" decoding=\"async\" width=\"120\" height=\"86\" src=\"https:\/\/atecordoba.org\/wp-content\/uploads\/2021\/03\/18-03-Jornada-Lucha-Paro-y-Movilizacion-Min-Trabajo_15-120x86.jpg\" class=\"attachment-jnews-120x86 size-jnews-120x86\" alt=\"\" srcset=\"https:\/\/atecordoba.org\/wp-content\/uploads\/2021\/03\/18-03-Jornada-Lucha-Paro-y-Movilizacion-Min-Trabajo_15-120x86.jpg 120w, https:\/\/atecordoba.org\/wp-content\/uploads\/2021\/03\/18-03-Jornada-Lucha-Paro-y-Movilizacion-Min-Trabajo_15-350x250.jpg 350w, https:\/\/atecordoba.org\/wp-content\/uploads\/2021\/03\/18-03-Jornada-Lucha-Paro-y-Movilizacion-Min-Trabajo_15-750x536.jpg 750w, https:\/\/atecordoba.org\/wp-content\/uploads\/2021\/03\/18-03-Jornada-Lucha-Paro-y-Movilizacion-Min-Trabajo_15-1140x815.jpg 1140w\" sizes=\"auto, (max-width: 120px) 100vw, 120px\" \/>\n                            <\/div>\n                        <\/a><a data-id=\"26\" data-title=\"\" data-image=\"https:\/\/atecordoba.org\/wp-content\/uploads\/2021\/03\/18-03-Jornada-Lucha-Paro-y-Movilizacion-Min-Trabajo_16.jpg\" href=\"https:\/\/atecordoba.org\/wp-content\/uploads\/2021\/03\/18-03-Jornada-Lucha-Paro-y-Movilizacion-Min-Trabajo_16.jpg\" class=\"jeg_preview_item \">\n                            <div class=\"jeg_preview_item_thumbnail\">\n                                <img loading=\"lazy\" decoding=\"async\" width=\"120\" height=\"86\" src=\"https:\/\/atecordoba.org\/wp-content\/uploads\/2021\/03\/18-03-Jornada-Lucha-Paro-y-Movilizacion-Min-Trabajo_16-120x86.jpg\" class=\"attachment-jnews-120x86 size-jnews-120x86\" alt=\"\" srcset=\"https:\/\/atecordoba.org\/wp-content\/uploads\/2021\/03\/18-03-Jornada-Lucha-Paro-y-Movilizacion-Min-Trabajo_16-120x86.jpg 120w, https:\/\/atecordoba.org\/wp-content\/uploads\/2021\/03\/18-03-Jornada-Lucha-Paro-y-Movilizacion-Min-Trabajo_16-350x250.jpg 350w, https:\/\/atecordoba.org\/wp-content\/uploads\/2021\/03\/18-03-Jornada-Lucha-Paro-y-Movilizacion-Min-Trabajo_16-750x536.jpg 750w, https:\/\/atecordoba.org\/wp-content\/uploads\/2021\/03\/18-03-Jornada-Lucha-Paro-y-Movilizacion-Min-Trabajo_16-1140x815.jpg 1140w\" sizes=\"auto, (max-width: 120px) 100vw, 120px\" \/>\n                            <\/div>\n                        <\/a><a data-id=\"27\" data-title=\"\" data-image=\"https:\/\/atecordoba.org\/wp-content\/uploads\/2021\/03\/18-03-Jornada-Lucha-Paro-y-Movilizacion-Min-Trabajo_17.jpg\" href=\"https:\/\/atecordoba.org\/wp-content\/uploads\/2021\/03\/18-03-Jornada-Lucha-Paro-y-Movilizacion-Min-Trabajo_17.jpg\" class=\"jeg_preview_item \">\n                            <div class=\"jeg_preview_item_thumbnail\">\n                                <img loading=\"lazy\" decoding=\"async\" width=\"120\" height=\"86\" src=\"https:\/\/atecordoba.org\/wp-content\/uploads\/2021\/03\/18-03-Jornada-Lucha-Paro-y-Movilizacion-Min-Trabajo_17-120x86.jpg\" class=\"attachment-jnews-120x86 size-jnews-120x86\" alt=\"\" srcset=\"https:\/\/atecordoba.org\/wp-content\/uploads\/2021\/03\/18-03-Jornada-Lucha-Paro-y-Movilizacion-Min-Trabajo_17-120x86.jpg 120w, https:\/\/atecordoba.org\/wp-content\/uploads\/2021\/03\/18-03-Jornada-Lucha-Paro-y-Movilizacion-Min-Trabajo_17-350x250.jpg 350w, https:\/\/atecordoba.org\/wp-content\/uploads\/2021\/03\/18-03-Jornada-Lucha-Paro-y-Movilizacion-Min-Trabajo_17-750x536.jpg 750w, https:\/\/atecordoba.org\/wp-content\/uploads\/2021\/03\/18-03-Jornada-Lucha-Paro-y-Movilizacion-Min-Trabajo_17-1140x815.jpg 1140w\" sizes=\"auto, (max-width: 120px) 100vw, 120px\" \/>\n                            <\/div>\n                        <\/a><a data-id=\"28\" data-title=\"\" data-image=\"https:\/\/atecordoba.org\/wp-content\/uploads\/2021\/03\/18-03-Jornada-Lucha-Paro-y-Movilizacion-Min-Trabajo_18.jpg\" href=\"https:\/\/atecordoba.org\/wp-content\/uploads\/2021\/03\/18-03-Jornada-Lucha-Paro-y-Movilizacion-Min-Trabajo_18.jpg\" class=\"jeg_preview_item \">\n                            <div class=\"jeg_preview_item_thumbnail\">\n                                <img loading=\"lazy\" decoding=\"async\" width=\"120\" height=\"86\" src=\"https:\/\/atecordoba.org\/wp-content\/uploads\/2021\/03\/18-03-Jornada-Lucha-Paro-y-Movilizacion-Min-Trabajo_18-120x86.jpg\" class=\"attachment-jnews-120x86 size-jnews-120x86\" alt=\"\" srcset=\"https:\/\/atecordoba.org\/wp-content\/uploads\/2021\/03\/18-03-Jornada-Lucha-Paro-y-Movilizacion-Min-Trabajo_18-120x86.jpg 120w, https:\/\/atecordoba.org\/wp-content\/uploads\/2021\/03\/18-03-Jornada-Lucha-Paro-y-Movilizacion-Min-Trabajo_18-350x250.jpg 350w, https:\/\/atecordoba.org\/wp-content\/uploads\/2021\/03\/18-03-Jornada-Lucha-Paro-y-Movilizacion-Min-Trabajo_18-750x536.jpg 750w, https:\/\/atecordoba.org\/wp-content\/uploads\/2021\/03\/18-03-Jornada-Lucha-Paro-y-Movilizacion-Min-Trabajo_18-1140x815.jpg 1140w\" sizes=\"auto, (max-width: 120px) 100vw, 120px\" \/>\n                            <\/div>\n                        <\/a><a data-id=\"29\" data-title=\"\" data-image=\"https:\/\/atecordoba.org\/wp-content\/uploads\/2021\/03\/18-03-Jornada-Lucha-Paro-y-Movilizacion-Min-Trabajo_19.jpg\" href=\"https:\/\/atecordoba.org\/wp-content\/uploads\/2021\/03\/18-03-Jornada-Lucha-Paro-y-Movilizacion-Min-Trabajo_19.jpg\" class=\"jeg_preview_item \">\n                            <div class=\"jeg_preview_item_thumbnail\">\n                                <img loading=\"lazy\" decoding=\"async\" width=\"120\" height=\"86\" src=\"https:\/\/atecordoba.org\/wp-content\/uploads\/2021\/03\/18-03-Jornada-Lucha-Paro-y-Movilizacion-Min-Trabajo_19-120x86.jpg\" class=\"attachment-jnews-120x86 size-jnews-120x86\" alt=\"\" srcset=\"https:\/\/atecordoba.org\/wp-content\/uploads\/2021\/03\/18-03-Jornada-Lucha-Paro-y-Movilizacion-Min-Trabajo_19-120x86.jpg 120w, https:\/\/atecordoba.org\/wp-content\/uploads\/2021\/03\/18-03-Jornada-Lucha-Paro-y-Movilizacion-Min-Trabajo_19-350x250.jpg 350w, https:\/\/atecordoba.org\/wp-content\/uploads\/2021\/03\/18-03-Jornada-Lucha-Paro-y-Movilizacion-Min-Trabajo_19-750x536.jpg 750w, https:\/\/atecordoba.org\/wp-content\/uploads\/2021\/03\/18-03-Jornada-Lucha-Paro-y-Movilizacion-Min-Trabajo_19-1140x815.jpg 1140w\" sizes=\"auto, (max-width: 120px) 100vw, 120px\" \/>\n                            <\/div>\n                        <\/a><a data-id=\"30\" data-title=\"\" data-image=\"https:\/\/atecordoba.org\/wp-content\/uploads\/2021\/03\/18-03-Jornada-Lucha-Paro-y-Movilizacion-Min-Trabajo_20.jpg\" href=\"https:\/\/atecordoba.org\/wp-content\/uploads\/2021\/03\/18-03-Jornada-Lucha-Paro-y-Movilizacion-Min-Trabajo_20.jpg\" class=\"jeg_preview_item \">\n                            <div class=\"jeg_preview_item_thumbnail\">\n                                <img loading=\"lazy\" decoding=\"async\" width=\"120\" height=\"86\" src=\"https:\/\/atecordoba.org\/wp-content\/uploads\/2021\/03\/18-03-Jornada-Lucha-Paro-y-Movilizacion-Min-Trabajo_20-120x86.jpg\" class=\"attachment-jnews-120x86 size-jnews-120x86\" alt=\"\" srcset=\"https:\/\/atecordoba.org\/wp-content\/uploads\/2021\/03\/18-03-Jornada-Lucha-Paro-y-Movilizacion-Min-Trabajo_20-120x86.jpg 120w, https:\/\/atecordoba.org\/wp-content\/uploads\/2021\/03\/18-03-Jornada-Lucha-Paro-y-Movilizacion-Min-Trabajo_20-350x250.jpg 350w, https:\/\/atecordoba.org\/wp-content\/uploads\/2021\/03\/18-03-Jornada-Lucha-Paro-y-Movilizacion-Min-Trabajo_20-750x536.jpg 750w, https:\/\/atecordoba.org\/wp-content\/uploads\/2021\/03\/18-03-Jornada-Lucha-Paro-y-Movilizacion-Min-Trabajo_20-1140x815.jpg 1140w\" sizes=\"auto, (max-width: 120px) 100vw, 120px\" \/>\n                            <\/div>\n                        <\/a><a data-id=\"31\" data-title=\"\" data-image=\"https:\/\/atecordoba.org\/wp-content\/uploads\/2021\/03\/18-03-Jornada-Lucha-Paro-y-Movilizacion-Min-Trabajo_21.jpg\" href=\"https:\/\/atecordoba.org\/wp-content\/uploads\/2021\/03\/18-03-Jornada-Lucha-Paro-y-Movilizacion-Min-Trabajo_21.jpg\" class=\"jeg_preview_item \">\n                            <div class=\"jeg_preview_item_thumbnail\">\n                                <img loading=\"lazy\" decoding=\"async\" width=\"120\" height=\"86\" src=\"https:\/\/atecordoba.org\/wp-content\/uploads\/2021\/03\/18-03-Jornada-Lucha-Paro-y-Movilizacion-Min-Trabajo_21-120x86.jpg\" class=\"attachment-jnews-120x86 size-jnews-120x86\" alt=\"\" srcset=\"https:\/\/atecordoba.org\/wp-content\/uploads\/2021\/03\/18-03-Jornada-Lucha-Paro-y-Movilizacion-Min-Trabajo_21-120x86.jpg 120w, https:\/\/atecordoba.org\/wp-content\/uploads\/2021\/03\/18-03-Jornada-Lucha-Paro-y-Movilizacion-Min-Trabajo_21-350x250.jpg 350w, https:\/\/atecordoba.org\/wp-content\/uploads\/2021\/03\/18-03-Jornada-Lucha-Paro-y-Movilizacion-Min-Trabajo_21-750x536.jpg 750w, https:\/\/atecordoba.org\/wp-content\/uploads\/2021\/03\/18-03-Jornada-Lucha-Paro-y-Movilizacion-Min-Trabajo_21-1140x815.jpg 1140w\" sizes=\"auto, (max-width: 120px) 100vw, 120px\" \/>\n                            <\/div>\n                        <\/a><a data-id=\"32\" data-title=\"\" data-image=\"https:\/\/atecordoba.org\/wp-content\/uploads\/2021\/03\/18-03-Jornada-Lucha-Paro-y-Movilizacion-Min-Trabajo_22.jpg\" href=\"https:\/\/atecordoba.org\/wp-content\/uploads\/2021\/03\/18-03-Jornada-Lucha-Paro-y-Movilizacion-Min-Trabajo_22.jpg\" class=\"jeg_preview_item \">\n                            <div class=\"jeg_preview_item_thumbnail\">\n                                <img loading=\"lazy\" decoding=\"async\" width=\"120\" height=\"86\" src=\"https:\/\/atecordoba.org\/wp-content\/uploads\/2021\/03\/18-03-Jornada-Lucha-Paro-y-Movilizacion-Min-Trabajo_22-120x86.jpg\" class=\"attachment-jnews-120x86 size-jnews-120x86\" alt=\"\" srcset=\"https:\/\/atecordoba.org\/wp-content\/uploads\/2021\/03\/18-03-Jornada-Lucha-Paro-y-Movilizacion-Min-Trabajo_22-120x86.jpg 120w, https:\/\/atecordoba.org\/wp-content\/uploads\/2021\/03\/18-03-Jornada-Lucha-Paro-y-Movilizacion-Min-Trabajo_22-350x250.jpg 350w, https:\/\/atecordoba.org\/wp-content\/uploads\/2021\/03\/18-03-Jornada-Lucha-Paro-y-Movilizacion-Min-Trabajo_22-750x536.jpg 750w, https:\/\/atecordoba.org\/wp-content\/uploads\/2021\/03\/18-03-Jornada-Lucha-Paro-y-Movilizacion-Min-Trabajo_22-1140x815.jpg 1140w\" sizes=\"auto, (max-width: 120px) 100vw, 120px\" \/>\n                            <\/div>\n                        <\/a><a data-id=\"33\" data-title=\"\" data-image=\"https:\/\/atecordoba.org\/wp-content\/uploads\/2021\/03\/18-03-Jornada-Lucha-Paro-y-Movilizacion-Min-Trabajo_23.jpg\" href=\"https:\/\/atecordoba.org\/wp-content\/uploads\/2021\/03\/18-03-Jornada-Lucha-Paro-y-Movilizacion-Min-Trabajo_23.jpg\" class=\"jeg_preview_item \">\n                            <div class=\"jeg_preview_item_thumbnail\">\n                                <img loading=\"lazy\" decoding=\"async\" width=\"120\" height=\"86\" src=\"https:\/\/atecordoba.org\/wp-content\/uploads\/2021\/03\/18-03-Jornada-Lucha-Paro-y-Movilizacion-Min-Trabajo_23-120x86.jpg\" class=\"attachment-jnews-120x86 size-jnews-120x86\" alt=\"\" srcset=\"https:\/\/atecordoba.org\/wp-content\/uploads\/2021\/03\/18-03-Jornada-Lucha-Paro-y-Movilizacion-Min-Trabajo_23-120x86.jpg 120w, https:\/\/atecordoba.org\/wp-content\/uploads\/2021\/03\/18-03-Jornada-Lucha-Paro-y-Movilizacion-Min-Trabajo_23-350x250.jpg 350w, https:\/\/atecordoba.org\/wp-content\/uploads\/2021\/03\/18-03-Jornada-Lucha-Paro-y-Movilizacion-Min-Trabajo_23-750x536.jpg 750w, https:\/\/atecordoba.org\/wp-content\/uploads\/2021\/03\/18-03-Jornada-Lucha-Paro-y-Movilizacion-Min-Trabajo_23-1140x815.jpg 1140w\" sizes=\"auto, (max-width: 120px) 100vw, 120px\" \/>\n                            <\/div>\n                        <\/a><a data-id=\"34\" data-title=\"\" data-image=\"https:\/\/atecordoba.org\/wp-content\/uploads\/2021\/03\/18-03-Jornada-Lucha-Paro-y-Movilizacion-Min-Trabajo_24.jpg\" href=\"https:\/\/atecordoba.org\/wp-content\/uploads\/2021\/03\/18-03-Jornada-Lucha-Paro-y-Movilizacion-Min-Trabajo_24.jpg\" class=\"jeg_preview_item \">\n                            <div class=\"jeg_preview_item_thumbnail\">\n                                <img loading=\"lazy\" decoding=\"async\" width=\"120\" height=\"86\" src=\"https:\/\/atecordoba.org\/wp-content\/uploads\/2021\/03\/18-03-Jornada-Lucha-Paro-y-Movilizacion-Min-Trabajo_24-120x86.jpg\" class=\"attachment-jnews-120x86 size-jnews-120x86\" alt=\"\" srcset=\"https:\/\/atecordoba.org\/wp-content\/uploads\/2021\/03\/18-03-Jornada-Lucha-Paro-y-Movilizacion-Min-Trabajo_24-120x86.jpg 120w, https:\/\/atecordoba.org\/wp-content\/uploads\/2021\/03\/18-03-Jornada-Lucha-Paro-y-Movilizacion-Min-Trabajo_24-350x250.jpg 350w, https:\/\/atecordoba.org\/wp-content\/uploads\/2021\/03\/18-03-Jornada-Lucha-Paro-y-Movilizacion-Min-Trabajo_24-750x536.jpg 750w, https:\/\/atecordoba.org\/wp-content\/uploads\/2021\/03\/18-03-Jornada-Lucha-Paro-y-Movilizacion-Min-Trabajo_24-1140x815.jpg 1140w\" sizes=\"auto, (max-width: 120px) 100vw, 120px\" \/>\n                            <\/div>\n                        <\/a><a data-id=\"35\" data-title=\"\" data-image=\"https:\/\/atecordoba.org\/wp-content\/uploads\/2021\/03\/18-03-Jornada-Lucha-Paro-y-Movilizacion-Min-Trabajo_25.jpg\" href=\"https:\/\/atecordoba.org\/wp-content\/uploads\/2021\/03\/18-03-Jornada-Lucha-Paro-y-Movilizacion-Min-Trabajo_25.jpg\" class=\"jeg_preview_item \">\n                            <div class=\"jeg_preview_item_thumbnail\">\n                                <img loading=\"lazy\" decoding=\"async\" width=\"120\" height=\"86\" src=\"https:\/\/atecordoba.org\/wp-content\/uploads\/2021\/03\/18-03-Jornada-Lucha-Paro-y-Movilizacion-Min-Trabajo_25-120x86.jpg\" class=\"attachment-jnews-120x86 size-jnews-120x86\" alt=\"\" srcset=\"https:\/\/atecordoba.org\/wp-content\/uploads\/2021\/03\/18-03-Jornada-Lucha-Paro-y-Movilizacion-Min-Trabajo_25-120x86.jpg 120w, https:\/\/atecordoba.org\/wp-content\/uploads\/2021\/03\/18-03-Jornada-Lucha-Paro-y-Movilizacion-Min-Trabajo_25-350x250.jpg 350w, https:\/\/atecordoba.org\/wp-content\/uploads\/2021\/03\/18-03-Jornada-Lucha-Paro-y-Movilizacion-Min-Trabajo_25-750x536.jpg 750w, https:\/\/atecordoba.org\/wp-content\/uploads\/2021\/03\/18-03-Jornada-Lucha-Paro-y-Movilizacion-Min-Trabajo_25-1140x815.jpg 1140w\" sizes=\"auto, (max-width: 120px) 100vw, 120px\" \/>\n                            <\/div>\n                        <\/a><a data-id=\"36\" data-title=\"\" data-image=\"https:\/\/atecordoba.org\/wp-content\/uploads\/2021\/03\/18-03-Jornada-Lucha-Paro-y-Movilizacion-Min-Trabajo_26.jpg\" href=\"https:\/\/atecordoba.org\/wp-content\/uploads\/2021\/03\/18-03-Jornada-Lucha-Paro-y-Movilizacion-Min-Trabajo_26.jpg\" class=\"jeg_preview_item \">\n                            <div class=\"jeg_preview_item_thumbnail\">\n                                <img loading=\"lazy\" decoding=\"async\" width=\"120\" height=\"86\" src=\"https:\/\/atecordoba.org\/wp-content\/uploads\/2021\/03\/18-03-Jornada-Lucha-Paro-y-Movilizacion-Min-Trabajo_26-120x86.jpg\" class=\"attachment-jnews-120x86 size-jnews-120x86\" alt=\"\" srcset=\"https:\/\/atecordoba.org\/wp-content\/uploads\/2021\/03\/18-03-Jornada-Lucha-Paro-y-Movilizacion-Min-Trabajo_26-120x86.jpg 120w, https:\/\/atecordoba.org\/wp-content\/uploads\/2021\/03\/18-03-Jornada-Lucha-Paro-y-Movilizacion-Min-Trabajo_26-350x250.jpg 350w, https:\/\/atecordoba.org\/wp-content\/uploads\/2021\/03\/18-03-Jornada-Lucha-Paro-y-Movilizacion-Min-Trabajo_26-750x536.jpg 750w, https:\/\/atecordoba.org\/wp-content\/uploads\/2021\/03\/18-03-Jornada-Lucha-Paro-y-Movilizacion-Min-Trabajo_26-1140x815.jpg 1140w\" sizes=\"auto, (max-width: 120px) 100vw, 120px\" \/>\n                            <\/div>\n                        <\/a><a data-id=\"37\" data-title=\"\" data-image=\"https:\/\/atecordoba.org\/wp-content\/uploads\/2021\/03\/18-03-Jornada-Lucha-Paro-y-Movilizacion-Min-Trabajo_27.jpg\" href=\"https:\/\/atecordoba.org\/wp-content\/uploads\/2021\/03\/18-03-Jornada-Lucha-Paro-y-Movilizacion-Min-Trabajo_27.jpg\" class=\"jeg_preview_item \">\n                            <div class=\"jeg_preview_item_thumbnail\">\n                                <img loading=\"lazy\" decoding=\"async\" width=\"120\" height=\"86\" src=\"https:\/\/atecordoba.org\/wp-content\/uploads\/2021\/03\/18-03-Jornada-Lucha-Paro-y-Movilizacion-Min-Trabajo_27-120x86.jpg\" class=\"attachment-jnews-120x86 size-jnews-120x86\" alt=\"\" srcset=\"https:\/\/atecordoba.org\/wp-content\/uploads\/2021\/03\/18-03-Jornada-Lucha-Paro-y-Movilizacion-Min-Trabajo_27-120x86.jpg 120w, https:\/\/atecordoba.org\/wp-content\/uploads\/2021\/03\/18-03-Jornada-Lucha-Paro-y-Movilizacion-Min-Trabajo_27-350x250.jpg 350w, https:\/\/atecordoba.org\/wp-content\/uploads\/2021\/03\/18-03-Jornada-Lucha-Paro-y-Movilizacion-Min-Trabajo_27-750x536.jpg 750w, https:\/\/atecordoba.org\/wp-content\/uploads\/2021\/03\/18-03-Jornada-Lucha-Paro-y-Movilizacion-Min-Trabajo_27-1140x815.jpg 1140w\" sizes=\"auto, (max-width: 120px) 100vw, 120px\" \/>\n                            <\/div>\n                        <\/a><a data-id=\"38\" data-title=\"\" data-image=\"https:\/\/atecordoba.org\/wp-content\/uploads\/2021\/03\/18-03-Jornada-Lucha-Paro-y-Movilizacion-Min-Trabajo_28.jpg\" href=\"https:\/\/atecordoba.org\/wp-content\/uploads\/2021\/03\/18-03-Jornada-Lucha-Paro-y-Movilizacion-Min-Trabajo_28.jpg\" class=\"jeg_preview_item \">\n                            <div class=\"jeg_preview_item_thumbnail\">\n                                <img loading=\"lazy\" decoding=\"async\" width=\"120\" height=\"86\" src=\"https:\/\/atecordoba.org\/wp-content\/uploads\/2021\/03\/18-03-Jornada-Lucha-Paro-y-Movilizacion-Min-Trabajo_28-120x86.jpg\" class=\"attachment-jnews-120x86 size-jnews-120x86\" alt=\"\" srcset=\"https:\/\/atecordoba.org\/wp-content\/uploads\/2021\/03\/18-03-Jornada-Lucha-Paro-y-Movilizacion-Min-Trabajo_28-120x86.jpg 120w, https:\/\/atecordoba.org\/wp-content\/uploads\/2021\/03\/18-03-Jornada-Lucha-Paro-y-Movilizacion-Min-Trabajo_28-350x250.jpg 350w, https:\/\/atecordoba.org\/wp-content\/uploads\/2021\/03\/18-03-Jornada-Lucha-Paro-y-Movilizacion-Min-Trabajo_28-750x536.jpg 750w, https:\/\/atecordoba.org\/wp-content\/uploads\/2021\/03\/18-03-Jornada-Lucha-Paro-y-Movilizacion-Min-Trabajo_28-1140x815.jpg 1140w\" sizes=\"auto, (max-width: 120px) 100vw, 120px\" \/>\n                            <\/div>\n                        <\/a><a data-id=\"39\" data-title=\"\" data-image=\"https:\/\/atecordoba.org\/wp-content\/uploads\/2021\/03\/18-03-Jornada-Lucha-Paro-y-Movilizacion-Min-Trabajo_43.jpg\" href=\"https:\/\/atecordoba.org\/wp-content\/uploads\/2021\/03\/18-03-Jornada-Lucha-Paro-y-Movilizacion-Min-Trabajo_43.jpg\" class=\"jeg_preview_item \">\n                            <div class=\"jeg_preview_item_thumbnail\">\n                                <img loading=\"lazy\" decoding=\"async\" width=\"120\" height=\"86\" src=\"https:\/\/atecordoba.org\/wp-content\/uploads\/2021\/03\/18-03-Jornada-Lucha-Paro-y-Movilizacion-Min-Trabajo_43-120x86.jpg\" class=\"attachment-jnews-120x86 size-jnews-120x86\" alt=\"\" srcset=\"https:\/\/atecordoba.org\/wp-content\/uploads\/2021\/03\/18-03-Jornada-Lucha-Paro-y-Movilizacion-Min-Trabajo_43-120x86.jpg 120w, https:\/\/atecordoba.org\/wp-content\/uploads\/2021\/03\/18-03-Jornada-Lucha-Paro-y-Movilizacion-Min-Trabajo_43-350x250.jpg 350w, https:\/\/atecordoba.org\/wp-content\/uploads\/2021\/03\/18-03-Jornada-Lucha-Paro-y-Movilizacion-Min-Trabajo_43-750x536.jpg 750w, https:\/\/atecordoba.org\/wp-content\/uploads\/2021\/03\/18-03-Jornada-Lucha-Paro-y-Movilizacion-Min-Trabajo_43-1140x808.jpg 1140w\" sizes=\"auto, (max-width: 120px) 100vw, 120px\" \/>\n                            <\/div>\n                        <\/a><a data-id=\"40\" data-title=\"\" data-image=\"https:\/\/atecordoba.org\/wp-content\/uploads\/2021\/03\/18-03-Jornada-Lucha-Paro-y-Movilizacion-Min-Trabajo_44.jpg\" href=\"https:\/\/atecordoba.org\/wp-content\/uploads\/2021\/03\/18-03-Jornada-Lucha-Paro-y-Movilizacion-Min-Trabajo_44.jpg\" class=\"jeg_preview_item \">\n                            <div class=\"jeg_preview_item_thumbnail\">\n                                <img loading=\"lazy\" decoding=\"async\" width=\"120\" height=\"86\" src=\"https:\/\/atecordoba.org\/wp-content\/uploads\/2021\/03\/18-03-Jornada-Lucha-Paro-y-Movilizacion-Min-Trabajo_44-120x86.jpg\" class=\"attachment-jnews-120x86 size-jnews-120x86\" alt=\"\" srcset=\"https:\/\/atecordoba.org\/wp-content\/uploads\/2021\/03\/18-03-Jornada-Lucha-Paro-y-Movilizacion-Min-Trabajo_44-120x86.jpg 120w, https:\/\/atecordoba.org\/wp-content\/uploads\/2021\/03\/18-03-Jornada-Lucha-Paro-y-Movilizacion-Min-Trabajo_44-350x250.jpg 350w, https:\/\/atecordoba.org\/wp-content\/uploads\/2021\/03\/18-03-Jornada-Lucha-Paro-y-Movilizacion-Min-Trabajo_44-750x536.jpg 750w, https:\/\/atecordoba.org\/wp-content\/uploads\/2021\/03\/18-03-Jornada-Lucha-Paro-y-Movilizacion-Min-Trabajo_44-1140x810.jpg 1140w\" sizes=\"auto, (max-width: 120px) 100vw, 120px\" \/>\n                            <\/div>\n                        <\/a><a data-id=\"41\" data-title=\"\" data-image=\"https:\/\/atecordoba.org\/wp-content\/uploads\/2021\/03\/18-03-Jornada-Lucha-Paro-y-Movilizacion-Min-Trabajo_40.jpg\" href=\"https:\/\/atecordoba.org\/wp-content\/uploads\/2021\/03\/18-03-Jornada-Lucha-Paro-y-Movilizacion-Min-Trabajo_40.jpg\" class=\"jeg_preview_item \">\n                            <div class=\"jeg_preview_item_thumbnail\">\n                                <img loading=\"lazy\" decoding=\"async\" width=\"120\" height=\"86\" src=\"https:\/\/atecordoba.org\/wp-content\/uploads\/2021\/03\/18-03-Jornada-Lucha-Paro-y-Movilizacion-Min-Trabajo_40-120x86.jpg\" class=\"attachment-jnews-120x86 size-jnews-120x86\" alt=\"\" srcset=\"https:\/\/atecordoba.org\/wp-content\/uploads\/2021\/03\/18-03-Jornada-Lucha-Paro-y-Movilizacion-Min-Trabajo_40-120x86.jpg 120w, https:\/\/atecordoba.org\/wp-content\/uploads\/2021\/03\/18-03-Jornada-Lucha-Paro-y-Movilizacion-Min-Trabajo_40-350x250.jpg 350w, https:\/\/atecordoba.org\/wp-content\/uploads\/2021\/03\/18-03-Jornada-Lucha-Paro-y-Movilizacion-Min-Trabajo_40-750x536.jpg 750w, https:\/\/atecordoba.org\/wp-content\/uploads\/2021\/03\/18-03-Jornada-Lucha-Paro-y-Movilizacion-Min-Trabajo_40-1140x806.jpg 1140w\" sizes=\"auto, (max-width: 120px) 100vw, 120px\" \/>\n                            <\/div>\n                        <\/a><a data-id=\"42\" data-title=\"\" data-image=\"https:\/\/atecordoba.org\/wp-content\/uploads\/2021\/03\/18-03-Jornada-Lucha-Paro-y-Movilizacion-Min-Trabajo_45.jpg\" href=\"https:\/\/atecordoba.org\/wp-content\/uploads\/2021\/03\/18-03-Jornada-Lucha-Paro-y-Movilizacion-Min-Trabajo_45.jpg\" class=\"jeg_preview_item \">\n                            <div class=\"jeg_preview_item_thumbnail\">\n                                <img loading=\"lazy\" decoding=\"async\" width=\"120\" height=\"86\" src=\"https:\/\/atecordoba.org\/wp-content\/uploads\/2021\/03\/18-03-Jornada-Lucha-Paro-y-Movilizacion-Min-Trabajo_45-120x86.jpg\" class=\"attachment-jnews-120x86 size-jnews-120x86\" alt=\"\" srcset=\"https:\/\/atecordoba.org\/wp-content\/uploads\/2021\/03\/18-03-Jornada-Lucha-Paro-y-Movilizacion-Min-Trabajo_45-120x86.jpg 120w, https:\/\/atecordoba.org\/wp-content\/uploads\/2021\/03\/18-03-Jornada-Lucha-Paro-y-Movilizacion-Min-Trabajo_45-350x250.jpg 350w, https:\/\/atecordoba.org\/wp-content\/uploads\/2021\/03\/18-03-Jornada-Lucha-Paro-y-Movilizacion-Min-Trabajo_45-750x536.jpg 750w, https:\/\/atecordoba.org\/wp-content\/uploads\/2021\/03\/18-03-Jornada-Lucha-Paro-y-Movilizacion-Min-Trabajo_45-1140x806.jpg 1140w\" sizes=\"auto, (max-width: 120px) 100vw, 120px\" \/>\n                            <\/div>\n                        <\/a><a data-id=\"43\" data-title=\"\" data-image=\"https:\/\/atecordoba.org\/wp-content\/uploads\/2021\/03\/18-03-Jornada-Lucha-Paro-y-Movilizacion-Min-Trabajo_41.jpg\" href=\"https:\/\/atecordoba.org\/wp-content\/uploads\/2021\/03\/18-03-Jornada-Lucha-Paro-y-Movilizacion-Min-Trabajo_41.jpg\" class=\"jeg_preview_item \">\n                            <div class=\"jeg_preview_item_thumbnail\">\n                                <img loading=\"lazy\" decoding=\"async\" width=\"120\" height=\"86\" src=\"https:\/\/atecordoba.org\/wp-content\/uploads\/2021\/03\/18-03-Jornada-Lucha-Paro-y-Movilizacion-Min-Trabajo_41-120x86.jpg\" class=\"attachment-jnews-120x86 size-jnews-120x86\" alt=\"\" srcset=\"https:\/\/atecordoba.org\/wp-content\/uploads\/2021\/03\/18-03-Jornada-Lucha-Paro-y-Movilizacion-Min-Trabajo_41-120x86.jpg 120w, https:\/\/atecordoba.org\/wp-content\/uploads\/2021\/03\/18-03-Jornada-Lucha-Paro-y-Movilizacion-Min-Trabajo_41-350x250.jpg 350w, https:\/\/atecordoba.org\/wp-content\/uploads\/2021\/03\/18-03-Jornada-Lucha-Paro-y-Movilizacion-Min-Trabajo_41-750x536.jpg 750w, https:\/\/atecordoba.org\/wp-content\/uploads\/2021\/03\/18-03-Jornada-Lucha-Paro-y-Movilizacion-Min-Trabajo_41-1140x806.jpg 1140w\" sizes=\"auto, (max-width: 120px) 100vw, 120px\" \/>\n                            <\/div>\n                        <\/a><a data-id=\"44\" data-title=\"\" data-image=\"https:\/\/atecordoba.org\/wp-content\/uploads\/2021\/03\/18-03-Jornada-Lucha-Paro-y-Movilizacion-Min-Trabajo_42.jpg\" href=\"https:\/\/atecordoba.org\/wp-content\/uploads\/2021\/03\/18-03-Jornada-Lucha-Paro-y-Movilizacion-Min-Trabajo_42.jpg\" class=\"jeg_preview_item \">\n                            <div class=\"jeg_preview_item_thumbnail\">\n                                <img loading=\"lazy\" decoding=\"async\" width=\"120\" height=\"86\" src=\"https:\/\/atecordoba.org\/wp-content\/uploads\/2021\/03\/18-03-Jornada-Lucha-Paro-y-Movilizacion-Min-Trabajo_42-120x86.jpg\" class=\"attachment-jnews-120x86 size-jnews-120x86\" alt=\"\" srcset=\"https:\/\/atecordoba.org\/wp-content\/uploads\/2021\/03\/18-03-Jornada-Lucha-Paro-y-Movilizacion-Min-Trabajo_42-120x86.jpg 120w, https:\/\/atecordoba.org\/wp-content\/uploads\/2021\/03\/18-03-Jornada-Lucha-Paro-y-Movilizacion-Min-Trabajo_42-350x250.jpg 350w, https:\/\/atecordoba.org\/wp-content\/uploads\/2021\/03\/18-03-Jornada-Lucha-Paro-y-Movilizacion-Min-Trabajo_42-750x536.jpg 750w\" sizes=\"auto, (max-width: 120px) 100vw, 120px\" \/>\n                            <\/div>\n                        <\/a>\n                    <\/div>\n                        <\/div>\n                        <div class=\"jeg_preview_description\">\n                            \n                            <div class=\"jeg_preview_description_wrapper\">\n                            \n                            <\/div>\n                        <\/div>\n                        <script>\n                            var gallery_1 = {\n                                rtl: false,\n                                native_zoom: false,\n                                zoom_max: 5,\n                                zoom_step: 40,\n                                image_sequence: [{\"src\":\"https:\\\/\\\/atecordoba.org\\\/wp-content\\\/uploads\\\/2021\\\/03\\\/18-03-Jornada-Lucha-Paro-y-Movilizacion-Min-Trabajo_46.jpg\",\"w\":1420,\"h\":812,\"title\":\"\"},{\"src\":\"https:\\\/\\\/atecordoba.org\\\/wp-content\\\/uploads\\\/2021\\\/03\\\/18-03-Jornada-Lucha-Paro-y-Movilizacion-Min-Trabajo_29.jpg\",\"w\":2505,\"h\":1670,\"title\":\"\"},{\"src\":\"https:\\\/\\\/atecordoba.org\\\/wp-content\\\/uploads\\\/2021\\\/03\\\/18-03-Jornada-Lucha-Paro-y-Movilizacion-Min-Trabajo_30.jpg\",\"w\":2505,\"h\":1670,\"title\":\"\"},{\"src\":\"https:\\\/\\\/atecordoba.org\\\/wp-content\\\/uploads\\\/2021\\\/03\\\/18-03-Jornada-Lucha-Paro-y-Movilizacion-Min-Trabajo_31.jpg\",\"w\":2505,\"h\":1670,\"title\":\"\"},{\"src\":\"https:\\\/\\\/atecordoba.org\\\/wp-content\\\/uploads\\\/2021\\\/03\\\/18-03-Jornada-Lucha-Paro-y-Movilizacion-Min-Trabajo_32.jpg\",\"w\":2505,\"h\":1670,\"title\":\"\"},{\"src\":\"https:\\\/\\\/atecordoba.org\\\/wp-content\\\/uploads\\\/2021\\\/03\\\/18-03-Jornada-Lucha-Paro-y-Movilizacion-Min-Trabajo_33.jpg\",\"w\":2505,\"h\":1670,\"title\":\"\"},{\"src\":\"https:\\\/\\\/atecordoba.org\\\/wp-content\\\/uploads\\\/2021\\\/03\\\/18-03-Jornada-Lucha-Paro-y-Movilizacion-Min-Trabajo_35.jpg\",\"w\":2505,\"h\":1670,\"title\":\"\"},{\"src\":\"https:\\\/\\\/atecordoba.org\\\/wp-content\\\/uploads\\\/2021\\\/03\\\/18-03-Jornada-Lucha-Paro-y-Movilizacion-Min-Trabajo_39.jpg\",\"w\":2505,\"h\":1670,\"title\":\"\"},{\"src\":\"https:\\\/\\\/atecordoba.org\\\/wp-content\\\/uploads\\\/2021\\\/03\\\/18-03-Jornada-Lucha-Paro-y-Movilizacion-Min-Trabajo_36-scaled.jpg\",\"w\":2560,\"h\":1707,\"title\":\"\"},{\"src\":\"https:\\\/\\\/atecordoba.org\\\/wp-content\\\/uploads\\\/2021\\\/03\\\/18-03-Jornada-Lucha-Paro-y-Movilizacion-Min-Trabajo_37.jpg\",\"w\":2505,\"h\":1670,\"title\":\"\"},{\"src\":\"https:\\\/\\\/atecordoba.org\\\/wp-content\\\/uploads\\\/2021\\\/03\\\/18-03-Jornada-Lucha-Paro-y-Movilizacion-Min-Trabajo_38.jpg\",\"w\":2505,\"h\":1670,\"title\":\"\"},{\"src\":\"https:\\\/\\\/atecordoba.org\\\/wp-content\\\/uploads\\\/2021\\\/03\\\/18-03-Jornada-Lucha-Paro-y-Movilizacion-Min-Trabajo.jpg\",\"w\":2505,\"h\":1670,\"title\":\"\"},{\"src\":\"https:\\\/\\\/atecordoba.org\\\/wp-content\\\/uploads\\\/2021\\\/03\\\/18-03-Jornada-Lucha-Paro-y-Movilizacion-Min-Trabajo_2.jpg\",\"w\":2505,\"h\":1670,\"title\":\"\"},{\"src\":\"https:\\\/\\\/atecordoba.org\\\/wp-content\\\/uploads\\\/2021\\\/03\\\/18-03-Jornada-Lucha-Paro-y-Movilizacion-Min-Trabajo_3.jpg\",\"w\":2505,\"h\":1670,\"title\":\"\"},{\"src\":\"https:\\\/\\\/atecordoba.org\\\/wp-content\\\/uploads\\\/2021\\\/03\\\/18-03-Jornada-Lucha-Paro-y-Movilizacion-Min-Trabajo_4.jpg\",\"w\":2505,\"h\":1670,\"title\":\"\"},{\"src\":\"https:\\\/\\\/atecordoba.org\\\/wp-content\\\/uploads\\\/2021\\\/03\\\/18-03-Jornada-Lucha-Paro-y-Movilizacion-Min-Trabajo_5.jpg\",\"w\":2505,\"h\":1670,\"title\":\"\"},{\"src\":\"https:\\\/\\\/atecordoba.org\\\/wp-content\\\/uploads\\\/2021\\\/03\\\/18-03-Jornada-Lucha-Paro-y-Movilizacion-Min-Trabajo_6.jpg\",\"w\":2505,\"h\":1670,\"title\":\"\"},{\"src\":\"https:\\\/\\\/atecordoba.org\\\/wp-content\\\/uploads\\\/2021\\\/03\\\/18-03-Jornada-Lucha-Paro-y-Movilizacion-Min-Trabajo_7.jpg\",\"w\":2505,\"h\":1670,\"title\":\"\"},{\"src\":\"https:\\\/\\\/atecordoba.org\\\/wp-content\\\/uploads\\\/2021\\\/03\\\/18-03-Jornada-Lucha-Paro-y-Movilizacion-Min-Trabajo_8.jpg\",\"w\":2505,\"h\":1670,\"title\":\"\"},{\"src\":\"https:\\\/\\\/atecordoba.org\\\/wp-content\\\/uploads\\\/2021\\\/03\\\/18-03-Jornada-Lucha-Paro-y-Movilizacion-Min-Trabajo_9.jpg\",\"w\":1800,\"h\":1350,\"title\":\"DCIM100GOPROGOPR0398.JPG\"},{\"src\":\"https:\\\/\\\/atecordoba.org\\\/wp-content\\\/uploads\\\/2021\\\/03\\\/18-03-Jornada-Lucha-Paro-y-Movilizacion-Min-Trabajo_10.jpg\",\"w\":2505,\"h\":1670,\"title\":\"\"},{\"src\":\"https:\\\/\\\/atecordoba.org\\\/wp-content\\\/uploads\\\/2021\\\/03\\\/18-03-Jornada-Lucha-Paro-y-Movilizacion-Min-Trabajo_11.jpg\",\"w\":2505,\"h\":1670,\"title\":\"\"},{\"src\":\"https:\\\/\\\/atecordoba.org\\\/wp-content\\\/uploads\\\/2021\\\/03\\\/18-03-Jornada-Lucha-Paro-y-Movilizacion-Min-Trabajo_12.jpg\",\"w\":2505,\"h\":1670,\"title\":\"\"},{\"src\":\"https:\\\/\\\/atecordoba.org\\\/wp-content\\\/uploads\\\/2021\\\/03\\\/18-03-Jornada-Lucha-Paro-y-Movilizacion-Min-Trabajo_13.jpg\",\"w\":2505,\"h\":1670,\"title\":\"\"},{\"src\":\"https:\\\/\\\/atecordoba.org\\\/wp-content\\\/uploads\\\/2021\\\/03\\\/18-03-Jornada-Lucha-Paro-y-Movilizacion-Min-Trabajo_14.jpg\",\"w\":2505,\"h\":1670,\"title\":\"\"},{\"src\":\"https:\\\/\\\/atecordoba.org\\\/wp-content\\\/uploads\\\/2021\\\/03\\\/18-03-Jornada-Lucha-Paro-y-Movilizacion-Min-Trabajo_15.jpg\",\"w\":2505,\"h\":1670,\"title\":\"\"},{\"src\":\"https:\\\/\\\/atecordoba.org\\\/wp-content\\\/uploads\\\/2021\\\/03\\\/18-03-Jornada-Lucha-Paro-y-Movilizacion-Min-Trabajo_16.jpg\",\"w\":2505,\"h\":1670,\"title\":\"\"},{\"src\":\"https:\\\/\\\/atecordoba.org\\\/wp-content\\\/uploads\\\/2021\\\/03\\\/18-03-Jornada-Lucha-Paro-y-Movilizacion-Min-Trabajo_17.jpg\",\"w\":2505,\"h\":1670,\"title\":\"\"},{\"src\":\"https:\\\/\\\/atecordoba.org\\\/wp-content\\\/uploads\\\/2021\\\/03\\\/18-03-Jornada-Lucha-Paro-y-Movilizacion-Min-Trabajo_18.jpg\",\"w\":2505,\"h\":1670,\"title\":\"\"},{\"src\":\"https:\\\/\\\/atecordoba.org\\\/wp-content\\\/uploads\\\/2021\\\/03\\\/18-03-Jornada-Lucha-Paro-y-Movilizacion-Min-Trabajo_19.jpg\",\"w\":2505,\"h\":1670,\"title\":\"\"},{\"src\":\"https:\\\/\\\/atecordoba.org\\\/wp-content\\\/uploads\\\/2021\\\/03\\\/18-03-Jornada-Lucha-Paro-y-Movilizacion-Min-Trabajo_20.jpg\",\"w\":2505,\"h\":1670,\"title\":\"\"},{\"src\":\"https:\\\/\\\/atecordoba.org\\\/wp-content\\\/uploads\\\/2021\\\/03\\\/18-03-Jornada-Lucha-Paro-y-Movilizacion-Min-Trabajo_21.jpg\",\"w\":2505,\"h\":1670,\"title\":\"\"},{\"src\":\"https:\\\/\\\/atecordoba.org\\\/wp-content\\\/uploads\\\/2021\\\/03\\\/18-03-Jornada-Lucha-Paro-y-Movilizacion-Min-Trabajo_22.jpg\",\"w\":2505,\"h\":1670,\"title\":\"\"},{\"src\":\"https:\\\/\\\/atecordoba.org\\\/wp-content\\\/uploads\\\/2021\\\/03\\\/18-03-Jornada-Lucha-Paro-y-Movilizacion-Min-Trabajo_23.jpg\",\"w\":2505,\"h\":1670,\"title\":\"\"},{\"src\":\"https:\\\/\\\/atecordoba.org\\\/wp-content\\\/uploads\\\/2021\\\/03\\\/18-03-Jornada-Lucha-Paro-y-Movilizacion-Min-Trabajo_24.jpg\",\"w\":2505,\"h\":1670,\"title\":\"\"},{\"src\":\"https:\\\/\\\/atecordoba.org\\\/wp-content\\\/uploads\\\/2021\\\/03\\\/18-03-Jornada-Lucha-Paro-y-Movilizacion-Min-Trabajo_25.jpg\",\"w\":2505,\"h\":1670,\"title\":\"\"},{\"src\":\"https:\\\/\\\/atecordoba.org\\\/wp-content\\\/uploads\\\/2021\\\/03\\\/18-03-Jornada-Lucha-Paro-y-Movilizacion-Min-Trabajo_26.jpg\",\"w\":2505,\"h\":1670,\"title\":\"\"},{\"src\":\"https:\\\/\\\/atecordoba.org\\\/wp-content\\\/uploads\\\/2021\\\/03\\\/18-03-Jornada-Lucha-Paro-y-Movilizacion-Min-Trabajo_27.jpg\",\"w\":2505,\"h\":1670,\"title\":\"\"},{\"src\":\"https:\\\/\\\/atecordoba.org\\\/wp-content\\\/uploads\\\/2021\\\/03\\\/18-03-Jornada-Lucha-Paro-y-Movilizacion-Min-Trabajo_28.jpg\",\"w\":2505,\"h\":1670,\"title\":\"\"},{\"src\":\"https:\\\/\\\/atecordoba.org\\\/wp-content\\\/uploads\\\/2021\\\/03\\\/18-03-Jornada-Lucha-Paro-y-Movilizacion-Min-Trabajo_43.jpg\",\"w\":1428,\"h\":808,\"title\":\"\"},{\"src\":\"https:\\\/\\\/atecordoba.org\\\/wp-content\\\/uploads\\\/2021\\\/03\\\/18-03-Jornada-Lucha-Paro-y-Movilizacion-Min-Trabajo_44.jpg\",\"w\":1428,\"h\":810,\"title\":\"\"},{\"src\":\"https:\\\/\\\/atecordoba.org\\\/wp-content\\\/uploads\\\/2021\\\/03\\\/18-03-Jornada-Lucha-Paro-y-Movilizacion-Min-Trabajo_40.jpg\",\"w\":1408,\"h\":806,\"title\":\"\"},{\"src\":\"https:\\\/\\\/atecordoba.org\\\/wp-content\\\/uploads\\\/2021\\\/03\\\/18-03-Jornada-Lucha-Paro-y-Movilizacion-Min-Trabajo_45.jpg\",\"w\":1424,\"h\":806,\"title\":\"\"},{\"src\":\"https:\\\/\\\/atecordoba.org\\\/wp-content\\\/uploads\\\/2021\\\/03\\\/18-03-Jornada-Lucha-Paro-y-Movilizacion-Min-Trabajo_41.jpg\",\"w\":1424,\"h\":806,\"title\":\"\"},{\"src\":\"https:\\\/\\\/atecordoba.org\\\/wp-content\\\/uploads\\\/2021\\\/03\\\/18-03-Jornada-Lucha-Paro-y-Movilizacion-Min-Trabajo_42.jpg\",\"w\":1434,\"h\":802,\"title\":\"\"}]\n                            };\n                        <\/script>\n                    <\/div>\n<\/div>\n<div id=\"post-body-2984505408009883483\">\n<p><strong>Las medidas de fuerzas (que incluyeron paros, asambleas y movilizaciones) se desarrollaron a lo largo y ancho de la provincia y tuvieron su epicentro en la numerosa manifestaci\u00f3n hacia Ministerio de Trabajo de la Naci\u00f3n en C\u00f3rdoba Capital.<\/strong> De la misma, participaron centenares de delegadas\/os, militantes, afiliadas\/os de ATE de toda la Provincia. Las medidas adoptadas ayer, <strong>destac\u00f3 Federico Giuliani, Secretario General de ATE C\u00f3rdoba<\/strong>, &#8220;fueron construidas de abajo para arriba, desde hace m\u00e1s de un mes, sector por sector, con Asambleas virtuales y presenciales: son el resultado de lo que nuestras bases exigen ante la situaci\u00f3n que vivimos los trabajadores y trabajadoras en todos los niveles&#8221;, exclam\u00f3 en el escenario instalado sobre calle 27 de abril al 350 de la capital cordobesa, frente a la delegaci\u00f3n local del Ministerio de Trabajo de la Naci\u00f3n. En el palco, adem\u00e1s de las Secretarias y Secretarios Generales de las Seccionales de ATE C\u00f3rdoba y referentes de distintos sectores Nacionales, Provinciales y Municipales, <strong>estuvo presente el Secretario Adjunto de ATE Nacional, Rodolfo &#8220;Rody&#8221; Aguiar<\/strong>, quien tambi\u00e9n hizo uso de la palabra. &#8220;Queremos felicitar a cada compa\u00f1era y compa\u00f1ero que hoy se ha hecho presente en esta hist\u00f3rica jornada de lucha&#8221;, exclam\u00f3 Aguiar.<\/p>\n<p>&#8220;Nos seguimos preguntando: \u00bfqui\u00e9n va a pagar el costo de la crisis que se profundiz\u00f3 con esta pandemia? Desde ya decimos que no las y los trabajadores&#8221;, ratific\u00f3 Aguiar quien expres\u00f3 que &#8220;<strong>desde la conducci\u00f3n Nacional venimos a ser parte de este reclamo que se alza desde C\u00f3rdoba<\/strong> y decimos que con salarios por debajo de la inflaci\u00f3n y la pobreza no hay salida de la crisis posible: \u00a1aumento de emergencia YA para activos y para jubiladas y jubilados!&#8221;, enfatiz\u00f3.<\/p>\n<p>Por otro lado, Aguiar destac\u00f3 la firma del acuerdo en Casa Rosada por los 30 mil pases a planta en el Estado Nacional, aunque remarc\u00f3 que &#8220;ello no ser\u00e1 un triunfo definitivo hasta que no se fije un cronograma, con concursos que se distribuyan federalmente y con equidad en cada una de las provincias a lo largo y ancho del pa\u00eds&#8221;. Adem\u00e1s, remarc\u00f3 que deben terminar de reemplazarse a los jefes designados por el macrismo para realizar el ajuste, as\u00ed como tambi\u00e9n cubrir las vacantes por bajas y jubilaciones y que las mismas, &#8220;donde hay personal militar, sean cubiertas por personal civil&#8221;, advirti\u00f3. Aguiar, tambi\u00e9n hizo un llamamiento a que se reincorporen &#8220;a todas las compa\u00f1eras y compa\u00f1eros despedidos injustamente&#8221; durante el anterior Gobierno.<\/p>\n<div class=\"epyt-video-wrapper\"><iframe loading=\"lazy\"  style=\"display: block; margin: 0px auto;\"  id=\"_ytid_13783\"  width=\"480\" height=\"270\"  data-origwidth=\"480\" data-origheight=\"270\" src=\"https:\/\/www.youtube.com\/embed\/m87QpGrNYn0?enablejsapi=1&#038;autoplay=0&#038;cc_load_policy=0&#038;cc_lang_pref=&#038;iv_load_policy=3&#038;loop=0&#038;rel=0&#038;fs=1&#038;playsinline=0&#038;autohide=2&#038;theme=dark&#038;color=red&#038;controls=1&#038;disablekb=0&#038;\" class=\"__youtube_prefs__  epyt-is-override  no-lazyload\" title=\"YouTube player\"  allow=\"fullscreen; accelerometer; autoplay; clipboard-write; encrypted-media; gyroscope; picture-in-picture; web-share\" referrerpolicy=\"strict-origin-when-cross-origin\" allowfullscreen data-no-lazy=\"1\" data-skipgform_ajax_framebjll=\"\"><\/iframe><\/div>\n<p>&#8220;Este es un sindicato -remarc\u00f3 tambi\u00e9n- que est\u00e1 decidido a representar a cada uno y cada una de los y las Estatales provinciales, como una expresi\u00f3n realmente genuina de sus sentires, contraria a la de esas burocracias patronas que son aliadas de cada gobierno en contra de sus propios representados&#8221;. En el mismo sentido, convoc\u00f3 a quienes trabajen en los municipios y lanz\u00f3 una advertencia intendentes e intendentas: &#8220;se termin\u00f3 la joda, la paritaria no se acuerda m\u00e1s en un asado con un gremialista amigo, las paritarias se discuten en una mesa: \u00a1pase a planta, recategorizaciones, convenios colectivos, en cada una de las comunas y municipios de la provincia!&#8221;, enfatiz\u00f3.<\/p>\n<p><strong>&#8220;Hemos venido siempre, hoy volvimos y vamos a seguir viniendo porque esta ATE Cordobesa tiene las puertas grandes, las tiene bien abiertas y ac\u00e1 estamos, que escuche el pa\u00eds: \u00a1No vamos a callar jam\u00e1s ante tantas injusticias repetidas!&#8221;<\/strong>, sentenci\u00f3 Aguiar.<\/p>\n<p>Por su parte, Federico Giuliani, se refiri\u00f3 a los reclamos de la jornada y dijo: <strong>&#8220;Estamos exigiendo la reapertura de las paritarias con el Gobierno nacional<\/strong> porque necesitamos un aumento salarial de emergencia. Tambi\u00e9n queremos discutir en ese \u00e1mbito las condiciones en que se van a dar los pases a planta permanente anunciados por el Gobierno a fines del a\u00f1o pasado&#8221;, destac\u00f3 el dirigente.<\/p>\n<p>Adem\u00e1s, Giuliani reclam\u00f3 la reincorporaci\u00f3n de las y los despedidos durante el Gobierno de Mauricio Macri.<\/p>\n<p>&#8220;Estamos demandando adem\u00e1s la reincorporaci\u00f3n de los miles de despedidos por el macrismo, algo que todav\u00eda no fue cumplido por la actual gesti\u00f3n, salvo por casos muy puntuales y aislados&#8221;, remarc\u00f3 el secretario general de ATE C\u00f3rdoba.<\/p>\n<div class=\"fb-post\" data-href=\"https:\/\/www.facebook.com\/ateprensario3\/posts\/1088419998235927\" data-width=\"500\" data-show-text=\"true\">\n<blockquote class=\"fb-xfbml-parse-ignore\" cite=\"https:\/\/www.facebook.com\/ateprensario3\/posts\/1088419998235927\"><p>Publicado por <a href=\"https:\/\/www.facebook.com\/ateprensario3\/\">ATE R\u00edo Tercero Prensa<\/a> en\u00a0<a href=\"https:\/\/www.facebook.com\/ateprensario3\/posts\/1088419998235927\">Jueves, 18 de marzo de 2021<\/a><\/p><\/blockquote>\n<\/div>\n<p>&nbsp;<\/p>\n<p>Y agreg\u00f3: &#8220;Por otra parte, queremos discutir la conformaci\u00f3n del comit\u00e9 de seguridad e higiene laboral para abordar de qu\u00e9 manera se va a desarrollar la vuelta al trabajo presencial&#8221;.<\/p>\n<p>Por \u00faltimo, Giuliani asegur\u00f3 que la medida de fuerza se desarroll\u00f3 con \u00e9xito y contundencia, y afirm\u00f3 que la misma podr\u00eda extenderse hacia otros puntos del pa\u00eds en caso de no obtener respuestas de parte del Gobierno nacional.<\/p>\n<p>&#8220;Se han paralizado los organismos con asambleas presenciales y cortes virtuales. Hemos aprovechado la presencia de Rodolfo Aguiar, secretario adjunto de nuestro gremio a nivel nacional, para plantear que si no hay respuesta del Gobierno, las medidas tomadas en C\u00f3rdoba se extender\u00e1n a todo el pa\u00eds&#8221;, enfatiz\u00f3.<\/p>\n<div>\n<p>Y culmin\u00f3: &#8220;Nosotros entendemos que Argentina tiene recursos econ\u00f3micos pero los mismos no se pueden usar para pagar una deuda ileg\u00edtima e inmoral. Coincidimos con el Gobierno en buscar los responsables judiciales de contraer esa deuda, pero no podemos pagar sin revisarla. Tenemos trabajadores por debajo de la l\u00ednea de la pobreza, y con esas condiciones es imposible tener un Estado al servicio del Pueblo&#8221;.<\/p>\n<p><strong>Por: Prensa ATE C\u00f3rdoba y Diario Sindical<\/strong><\/p>\n<\/div>\n<\/div>\n","protected":false},"excerpt":{"rendered":"<p>Las medidas de fuerzas (que incluyeron paros, asambleas y movilizaciones) se desarrollaron a lo largo y ancho de la provincia y tuvieron su epicentro en la numerosa manifestaci\u00f3n hacia Ministerio de Trabajo de la Naci\u00f3n en C\u00f3rdoba Capital. De la misma, participaron centenares de delegadas\/os, militantes, afiliadas\/os de ATE de toda la Provincia. Las medidas [&hellip;]<\/p>\n","protected":false},"author":6,"featured_media":24896,"comment_status":"open","ping_status":"open","sticky":false,"template":"","format":"standard","meta":{"_exactmetrics_skip_tracking":false,"_exactmetrics_sitenote_active":false,"_exactmetrics_sitenote_note":"","_exactmetrics_sitenote_category":0,"jnews-multi-image_gallery":[],"jnews_single_post":{"source_name":"","source_url":"","via_name":"","via_url":"","override_template":"0","override":[{"template":"1","single_blog_custom":"","parallax":"1","fullscreen":"0","layout":"right-sidebar","sidebar":"default-sidebar","second_sidebar":"default-sidebar","sticky_sidebar":"1","share_position":"top","share_float_style":"share-monocrhome","show_share_counter":"1","show_view_counter":"1","show_featured":"1","show_post_meta":"1","show_post_author":"1","show_post_author_image":"1","show_post_date":"1","post_date_format":"default","post_date_format_custom":"Y\/m\/d","show_post_category":"1","show_post_reading_time":"0","post_reading_time_wpm":"300","show_zoom_button":"0","zoom_button_out_step":"2","zoom_button_in_step":"3","show_post_tag":"1","show_prev_next_post":"1","show_popup_post":"1","number_popup_post":"1","show_author_box":"0","show_post_related":"0","show_inline_post_related":"0"}],"override_image_size":"0","image_override":[{"single_post_thumbnail_size":"crop-500","single_post_gallery_size":"crop-500"}],"trending_post":"0","trending_post_position":"meta","trending_post_label":"Trending","sponsored_post":"0","sponsored_post_label":"Sponsored by","sponsored_post_name":"","sponsored_post_url":"","sponsored_post_logo_enable":"0","sponsored_post_logo":"","sponsored_post_desc":""},"jnews_primary_category":{"id":""},"jnews_social_meta":{"fb_title":"","fb_description":"","fb_image":"","twitter_title":"","twitter_description":"","twitter_image":""},"jnews_review":[],"enable_review":"0","type":"percentage","name":"","summary":"","brand":"","sku":"","good":[{"good_text":""}],"bad":[{"bad_text":""}],"score_override":"","override_value":"","rating":[{"rating_text":"","rating_number":"10"}],"price":[{"shop":"","price":"","link":"","icon":""}],"jnews_override_counter":{"override_view_counter":"0","view_counter_number":"0","override_share_counter":"0","share_counter_number":"0","override_like_counter":"0","like_counter_number":"0","override_dislike_counter":"0","dislike_counter_number":"0"},"jnews_post_split":{"enable_post_split":"0","post_split":[{"template":"1","tag":"h2","numbering":"asc","mode":"normal"}]},"footnotes":""},"categories":[756,341,20,18,8],"tags":[],"class_list":["post-24846","post","type-post","status-publish","format-standard","has-post-thumbnail","hentry","category-consejo-directivo-nacional-cdn","category-cdp","category-municipales","category-nacionales","category-provinciales"],"jetpack_featured_media_url":"https:\/\/atecordoba.org\/wp-content\/uploads\/2021\/03\/18-03-Jornada-Lucha-Paro-y-Movilizacion-Min-Trabajo_39.jpg","_links":{"self":[{"href":"https:\/\/atecordoba.org\/index.php?rest_route=\/wp\/v2\/posts\/24846","targetHints":{"allow":["GET"]}}],"collection":[{"href":"https:\/\/atecordoba.org\/index.php?rest_route=\/wp\/v2\/posts"}],"about":[{"href":"https:\/\/atecordoba.org\/index.php?rest_route=\/wp\/v2\/types\/post"}],"author":[{"embeddable":true,"href":"https:\/\/atecordoba.org\/index.php?rest_route=\/wp\/v2\/users\/6"}],"replies":[{"embeddable":true,"href":"https:\/\/atecordoba.org\/index.php?rest_route=%2Fwp%2Fv2%2Fcomments&post=24846"}],"version-history":[{"count":2,"href":"https:\/\/atecordoba.org\/index.php?rest_route=\/wp\/v2\/posts\/24846\/revisions"}],"predecessor-version":[{"id":24933,"href":"https:\/\/atecordoba.org\/index.php?rest_route=\/wp\/v2\/posts\/24846\/revisions\/24933"}],"wp:featuredmedia":[{"embeddable":true,"href":"https:\/\/atecordoba.org\/index.php?rest_route=\/wp\/v2\/media\/24896"}],"wp:attachment":[{"href":"https:\/\/atecordoba.org\/index.php?rest_route=%2Fwp%2Fv2%2Fmedia&parent=24846"}],"wp:term":[{"taxonomy":"category","embeddable":true,"href":"https:\/\/atecordoba.org\/index.php?rest_route=%2Fwp%2Fv2%2Fcategories&post=24846"},{"taxonomy":"post_tag","embeddable":true,"href":"https:\/\/atecordoba.org\/index.php?rest_route=%2Fwp%2Fv2%2Ftags&post=24846"}],"curies":[{"name":"wp","href":"https:\/\/api.w.org\/{rel}","templated":true}]}}