{"id":24822,"date":"2021-03-16T10:18:50","date_gmt":"2021-03-16T13:18:50","guid":{"rendered":"https:\/\/atecordoba.org\/?p=24822"},"modified":"2021-03-16T10:18:50","modified_gmt":"2021-03-16T13:18:50","slug":"accion-social-entrega-de-kits-escolares","status":"publish","type":"post","link":"https:\/\/atecordoba.org\/?p=24822","title":{"rendered":"Acci\u00f3n Social: entrega de kits escolares"},"content":{"rendered":"<div style='display:none' class=\"jeg_preview_slider gallery_1\" data-selector='gallery_1'>\n                        <div class=\"jeg_preview_holder\">\n                            <div class=\"jeg_preview_media\">\n                        <div class=\"jeg_preview_media_holder\">\n                            <h3>&nbsp;<\/h3>\n                            <div class=\"fullscreen-switch\">\n                                <i class=\"fa\"><\/i>\n                            <\/div>\n                            <div class=\"jeg_preview_media_content\">\n                                <div class=\"jeg_preview_media_content_holder_padding\">\n                                    <div class=\"jeg_preview_media_content_holder\"><\/div>\n                                <\/div>\n                                <div class=\"jeg_preview_media_content_navigation\">\n                                    <div class=\"prev\">\n\t\t\t\t\t\t\t\t\t\t<i class=\"fa\"><\/i>\n\t\t\t\t\t\t\t\t\t<\/div>\n                                    <div class=\"next\">\n\t\t\t\t\t\t\t\t\t\t<i class=\"fa\"><\/i>\n\t\t\t\t\t\t\t\t\t<\/div>\n                                <\/div>\n                                <div class='preview-slider-overlay'>\n                                    <div class='preloader_type preloader_dot'>\n                                        <div class=\"module-preloader jeg_preloader dot\">\n                                            <span><\/span><span><\/span><span><\/span>\n                                        <\/div>\n                                        <div class=\"module-preloader jeg_preloader circle\">\n                                            <div class=\"jnews_preloader_circle_outer\">\n                                                <div class=\"jnews_preloader_circle_inner\"><\/div>\n                                            <\/div>\n                                        <\/div>\n                                        <div class=\"module-preloader jeg_preloader square\">\n                                            <div class=\"jeg_square\">\n                                                <div class=\"jeg_square_inner\"><\/div>\n                                            <\/div>\n                                        <\/div>\n                                    <\/div>\n                                <\/div>\n                            <\/div>\n                            <div class=\"jeg_preview_control\">\n                                <div class=\"left_control\">\n                                    <div class=\"counter\"><span class=\"current\">1<\/span> de  5<\/div>\n                                    <div class=\"subtitle\"><\/div>\n                                <\/div>\n                                <div class=\"zoom\">\n                                    <span class=\"reduce\">-<\/span>\n                                    <span class=\"increase\">+<\/span>\n                                <\/div>\n                            <\/div>\n                        <\/div>\n                    <\/div>\n\n                    <div class=\"jeg_preview_bottom_slider\">\n                        <a data-id=\"0\" data-title=\"\" data-image=\"https:\/\/atecordoba.org\/wp-content\/uploads\/2021\/03\/161076034_920385072059182_8352911853536154555_n.jpg\" href=\"https:\/\/atecordoba.org\/wp-content\/uploads\/2021\/03\/161076034_920385072059182_8352911853536154555_n.jpg\" class=\"jeg_preview_item active\">\n                            <div class=\"jeg_preview_item_thumbnail\">\n                                <img loading=\"lazy\" decoding=\"async\" width=\"120\" height=\"86\" src=\"https:\/\/atecordoba.org\/wp-content\/uploads\/2021\/03\/161076034_920385072059182_8352911853536154555_n-120x86.jpg\" class=\"attachment-jnews-120x86 size-jnews-120x86\" alt=\"\" srcset=\"https:\/\/atecordoba.org\/wp-content\/uploads\/2021\/03\/161076034_920385072059182_8352911853536154555_n-120x86.jpg 120w, https:\/\/atecordoba.org\/wp-content\/uploads\/2021\/03\/161076034_920385072059182_8352911853536154555_n-350x250.jpg 350w, https:\/\/atecordoba.org\/wp-content\/uploads\/2021\/03\/161076034_920385072059182_8352911853536154555_n-750x536.jpg 750w\" sizes=\"auto, (max-width: 120px) 100vw, 120px\" \/>\n                            <\/div>\n                        <\/a><a data-id=\"1\" data-title=\"\" data-image=\"https:\/\/atecordoba.org\/wp-content\/uploads\/2021\/03\/161078816_920385032059186_8368856596277713748_n.jpg\" href=\"https:\/\/atecordoba.org\/wp-content\/uploads\/2021\/03\/161078816_920385032059186_8368856596277713748_n.jpg\" class=\"jeg_preview_item \">\n                            <div class=\"jeg_preview_item_thumbnail\">\n                                <img loading=\"lazy\" decoding=\"async\" width=\"120\" height=\"86\" src=\"https:\/\/atecordoba.org\/wp-content\/uploads\/2021\/03\/161078816_920385032059186_8368856596277713748_n-120x86.jpg\" class=\"attachment-jnews-120x86 size-jnews-120x86\" alt=\"\" srcset=\"https:\/\/atecordoba.org\/wp-content\/uploads\/2021\/03\/161078816_920385032059186_8368856596277713748_n-120x86.jpg 120w, https:\/\/atecordoba.org\/wp-content\/uploads\/2021\/03\/161078816_920385032059186_8368856596277713748_n-350x250.jpg 350w, https:\/\/atecordoba.org\/wp-content\/uploads\/2021\/03\/161078816_920385032059186_8368856596277713748_n-750x536.jpg 750w\" sizes=\"auto, (max-width: 120px) 100vw, 120px\" \/>\n                            <\/div>\n                        <\/a><a data-id=\"2\" data-title=\"\" data-image=\"https:\/\/atecordoba.org\/wp-content\/uploads\/2021\/03\/161278195_920384795392543_8248763629616907903_n.jpg\" href=\"https:\/\/atecordoba.org\/wp-content\/uploads\/2021\/03\/161278195_920384795392543_8248763629616907903_n.jpg\" class=\"jeg_preview_item \">\n                            <div class=\"jeg_preview_item_thumbnail\">\n                                <img loading=\"lazy\" decoding=\"async\" width=\"120\" height=\"86\" src=\"https:\/\/atecordoba.org\/wp-content\/uploads\/2021\/03\/161278195_920384795392543_8248763629616907903_n-120x86.jpg\" class=\"attachment-jnews-120x86 size-jnews-120x86\" alt=\"\" srcset=\"https:\/\/atecordoba.org\/wp-content\/uploads\/2021\/03\/161278195_920384795392543_8248763629616907903_n-120x86.jpg 120w, https:\/\/atecordoba.org\/wp-content\/uploads\/2021\/03\/161278195_920384795392543_8248763629616907903_n-350x250.jpg 350w\" sizes=\"auto, (max-width: 120px) 100vw, 120px\" \/>\n                            <\/div>\n                        <\/a><a data-id=\"3\" data-title=\"\" data-image=\"https:\/\/atecordoba.org\/wp-content\/uploads\/2021\/03\/161290941_920384822059207_5616498956656382843_n.jpg\" href=\"https:\/\/atecordoba.org\/wp-content\/uploads\/2021\/03\/161290941_920384822059207_5616498956656382843_n.jpg\" class=\"jeg_preview_item \">\n                            <div class=\"jeg_preview_item_thumbnail\">\n                                <img loading=\"lazy\" decoding=\"async\" width=\"120\" height=\"86\" src=\"https:\/\/atecordoba.org\/wp-content\/uploads\/2021\/03\/161290941_920384822059207_5616498956656382843_n-120x86.jpg\" class=\"attachment-jnews-120x86 size-jnews-120x86\" alt=\"\" srcset=\"https:\/\/atecordoba.org\/wp-content\/uploads\/2021\/03\/161290941_920384822059207_5616498956656382843_n-120x86.jpg 120w, https:\/\/atecordoba.org\/wp-content\/uploads\/2021\/03\/161290941_920384822059207_5616498956656382843_n-350x250.jpg 350w, https:\/\/atecordoba.org\/wp-content\/uploads\/2021\/03\/161290941_920384822059207_5616498956656382843_n-750x536.jpg 750w\" sizes=\"auto, (max-width: 120px) 100vw, 120px\" \/>\n                            <\/div>\n                        <\/a><a data-id=\"4\" data-title=\"\" data-image=\"https:\/\/atecordoba.org\/wp-content\/uploads\/2021\/03\/161040948_920384862059203_8413257588943423737_n.jpg\" href=\"https:\/\/atecordoba.org\/wp-content\/uploads\/2021\/03\/161040948_920384862059203_8413257588943423737_n.jpg\" class=\"jeg_preview_item \">\n                            <div class=\"jeg_preview_item_thumbnail\">\n                                <img loading=\"lazy\" decoding=\"async\" width=\"120\" height=\"86\" src=\"https:\/\/atecordoba.org\/wp-content\/uploads\/2021\/03\/161040948_920384862059203_8413257588943423737_n-120x86.jpg\" class=\"attachment-jnews-120x86 size-jnews-120x86\" alt=\"\" srcset=\"https:\/\/atecordoba.org\/wp-content\/uploads\/2021\/03\/161040948_920384862059203_8413257588943423737_n-120x86.jpg 120w, https:\/\/atecordoba.org\/wp-content\/uploads\/2021\/03\/161040948_920384862059203_8413257588943423737_n-350x250.jpg 350w, https:\/\/atecordoba.org\/wp-content\/uploads\/2021\/03\/161040948_920384862059203_8413257588943423737_n-750x536.jpg 750w\" sizes=\"auto, (max-width: 120px) 100vw, 120px\" \/>\n                            <\/div>\n                        <\/a>\n                    <\/div>\n                        <\/div>\n                        <div class=\"jeg_preview_description\">\n                            \n                            <div class=\"jeg_preview_description_wrapper\">\n                            \n                            <\/div>\n                        <\/div>\n                        <script>\n                            var gallery_1 = {\n                                rtl: false,\n                                native_zoom: false,\n                                zoom_max: 5,\n                                zoom_step: 40,\n                                image_sequence: [{\"src\":\"https:\\\/\\\/atecordoba.org\\\/wp-content\\\/uploads\\\/2021\\\/03\\\/161076034_920385072059182_8352911853536154555_n.jpg\",\"w\":960,\"h\":919,\"title\":\"\"},{\"src\":\"https:\\\/\\\/atecordoba.org\\\/wp-content\\\/uploads\\\/2021\\\/03\\\/161078816_920385032059186_8368856596277713748_n.jpg\",\"w\":960,\"h\":813,\"title\":\"\"},{\"src\":\"https:\\\/\\\/atecordoba.org\\\/wp-content\\\/uploads\\\/2021\\\/03\\\/161278195_920384795392543_8248763629616907903_n.jpg\",\"w\":718,\"h\":960,\"title\":\"\"},{\"src\":\"https:\\\/\\\/atecordoba.org\\\/wp-content\\\/uploads\\\/2021\\\/03\\\/161290941_920384822059207_5616498956656382843_n.jpg\",\"w\":924,\"h\":960,\"title\":\"\"},{\"src\":\"https:\\\/\\\/atecordoba.org\\\/wp-content\\\/uploads\\\/2021\\\/03\\\/161040948_920384862059203_8413257588943423737_n.jpg\",\"w\":960,\"h\":648,\"title\":\"\"}]\n                            };\n                        <\/script>\n                    <\/div>\n<p>La seccional ATE San Francisco comenz\u00f3 la entrega del bols\u00f3n escolar para el a\u00f1o 2021, destinado a los hijos e hijas de afiliados y afiliadas que cursen, desde nivel inicial a secundaria.<\/p>\n<p>De esta forma, ATE sigue acompa\u00f1ando la educaci\u00f3n de los ni\u00f1os, ni\u00f1as y adolescentes en un contexto especial y de incertidumbre acerca del futuro de la vuelta a las clases presenciales, en pos de cuidar el salario de todos los trabajadores y trabajadoras.<\/p>\n<p>El beneficio forma parte de la pol\u00edtica de acci\u00f3n social que nuestra organizaci\u00f3n lleva adelante en apoyo de las familias estatales.<\/p>\n<p><strong>Paritarias<\/strong><\/p>\n<div dir=\"auto\">Por otro lado, en la ma\u00f1ana de hoy se presentaron sendas notas en la Intendencia y la Secretaria de Gobierno de la Municipalidad de San Francisco con un pedido de audiencia para la apertura de las paritarias 2021.<\/div>\n<div dir=\"auto\">Desde ATE San Francisco se le solicita al ejecutivo municipal el llamado a mesa salarial y pase a contratos de personal precarizado. Las notas son dirigidas al se\u00f1or intendente Ignacio Garc\u00eda Aresca y al secretario de Gobierno, Dami\u00e1n Bernarte.<\/div>\n<div dir=\"auto\"><img loading=\"lazy\" decoding=\"async\" class=\" wp-image-24823 aligncenter\" src=\"https:\/\/atecordoba.org\/wp-content\/uploads\/2021\/03\/nota-apertura-paritaria-san-francisco-183x300.jpg\" alt=\"\" width=\"381\" height=\"624\" \/><\/div>\n<p>&nbsp;<\/p>\n","protected":false},"excerpt":{"rendered":"<p>La seccional ATE San Francisco comenz\u00f3 la entrega del bols\u00f3n escolar para el a\u00f1o 2021, destinado a los hijos e hijas de afiliados y afiliadas que cursen, desde nivel inicial a secundaria. De esta forma, ATE sigue acompa\u00f1ando la educaci\u00f3n de los ni\u00f1os, ni\u00f1as y adolescentes en un contexto especial y de incertidumbre acerca del [&hellip;]<\/p>\n","protected":false},"author":7,"featured_media":24824,"comment_status":"open","ping_status":"open","sticky":true,"template":"","format":"standard","meta":{"_exactmetrics_skip_tracking":false,"_exactmetrics_sitenote_active":false,"_exactmetrics_sitenote_note":"","_exactmetrics_sitenote_category":0,"jnews-multi-image_gallery":[],"jnews_single_post":{"source_name":"","source_url":"","via_name":"","via_url":"","override_template":"0","override":[{"template":"1","single_blog_custom":"","parallax":"1","fullscreen":"0","layout":"right-sidebar","sidebar":"default-sidebar","second_sidebar":"default-sidebar","sticky_sidebar":"1","share_position":"top","share_float_style":"share-monocrhome","show_share_counter":"1","show_view_counter":"1","show_featured":"1","show_post_meta":"1","show_post_author":"1","show_post_author_image":"1","show_post_date":"1","post_date_format":"default","post_date_format_custom":"Y\/m\/d","show_post_category":"1","show_post_reading_time":"0","post_reading_time_wpm":"300","show_zoom_button":"0","zoom_button_out_step":"2","zoom_button_in_step":"3","show_post_tag":"1","show_prev_next_post":"1","show_popup_post":"1","number_popup_post":"1","show_author_box":"0","show_post_related":"0","show_inline_post_related":"0"}],"override_image_size":"0","image_override":[{"single_post_thumbnail_size":"crop-500","single_post_gallery_size":"crop-500"}],"trending_post":"0","trending_post_position":"meta","trending_post_label":"Trending","sponsored_post":"0","sponsored_post_label":"Sponsored by","sponsored_post_name":"","sponsored_post_url":"","sponsored_post_logo_enable":"0","sponsored_post_logo":"","sponsored_post_desc":""},"jnews_primary_category":{"id":""},"jnews_social_meta":{"fb_title":"","fb_description":"","fb_image":"","twitter_title":"","twitter_description":"","twitter_image":""},"jnews_review":[],"enable_review":"0","type":"percentage","name":"","summary":"","brand":"","sku":"","good":[{"good_text":""}],"bad":[{"bad_text":""}],"score_override":"","override_value":"","rating":[{"rating_text":"","rating_number":"10"}],"price":[{"shop":"","price":"","link":"","icon":""}],"jnews_override_counter":{"override_view_counter":"0","view_counter_number":"0","override_share_counter":"0","share_counter_number":"0","override_like_counter":"0","like_counter_number":"0","override_dislike_counter":"0","dislike_counter_number":"0"},"jnews_post_split":{"enable_post_split":"0","post_split":[{"template":"1","tag":"h2","numbering":"asc","mode":"normal"}]},"footnotes":""},"categories":[75,148],"tags":[408,785],"class_list":["post-24822","post","type-post","status-publish","format-standard","has-post-thumbnail","hentry","category-accion-social","category-san-justo","tag-apertura-de-paritarias","tag-kits-escolar"],"jetpack_featured_media_url":"https:\/\/atecordoba.org\/wp-content\/uploads\/2021\/03\/161076034_920385072059182_8352911853536154555_n.jpg","_links":{"self":[{"href":"https:\/\/atecordoba.org\/index.php?rest_route=\/wp\/v2\/posts\/24822","targetHints":{"allow":["GET"]}}],"collection":[{"href":"https:\/\/atecordoba.org\/index.php?rest_route=\/wp\/v2\/posts"}],"about":[{"href":"https:\/\/atecordoba.org\/index.php?rest_route=\/wp\/v2\/types\/post"}],"author":[{"embeddable":true,"href":"https:\/\/atecordoba.org\/index.php?rest_route=\/wp\/v2\/users\/7"}],"replies":[{"embeddable":true,"href":"https:\/\/atecordoba.org\/index.php?rest_route=%2Fwp%2Fv2%2Fcomments&post=24822"}],"version-history":[{"count":1,"href":"https:\/\/atecordoba.org\/index.php?rest_route=\/wp\/v2\/posts\/24822\/revisions"}],"predecessor-version":[{"id":24829,"href":"https:\/\/atecordoba.org\/index.php?rest_route=\/wp\/v2\/posts\/24822\/revisions\/24829"}],"wp:featuredmedia":[{"embeddable":true,"href":"https:\/\/atecordoba.org\/index.php?rest_route=\/wp\/v2\/media\/24824"}],"wp:attachment":[{"href":"https:\/\/atecordoba.org\/index.php?rest_route=%2Fwp%2Fv2%2Fmedia&parent=24822"}],"wp:term":[{"taxonomy":"category","embeddable":true,"href":"https:\/\/atecordoba.org\/index.php?rest_route=%2Fwp%2Fv2%2Fcategories&post=24822"},{"taxonomy":"post_tag","embeddable":true,"href":"https:\/\/atecordoba.org\/index.php?rest_route=%2Fwp%2Fv2%2Ftags&post=24822"}],"curies":[{"name":"wp","href":"https:\/\/api.w.org\/{rel}","templated":true}]}}