{"id":2482,"date":"2013-03-15T17:43:36","date_gmt":"2013-03-15T20:43:36","guid":{"rendered":"http:\/\/www.atecordoba.org\/?p=2482"},"modified":"2013-03-15T17:43:36","modified_gmt":"2013-03-15T20:43:36","slug":"julio-fuentes-donde-esta-el-servicio-publico-no-hay-un-peso","status":"publish","type":"post","link":"https:\/\/atecordoba.org\/?p=2482","title":{"rendered":"Julio Fuentes: \u201cDonde est\u00e1 el servicio p\u00fablico, no hay un peso\u201d"},"content":{"rendered":"<p><em>El Secretario General de ATE habl\u00f3 durante el acto organizado por la CTA y la CGT, donde denunci\u00f3 el bajo nivel de los salarios de millones de estatales, la injusta distribuci\u00f3n de la coparticipaci\u00f3n federal de impuestos, la creciente persecuci\u00f3n judicial y espionaje a dirigentes del gremio y otras organizaciones del campo popular.<\/em><\/p>\n<p><a href=\"http:\/\/www.atecordoba.org\/wp-content\/uploads\/2013\/03\/julio-fuentes-acto-min-trabajo.jpg\"><img loading=\"lazy\" decoding=\"async\" class=\"aligncenter size-full wp-image-2484\" title=\"julio fuentes - acto min trabajo\" src=\"http:\/\/www.atecordoba.org\/wp-content\/uploads\/2013\/03\/julio-fuentes-acto-min-trabajo.jpg\" alt=\"\" width=\"310\" height=\"207\" \/><\/a><\/p>\n<p>La alocuci\u00f3n de Julio Fuentes, frente al Ministerio de Trabajo de la Naci\u00f3n, comenz\u00f3 de la siguiente manera:<\/p>\n<p>\u201cEn primer lugar, quiero agradecer a las organizaciones y a los militantes de la CTA y la CGT que hoy est\u00e1n ac\u00e1, frente a la sede del Ministerio de Trabajo. Es importante que haya sido este el lugar para poder representar, en alguna medida, a los cientos de miles de trabajadores del Estado que en provincias y municipalidades vienen desde hace d\u00edas parando y movilizando. En todos los casos con el objetivo de conquistar un salario digno que nos permita enfrentar el costo de vida cada d\u00eda m\u00e1s creciente\u201d.<\/p>\n<p><strong>La situaci\u00f3n salarial de los estatales<\/strong><\/p>\n<p>\u201cNosotros queremos transmitir muy brevemente la situaci\u00f3n que estamos viviendo. Somos m\u00e1s de 3 millones de asalariados que dependemos del Estado, ya sea en Naci\u00f3n, provincias y municipalidades. Y f\u00edjense c\u00f3mo nos est\u00e1n condenando.\u00a0<strong>Con la complicidad de muchos gobernadores y cientos de intendentes que lamentablemente nos condenan a la miseria<\/strong>. Pareciera que para nosotros no rige el salario m\u00ednimo, vital y m\u00f3vil, ni para los provinciales o municipales, ni para los que trabajan en escuelas, hospitales o en servicios p\u00fablicos\u201d.<\/p>\n<p><strong>La injusta distribuci\u00f3n impositiva para provincias y municipios<\/strong><\/p>\n<p>\u201cLa distribuci\u00f3n de los recursos del pa\u00eds est\u00e1 hecha a prop\u00f3sito. Donde est\u00e1 el servicio p\u00fablico, ah\u00ed no hay un peso. F\u00edjense:\u00a0<strong>de cada peso que se recauda en el pa\u00eds, 25 centavos se queda el gobierno nacional, 21 centavos las provincias, mientras s\u00f3lo 4 centavos va a las municipalidades<\/strong>. Con esta distribuci\u00f3n nos est\u00e1n condenando a la pobreza y a la miseria. Frente a esto, unidad en la acci\u00f3n y lucha compa\u00f1eros\u201d.<\/p>\n<p><a href=\"http:\/\/www.atecordoba.org\/wp-content\/uploads\/2013\/03\/julio-fuentes-marchando-14-3.jpg\"><img loading=\"lazy\" decoding=\"async\" class=\"aligncenter size-full wp-image-2485\" title=\"julio fuentes -marchando -14-3\" src=\"http:\/\/www.atecordoba.org\/wp-content\/uploads\/2013\/03\/julio-fuentes-marchando-14-3.jpg\" alt=\"\" width=\"448\" height=\"299\" \/><\/a><\/p>\n<p><strong>Judicializaci\u00f3n de la protesta: el reino del rev\u00e9s<\/strong><\/p>\n<p>\u201cCompa\u00f1eros, esto a veces parece un reino al rev\u00e9s. A las Fuerzas de Seguridad, las que deber\u00edan estar para proteger a la ciudadan\u00eda del delito y el crimen, las est\u00e1n destinando a vigilar a las organizaciones sociales, a reprimir las protestas de los trabajadores. La ministra Nilda Garr\u00e9 dec\u00eda que el Proyecto X era un programa de computaci\u00f3n. El objetivo real era poner en l\u00ednea a las polic\u00edas provinciales y a Gendarmer\u00eda Nacional para meterse en la vida de las organizaciones obreras para buscarnos y vigilarnos. Y\u00a0<strong>esa vigilancia era utilizada para luego llevarnos a proceso penales, como lo est\u00e1n haciendo a lo largo y ancho del pa\u00eds<\/strong>. Y lo peor es que ese reino al rev\u00e9s no termina s\u00f3lo en las fuerzas de seguridad\u201d.<\/p>\n<p><strong>El rol del Estado<\/strong><\/p>\n<p>\u201cEl Ministerio de Trabajo no deber\u00eda ser un \u00e1rbitro en la relaci\u00f3n laboral. Nuestra ley de Contrato de Trabajo sancionada por el peronismo en la d\u00e9cada del 70 dec\u00eda que en la relaci\u00f3n laboral el Ministerio de Trabajo no ten\u00eda que ser un \u00e1rbitro. Porque la pelea entre trabajadores y patrones no es una pelea pareja. El Ministerio se ten\u00eda que poner del lado de los trabajadores, de parte del m\u00e1s d\u00e9bil en la relaci\u00f3n laboral. Si no les da para eso, por lo menos que les d\u00e9 para ser \u00e1rbitro. Porque\u00a0<strong>hoy juegan directamente a favor de las patronales, le ponen el techo a las aspiraciones de los trabajadores<\/strong>. Incluso, se acuerdan paritarias con las patronales por arriba de la pauta nacional y luego el Ministerio de Trabajo no quiere aprobarlas. Es aberrante\u201d.<\/p>\n","protected":false},"excerpt":{"rendered":"<p>El Secretario General de ATE habl\u00f3 durante el acto organizado por la CTA y la CGT, donde denunci\u00f3 el bajo nivel de los salarios de millones de estatales, la injusta distribuci\u00f3n de la coparticipaci\u00f3n federal de impuestos, la creciente persecuci\u00f3n judicial y espionaje a dirigentes del gremio y otras organizaciones del campo popular. La alocuci\u00f3n [&hellip;]<\/p>\n","protected":false},"author":1,"featured_media":19220,"comment_status":"open","ping_status":"open","sticky":false,"template":"","format":"standard","meta":{"_exactmetrics_skip_tracking":false,"_exactmetrics_sitenote_active":false,"_exactmetrics_sitenote_note":"","_exactmetrics_sitenote_category":0,"jnews-multi-image_gallery":[],"jnews_single_post":[],"jnews_primary_category":[],"jnews_social_meta":[],"jnews_review":[],"enable_review":"","type":"","name":"","summary":"","brand":"","sku":"","good":[],"bad":[],"score_override":"","override_value":"","rating":[],"price":[],"jnews_override_counter":[],"jnews_post_split":[],"footnotes":""},"categories":[18],"tags":[],"class_list":["post-2482","post","type-post","status-publish","format-standard","has-post-thumbnail","hentry","category-nacionales"],"jetpack_featured_media_url":"https:\/\/atecordoba.org\/wp-content\/uploads\/2020\/05\/logo-nuevochico-e1561581322808.png","_links":{"self":[{"href":"https:\/\/atecordoba.org\/index.php?rest_route=\/wp\/v2\/posts\/2482","targetHints":{"allow":["GET"]}}],"collection":[{"href":"https:\/\/atecordoba.org\/index.php?rest_route=\/wp\/v2\/posts"}],"about":[{"href":"https:\/\/atecordoba.org\/index.php?rest_route=\/wp\/v2\/types\/post"}],"author":[{"embeddable":true,"href":"https:\/\/atecordoba.org\/index.php?rest_route=\/wp\/v2\/users\/1"}],"replies":[{"embeddable":true,"href":"https:\/\/atecordoba.org\/index.php?rest_route=%2Fwp%2Fv2%2Fcomments&post=2482"}],"version-history":[{"count":0,"href":"https:\/\/atecordoba.org\/index.php?rest_route=\/wp\/v2\/posts\/2482\/revisions"}],"wp:featuredmedia":[{"embeddable":true,"href":"https:\/\/atecordoba.org\/index.php?rest_route=\/wp\/v2\/media\/19220"}],"wp:attachment":[{"href":"https:\/\/atecordoba.org\/index.php?rest_route=%2Fwp%2Fv2%2Fmedia&parent=2482"}],"wp:term":[{"taxonomy":"category","embeddable":true,"href":"https:\/\/atecordoba.org\/index.php?rest_route=%2Fwp%2Fv2%2Fcategories&post=2482"},{"taxonomy":"post_tag","embeddable":true,"href":"https:\/\/atecordoba.org\/index.php?rest_route=%2Fwp%2Fv2%2Ftags&post=2482"}],"curies":[{"name":"wp","href":"https:\/\/api.w.org\/{rel}","templated":true}]}}