{"id":24817,"date":"2021-03-15T13:26:54","date_gmt":"2021-03-15T16:26:54","guid":{"rendered":"https:\/\/atecordoba.org\/?p=24817"},"modified":"2021-03-15T13:34:20","modified_gmt":"2021-03-15T16:34:20","slug":"plenario-virtual-de-sectores-nacionales-resolvio-movilizar-al-ministerio-de-trabajo","status":"publish","type":"post","link":"https:\/\/atecordoba.org\/?p=24817","title":{"rendered":"Plenario virtual de sectores nacionales resolvi\u00f3 movilizar al Ministerio de Trabajo"},"content":{"rendered":"<p><img loading=\"lazy\" decoding=\"async\" class=\" wp-image-24818 aligncenter\" src=\"https:\/\/atecordoba.org\/wp-content\/uploads\/2021\/03\/plenario-nacionales-15-3-2021-300x188.jpeg\" alt=\"\" width=\"595\" height=\"373\" srcset=\"https:\/\/atecordoba.org\/wp-content\/uploads\/2021\/03\/plenario-nacionales-15-3-2021-300x188.jpeg 300w, https:\/\/atecordoba.org\/wp-content\/uploads\/2021\/03\/plenario-nacionales-15-3-2021-1024x640.jpeg 1024w, https:\/\/atecordoba.org\/wp-content\/uploads\/2021\/03\/plenario-nacionales-15-3-2021-768x480.jpeg 768w, https:\/\/atecordoba.org\/wp-content\/uploads\/2021\/03\/plenario-nacionales-15-3-2021-750x469.jpeg 750w, https:\/\/atecordoba.org\/wp-content\/uploads\/2021\/03\/plenario-nacionales-15-3-2021.jpeg 1080w\" sizes=\"auto, (max-width: 595px) 100vw, 595px\" \/>Un plenario de Delegadas y Delegados Nacionales de ATE C\u00f3rdoba ratific\u00f3 esta ma\u00f1ana el paro y movilizaci\u00f3n a realizarse el jueves 18 en todos los organismos del Estado Nacional en la provincia, exigiendo reapertura de paritarias &#8220;ante la escalada inflacionaria que est\u00e1 pulverizando el salario&#8221;, en palabras del secretario General de ATE C\u00f3rdoba, Federico Giuliani, que presidi\u00f3 la actividad.<\/p>\n<p>La jornada de lucha, con paros, desconexi\u00f3n, asambleas y diversas modalidades seg\u00fan el sector, se llevar\u00e1 a cabo este jueves 18 de marzo.<\/p>\n<p>El pliego de reclamos que las y los delegados resolvieron presentar ante el Ministerio de Trabajo de la Naci\u00f3n incluye:<\/p>\n<ul>\n<li>Aumento Salarial de Emergencia<\/li>\n<li>Definir los cronogramas y lineamientos de los Pase a Planta Permanente<\/li>\n<li>Reincorporaci\u00f3n de lxs despedidxs<\/li>\n<li>Condiciones de Seguridad e Higiene Laboral<\/li>\n<li>Vacunaci\u00f3n de lxs trabajadorxs esenciales y presenciales<\/li>\n<li>En C\u00f3rdoba Capital movilizamos al Ministerio de Trabajo de la Naci\u00f3n<\/li>\n<\/ul>\n<p>En la oportunidad, participaron representantes de\u00a0Iosfa, Conicet, Anac, Personal Civil de las FFAA, Andis, Senasa, CNRT, Ministerio de Trabajo, UNC, Pami, Fadea, Senaf y Anses.<\/p>\n<p>En funci\u00f3n de lo resuelto hoy, la concentraci\u00f3n para marchar se convoca a las 9 horas en la sede de ATE, Entre R\u00edos 450 de C\u00f3rdoba Capital, con todos los protocolos de bioseguridad necesarios, para movilizar a la delegaci\u00f3n local del Ministerio de Trabajo de la Naci\u00f3n, 27 de abril 351, para realizar all\u00ed un acto de cierre de la actividad.<\/p>\n<p><strong>Fundamentos\u00a0<\/strong><\/p>\n<p>\u201cEn el ultimo plenario dijimos que no pod\u00edamos esperar a la paritaria de mayo porque los salarios est\u00e1n pulverizados respecto a la inflaci\u00f3n que hay. Y por otro lado estamos a mitad de mes y todav\u00eda no est\u00e1 claro el cronograma de los 10 mil pases a planta permanente que corresponden a este a\u00f1o por la firma de la paritaria de diciembre pasado&#8221;, fijo Giuliani al abrir el plenario.<\/p>\n<p>&#8220;Entendemos que desde C\u00f3rdoba podemos empezar a prender la llama para que esto se nacionalice y hacer como dirigentes que el mandato de nuestras bases sea correspondido con una pr\u00e1ctica de acci\u00f3n gremial directa. Fue as\u00ed que dijimos que el 18 de marzo es una buena fecha para poner en agenda en la provincia y en el pa\u00eds este tema, no solo hacia la patronal sino hacia adentro del sindicato&#8221;, fundament\u00f3 el dirigente.<\/p>\n<p>Quien aclar\u00f3 que &#8220;sobre el pase a planta queremos una visi\u00f3n m\u00e1s federal en el reparto&#8221;.<\/p>\n<p>A su turno, diferentes delegados y delegadas tomaron la palabra para avalar la propuesta.<\/p>\n<p>En tal sentido se expresaron Elisa Ojeda, de PAMI, Claudio Becacceci, de la CNRT, Noelia Martino, Personal Civil de las FFAA, Carina Ag\u00fcello, Santiago Benitez, Conicet, entre otros.<\/p>\n","protected":false},"excerpt":{"rendered":"<p>Un plenario de Delegadas y Delegados Nacionales de ATE C\u00f3rdoba ratific\u00f3 esta ma\u00f1ana el paro y movilizaci\u00f3n a realizarse el jueves 18 en todos los organismos del Estado Nacional en la provincia, exigiendo reapertura de paritarias &#8220;ante la escalada inflacionaria que est\u00e1 pulverizando el salario&#8221;, en palabras del secretario General de ATE C\u00f3rdoba, Federico Giuliani, [&hellip;]<\/p>\n","protected":false},"author":7,"featured_media":24818,"comment_status":"open","ping_status":"open","sticky":true,"template":"","format":"standard","meta":{"_exactmetrics_skip_tracking":false,"_exactmetrics_sitenote_active":false,"_exactmetrics_sitenote_note":"","_exactmetrics_sitenote_category":0,"jnews-multi-image_gallery":[],"jnews_single_post":{"source_name":"","source_url":"","via_name":"","via_url":"","override_template":"0","override":[{"template":"1","single_blog_custom":"","parallax":"1","fullscreen":"0","layout":"right-sidebar","sidebar":"default-sidebar","second_sidebar":"default-sidebar","sticky_sidebar":"1","share_position":"top","share_float_style":"share-monocrhome","show_share_counter":"1","show_view_counter":"1","show_featured":"1","show_post_meta":"1","show_post_author":"1","show_post_author_image":"1","show_post_date":"1","post_date_format":"default","post_date_format_custom":"Y\/m\/d","show_post_category":"1","show_post_reading_time":"0","post_reading_time_wpm":"300","show_zoom_button":"0","zoom_button_out_step":"2","zoom_button_in_step":"3","show_post_tag":"1","show_prev_next_post":"1","show_popup_post":"1","number_popup_post":"1","show_author_box":"0","show_post_related":"0","show_inline_post_related":"0"}],"override_image_size":"0","image_override":[{"single_post_thumbnail_size":"crop-500","single_post_gallery_size":"crop-500"}],"trending_post":"0","trending_post_position":"meta","trending_post_label":"Trending","sponsored_post":"0","sponsored_post_label":"Sponsored by","sponsored_post_name":"","sponsored_post_url":"","sponsored_post_logo_enable":"0","sponsored_post_logo":"","sponsored_post_desc":""},"jnews_primary_category":{"id":""},"jnews_social_meta":{"fb_title":"","fb_description":"","fb_image":"","twitter_title":"","twitter_description":"","twitter_image":""},"jnews_review":[],"enable_review":"0","type":"percentage","name":"","summary":"","brand":"","sku":"","good":[{"good_text":""}],"bad":[{"bad_text":""}],"score_override":"","override_value":"","rating":[{"rating_text":"","rating_number":"10"}],"price":[{"shop":"","price":"","link":"","icon":""}],"jnews_override_counter":{"override_view_counter":"0","view_counter_number":"0","override_share_counter":"0","share_counter_number":"0","override_like_counter":"0","like_counter_number":"0","override_dislike_counter":"0","dislike_counter_number":"0"},"jnews_post_split":{"enable_post_split":"0","post_split":[{"template":"1","tag":"h2","numbering":"asc","mode":"normal"}]},"footnotes":""},"categories":[341],"tags":[384,29],"class_list":["post-24817","post","type-post","status-publish","format-standard","has-post-thumbnail","hentry","category-cdp","tag-jornada-provincial-de-lucha","tag-nacionales-2"],"jetpack_featured_media_url":"https:\/\/atecordoba.org\/wp-content\/uploads\/2021\/03\/plenario-nacionales-15-3-2021.jpeg","_links":{"self":[{"href":"https:\/\/atecordoba.org\/index.php?rest_route=\/wp\/v2\/posts\/24817","targetHints":{"allow":["GET"]}}],"collection":[{"href":"https:\/\/atecordoba.org\/index.php?rest_route=\/wp\/v2\/posts"}],"about":[{"href":"https:\/\/atecordoba.org\/index.php?rest_route=\/wp\/v2\/types\/post"}],"author":[{"embeddable":true,"href":"https:\/\/atecordoba.org\/index.php?rest_route=\/wp\/v2\/users\/7"}],"replies":[{"embeddable":true,"href":"https:\/\/atecordoba.org\/index.php?rest_route=%2Fwp%2Fv2%2Fcomments&post=24817"}],"version-history":[{"count":3,"href":"https:\/\/atecordoba.org\/index.php?rest_route=\/wp\/v2\/posts\/24817\/revisions"}],"predecessor-version":[{"id":24821,"href":"https:\/\/atecordoba.org\/index.php?rest_route=\/wp\/v2\/posts\/24817\/revisions\/24821"}],"wp:featuredmedia":[{"embeddable":true,"href":"https:\/\/atecordoba.org\/index.php?rest_route=\/wp\/v2\/media\/24818"}],"wp:attachment":[{"href":"https:\/\/atecordoba.org\/index.php?rest_route=%2Fwp%2Fv2%2Fmedia&parent=24817"}],"wp:term":[{"taxonomy":"category","embeddable":true,"href":"https:\/\/atecordoba.org\/index.php?rest_route=%2Fwp%2Fv2%2Fcategories&post=24817"},{"taxonomy":"post_tag","embeddable":true,"href":"https:\/\/atecordoba.org\/index.php?rest_route=%2Fwp%2Fv2%2Ftags&post=24817"}],"curies":[{"name":"wp","href":"https:\/\/api.w.org\/{rel}","templated":true}]}}