{"id":24760,"date":"2021-03-10T14:07:42","date_gmt":"2021-03-10T17:07:42","guid":{"rendered":"https:\/\/atecordoba.org\/?p=24760"},"modified":"2021-03-10T14:51:30","modified_gmt":"2021-03-10T17:51:30","slug":"nacionales-llevaran-el-reclamo-por-apertura-de-paritaria-a-la-calle-el-18-de-marzo","status":"publish","type":"post","link":"https:\/\/atecordoba.org\/?p=24760","title":{"rendered":"Nacionales llevar\u00e1n el reclamo por apertura de paritaria a la calle el 18 de marzo"},"content":{"rendered":"<p><img loading=\"lazy\" decoding=\"async\" class=\" wp-image-24762 aligncenter\" src=\"https:\/\/atecordoba.org\/wp-content\/uploads\/2021\/03\/departamento-nacionales-300x169.jpeg\" alt=\"\" width=\"599\" height=\"337\" srcset=\"https:\/\/atecordoba.org\/wp-content\/uploads\/2021\/03\/departamento-nacionales-300x169.jpeg 300w, https:\/\/atecordoba.org\/wp-content\/uploads\/2021\/03\/departamento-nacionales-1024x576.jpeg 1024w, https:\/\/atecordoba.org\/wp-content\/uploads\/2021\/03\/departamento-nacionales-768x432.jpeg 768w, https:\/\/atecordoba.org\/wp-content\/uploads\/2021\/03\/departamento-nacionales-750x422.jpeg 750w, https:\/\/atecordoba.org\/wp-content\/uploads\/2021\/03\/departamento-nacionales-1140x641.jpeg 1140w, https:\/\/atecordoba.org\/wp-content\/uploads\/2021\/03\/departamento-nacionales.jpeg 1280w\" sizes=\"auto, (max-width: 599px) 100vw, 599px\" \/>Hoy se llev\u00f3 a cabo el tercer encuentro en lo que va del a\u00f1o del Departamento de Asuntos Nacionales del Consejo Directivo Provincial (CDP), a los fines de coordinar una jornada de lucha el 18 de marzo.<\/p>\n<p>En la oportunidad estuvieron presentes el secretario General de ATE C\u00f3rdoba, Federico Giuliani, el secretario de Acci\u00f3n Social, Ivan Contreras, e integrantes de cuerpo de delegados de diversos organismos nacionales en C\u00f3rdoba.<\/p>\n<p>&#8220;Nos reunimos para coordinar todos los sectores de C\u00f3rdoba Capital para realizar un mapeo de afiliados y afiliadas para futuras campa\u00f1as de afiliaci\u00f3n y llegar a m\u00e1s compa\u00f1eros. El 18 de marzo est\u00e1 previsto realizar una movilizaci\u00f3n al Ministerio de Trabajo de la Naci\u00f3n y para el lunes 15 estamos convocando un plenario de delegados y delegadas a los fines de determinar el plan operativo del 18&#8221;, explic\u00f3 Agust\u00edn Bertone, vocal del CDP y trabajador de la Administraci\u00f3n Nacional de Aviaci\u00f3n Civil (ANAC).<\/p>\n<p>A su turno, la delegada de Senasa Alejandra Agnone, desarroll\u00f3 el funcionamiento del Departamento de Asuntos Nacionales: &#8220;vamos a confluir en este espacio los distintos sectores porque a la diversidad de organismos nacionales que hay en C\u00f3rdoba nos atraviesan los mismos ejes problem\u00e1ticos. Principalmente la apertura de paritarias, el pase a planta de los contratados, solicitamos que se nos considere como personal esencial a las y los trabajadores operativos para integrarnos a la campa\u00f1a de vacunaci\u00f3n. Por supuesto, se suma el reclamo de reincorporaci\u00f3n de las y los despedidos del macrismo&#8221;.<\/p>\n<p>En esa l\u00ednea Bertone agreg\u00f3 que &#8220;organizativamente estamos agrupando los sectores por \u00e1reas, en mesas de trabajo, para al mismo tiempos que unificamos reclamos podemos visibilizar las particularidades de sectores&#8221;.<\/p>\n<p>As\u00ed es el caso del <a href=\"https:\/\/atecordoba.org\/?p=12208\">Movimiento Aeron\u00e1utico Cordob\u00e9s<\/a> (MAC), que agrupa a la Junta Investigaci\u00f3n de Accidentes de Aviaci\u00f3n Civil Oficina C\u00f3rdoba (JIAAC), Personal Civil de las Fuerzas Armadas, F\u00e1brica Argentina de Aviones (FAdeA) y Administraci\u00f3n Nacional de Aviaci\u00f3n Civil (ANAC)&#8221;.<\/p>\n","protected":false},"excerpt":{"rendered":"<p>Hoy se llev\u00f3 a cabo el tercer encuentro en lo que va del a\u00f1o del Departamento de Asuntos Nacionales del Consejo Directivo Provincial (CDP), a los fines de coordinar una jornada de lucha el 18 de marzo. En la oportunidad estuvieron presentes el secretario General de ATE C\u00f3rdoba, Federico Giuliani, el secretario de Acci\u00f3n Social, [&hellip;]<\/p>\n","protected":false},"author":7,"featured_media":24762,"comment_status":"open","ping_status":"open","sticky":true,"template":"","format":"standard","meta":{"_exactmetrics_skip_tracking":false,"_exactmetrics_sitenote_active":false,"_exactmetrics_sitenote_note":"","_exactmetrics_sitenote_category":0,"jnews-multi-image_gallery":[],"jnews_single_post":{"source_name":"","source_url":"","via_name":"","via_url":"","override_template":"0","override":[{"template":"1","single_blog_custom":"","parallax":"1","fullscreen":"0","layout":"right-sidebar","sidebar":"default-sidebar","second_sidebar":"default-sidebar","sticky_sidebar":"1","share_position":"top","share_float_style":"share-monocrhome","show_share_counter":"1","show_view_counter":"1","show_featured":"1","show_post_meta":"1","show_post_author":"1","show_post_author_image":"1","show_post_date":"1","post_date_format":"default","post_date_format_custom":"Y\/m\/d","show_post_category":"1","show_post_reading_time":"0","post_reading_time_wpm":"300","show_zoom_button":"0","zoom_button_out_step":"2","zoom_button_in_step":"3","show_post_tag":"1","show_prev_next_post":"1","show_popup_post":"1","number_popup_post":"1","show_author_box":"0","show_post_related":"0","show_inline_post_related":"0"}],"override_image_size":"0","image_override":[{"single_post_thumbnail_size":"crop-500","single_post_gallery_size":"crop-500"}],"trending_post":"0","trending_post_position":"meta","trending_post_label":"Trending","sponsored_post":"0","sponsored_post_label":"Sponsored by","sponsored_post_name":"","sponsored_post_url":"","sponsored_post_logo_enable":"0","sponsored_post_logo":"","sponsored_post_desc":""},"jnews_primary_category":{"id":""},"jnews_social_meta":{"fb_title":"","fb_description":"","fb_image":"","twitter_title":"","twitter_description":"","twitter_image":""},"jnews_review":[],"enable_review":"0","type":"percentage","name":"","summary":"","brand":"","sku":"","good":[{"good_text":""}],"bad":[{"bad_text":""}],"score_override":"","override_value":"","rating":[{"rating_text":"","rating_number":"10"}],"price":[{"shop":"","price":"","link":"","icon":""}],"jnews_override_counter":{"override_view_counter":"0","view_counter_number":"0","override_share_counter":"0","share_counter_number":"0","override_like_counter":"0","like_counter_number":"0","override_dislike_counter":"0","dislike_counter_number":"0"},"jnews_post_split":{"enable_post_split":"0","post_split":[{"template":"1","tag":"h2","numbering":"asc","mode":"normal"}]},"footnotes":""},"categories":[18],"tags":[782,783],"class_list":["post-24760","post","type-post","status-publish","format-standard","has-post-thumbnail","hentry","category-nacionales","tag-departamento-nacionales","tag-jornada-de-lucha-18-de-marzo"],"jetpack_featured_media_url":"https:\/\/atecordoba.org\/wp-content\/uploads\/2021\/03\/departamento-nacionales.jpeg","_links":{"self":[{"href":"https:\/\/atecordoba.org\/index.php?rest_route=\/wp\/v2\/posts\/24760","targetHints":{"allow":["GET"]}}],"collection":[{"href":"https:\/\/atecordoba.org\/index.php?rest_route=\/wp\/v2\/posts"}],"about":[{"href":"https:\/\/atecordoba.org\/index.php?rest_route=\/wp\/v2\/types\/post"}],"author":[{"embeddable":true,"href":"https:\/\/atecordoba.org\/index.php?rest_route=\/wp\/v2\/users\/7"}],"replies":[{"embeddable":true,"href":"https:\/\/atecordoba.org\/index.php?rest_route=%2Fwp%2Fv2%2Fcomments&post=24760"}],"version-history":[{"count":3,"href":"https:\/\/atecordoba.org\/index.php?rest_route=\/wp\/v2\/posts\/24760\/revisions"}],"predecessor-version":[{"id":24765,"href":"https:\/\/atecordoba.org\/index.php?rest_route=\/wp\/v2\/posts\/24760\/revisions\/24765"}],"wp:featuredmedia":[{"embeddable":true,"href":"https:\/\/atecordoba.org\/index.php?rest_route=\/wp\/v2\/media\/24762"}],"wp:attachment":[{"href":"https:\/\/atecordoba.org\/index.php?rest_route=%2Fwp%2Fv2%2Fmedia&parent=24760"}],"wp:term":[{"taxonomy":"category","embeddable":true,"href":"https:\/\/atecordoba.org\/index.php?rest_route=%2Fwp%2Fv2%2Fcategories&post=24760"},{"taxonomy":"post_tag","embeddable":true,"href":"https:\/\/atecordoba.org\/index.php?rest_route=%2Fwp%2Fv2%2Ftags&post=24760"}],"curies":[{"name":"wp","href":"https:\/\/api.w.org\/{rel}","templated":true}]}}