{"id":24746,"date":"2021-03-10T10:32:39","date_gmt":"2021-03-10T13:32:39","guid":{"rendered":"https:\/\/atecordoba.org\/?p=24746"},"modified":"2021-03-10T11:00:37","modified_gmt":"2021-03-10T14:00:37","slug":"jornada-de-capacitacion-de-delegados-municipales-en-la-seccional-ate-rio-tercero","status":"publish","type":"post","link":"https:\/\/atecordoba.org\/?p=24746","title":{"rendered":"Jornada de capacitaci\u00f3n de delegadas y delegados municipales en la seccional ATE R\u00edo Tercero"},"content":{"rendered":"<p><img loading=\"lazy\" decoding=\"async\" class=\" wp-image-24747 aligncenter\" src=\"https:\/\/atecordoba.org\/wp-content\/uploads\/2021\/03\/seccional-rio-3\u00ba-300x148.jpg\" alt=\"\" width=\"574\" height=\"283\" srcset=\"https:\/\/atecordoba.org\/wp-content\/uploads\/2021\/03\/seccional-rio-3\u00ba-300x148.jpg 300w, https:\/\/atecordoba.org\/wp-content\/uploads\/2021\/03\/seccional-rio-3\u00ba.jpg 661w\" sizes=\"auto, (max-width: 574px) 100vw, 574px\" \/>Compa\u00f1eras y compa\u00f1eros delegados de San Agust\u00edn, Villa Ciudad del Parque y R\u00edo Tercero, entre otras localidades, participaron ayer de la capacitaci\u00f3n junto al secretario de Formaci\u00f3n del CDP, C\u00e9sar Theaux, la secretaria de Prensa, Julia Giuliani, y el abogado de la seccional, Gast\u00f3n Lagable.<\/p>\n<p>La actividad apunt\u00f3 a brindar herramientas de acci\u00f3n gremial para los delegados, sobre el marco jur\u00eddico y las posibilidades de construcci\u00f3n pol\u00edtica en sus sectores. Adem\u00e1s se facilit\u00f3 una breve formaci\u00f3n en temas de g\u00e9neros y diversidades.<\/p>\n<p>El Departamento de Discapacidad intervino tambi\u00e9n para aportar capacitaci\u00f3n en la materia, a trav\u00e9s de la participaci\u00f3n del compa\u00f1ero Franco Orsato. Y qued\u00f3 creado el v\u00ednculo para que ese departamento asesore a los delegados de la seccional, a los fines de atender a las condiciones de trabajo y la negociaci\u00f3n paritaria.<\/p>\n<p>Tambi\u00e9n ser llev\u00f3 a cabo una instrucci\u00f3n sobre DDHH y c\u00f3mo tanto discapacidad como g\u00e9nero se cuelan por esa ventana en la actualidad y son imprescindibles al momento de la formaci\u00f3n d los delegados en el espacio del Estado, sea municipal, provincial o nacional.<\/p>\n","protected":false},"excerpt":{"rendered":"<p>Compa\u00f1eras y compa\u00f1eros delegados de San Agust\u00edn, Villa Ciudad del Parque y R\u00edo Tercero, entre otras localidades, participaron ayer de la capacitaci\u00f3n junto al secretario de Formaci\u00f3n del CDP, C\u00e9sar Theaux, la secretaria de Prensa, Julia Giuliani, y el abogado de la seccional, Gast\u00f3n Lagable. La actividad apunt\u00f3 a brindar herramientas de acci\u00f3n gremial para [&hellip;]<\/p>\n","protected":false},"author":7,"featured_media":24747,"comment_status":"open","ping_status":"open","sticky":true,"template":"","format":"standard","meta":{"_exactmetrics_skip_tracking":false,"_exactmetrics_sitenote_active":false,"_exactmetrics_sitenote_note":"","_exactmetrics_sitenote_category":0,"jnews-multi-image_gallery":[],"jnews_single_post":{"source_name":"","source_url":"","via_name":"","via_url":"","override_template":"0","override":[{"template":"1","single_blog_custom":"","parallax":"1","fullscreen":"0","layout":"right-sidebar","sidebar":"default-sidebar","second_sidebar":"default-sidebar","sticky_sidebar":"1","share_position":"top","share_float_style":"share-monocrhome","show_share_counter":"1","show_view_counter":"1","show_featured":"1","show_post_meta":"1","show_post_author":"1","show_post_author_image":"1","show_post_date":"1","post_date_format":"default","post_date_format_custom":"Y\/m\/d","show_post_category":"1","show_post_reading_time":"0","post_reading_time_wpm":"300","show_zoom_button":"0","zoom_button_out_step":"2","zoom_button_in_step":"3","show_post_tag":"1","show_prev_next_post":"1","show_popup_post":"1","number_popup_post":"1","show_author_box":"0","show_post_related":"0","show_inline_post_related":"0"}],"override_image_size":"0","image_override":[{"single_post_thumbnail_size":"crop-500","single_post_gallery_size":"crop-500"}],"trending_post":"0","trending_post_position":"meta","trending_post_label":"Trending","sponsored_post":"0","sponsored_post_label":"Sponsored by","sponsored_post_name":"","sponsored_post_url":"","sponsored_post_logo_enable":"0","sponsored_post_logo":"","sponsored_post_desc":""},"jnews_primary_category":{"id":""},"jnews_social_meta":{"fb_title":"","fb_description":"","fb_image":"","twitter_title":"","twitter_description":"","twitter_image":""},"jnews_review":[],"enable_review":"0","type":"percentage","name":"","summary":"","brand":"","sku":"","good":[{"good_text":""}],"bad":[{"bad_text":""}],"score_override":"","override_value":"","rating":[{"rating_text":"","rating_number":"10"}],"price":[{"shop":"","price":"","link":"","icon":""}],"jnews_override_counter":{"override_view_counter":"0","view_counter_number":"0","override_share_counter":"0","share_counter_number":"0","override_like_counter":"0","like_counter_number":"0","override_dislike_counter":"0","dislike_counter_number":"0"},"jnews_post_split":{"enable_post_split":"0","post_split":[{"template":"1","tag":"h2","numbering":"asc","mode":"normal"}]},"footnotes":""},"categories":[88,13],"tags":[],"class_list":["post-24746","post","type-post","status-publish","format-standard","has-post-thumbnail","hentry","category-formacion","category-rio-tercero"],"jetpack_featured_media_url":"https:\/\/atecordoba.org\/wp-content\/uploads\/2021\/03\/seccional-rio-3\u00ba.jpg","_links":{"self":[{"href":"https:\/\/atecordoba.org\/index.php?rest_route=\/wp\/v2\/posts\/24746","targetHints":{"allow":["GET"]}}],"collection":[{"href":"https:\/\/atecordoba.org\/index.php?rest_route=\/wp\/v2\/posts"}],"about":[{"href":"https:\/\/atecordoba.org\/index.php?rest_route=\/wp\/v2\/types\/post"}],"author":[{"embeddable":true,"href":"https:\/\/atecordoba.org\/index.php?rest_route=\/wp\/v2\/users\/7"}],"replies":[{"embeddable":true,"href":"https:\/\/atecordoba.org\/index.php?rest_route=%2Fwp%2Fv2%2Fcomments&post=24746"}],"version-history":[{"count":3,"href":"https:\/\/atecordoba.org\/index.php?rest_route=\/wp\/v2\/posts\/24746\/revisions"}],"predecessor-version":[{"id":24750,"href":"https:\/\/atecordoba.org\/index.php?rest_route=\/wp\/v2\/posts\/24746\/revisions\/24750"}],"wp:featuredmedia":[{"embeddable":true,"href":"https:\/\/atecordoba.org\/index.php?rest_route=\/wp\/v2\/media\/24747"}],"wp:attachment":[{"href":"https:\/\/atecordoba.org\/index.php?rest_route=%2Fwp%2Fv2%2Fmedia&parent=24746"}],"wp:term":[{"taxonomy":"category","embeddable":true,"href":"https:\/\/atecordoba.org\/index.php?rest_route=%2Fwp%2Fv2%2Fcategories&post=24746"},{"taxonomy":"post_tag","embeddable":true,"href":"https:\/\/atecordoba.org\/index.php?rest_route=%2Fwp%2Fv2%2Ftags&post=24746"}],"curies":[{"name":"wp","href":"https:\/\/api.w.org\/{rel}","templated":true}]}}