{"id":24742,"date":"2021-03-10T10:03:00","date_gmt":"2021-03-10T13:03:00","guid":{"rendered":"https:\/\/atecordoba.org\/?p=24742"},"modified":"2021-03-10T11:35:02","modified_gmt":"2021-03-10T14:35:02","slug":"ate-se-solidariza-con-ramona-bustamante","status":"publish","type":"post","link":"https:\/\/atecordoba.org\/?p=24742","title":{"rendered":"ATE se solidariza con Ramona Bustamante"},"content":{"rendered":"<p><img loading=\"lazy\" decoding=\"async\" class=\" wp-image-24743 aligncenter\" src=\"https:\/\/atecordoba.org\/wp-content\/uploads\/2021\/03\/ramona-bustamante-300x169.jpg\" alt=\"\" width=\"600\" height=\"338\" srcset=\"https:\/\/atecordoba.org\/wp-content\/uploads\/2021\/03\/ramona-bustamante-300x169.jpg 300w, https:\/\/atecordoba.org\/wp-content\/uploads\/2021\/03\/ramona-bustamante-1024x576.jpg 1024w, https:\/\/atecordoba.org\/wp-content\/uploads\/2021\/03\/ramona-bustamante-768x432.jpg 768w, https:\/\/atecordoba.org\/wp-content\/uploads\/2021\/03\/ramona-bustamante-750x422.jpg 750w, https:\/\/atecordoba.org\/wp-content\/uploads\/2021\/03\/ramona-bustamante-1140x641.jpg 1140w, https:\/\/atecordoba.org\/wp-content\/uploads\/2021\/03\/ramona-bustamante.jpg 1200w\" sizes=\"auto, (max-width: 600px) 100vw, 600px\" \/>Ante la inminencia de la orden judicial para despojar a Ramona Orellana de Bustamante por tercera vez de su campo Las Maravillas, en la zona de Sebasti\u00e1n Elcano, en el norte provincial, ATE repudia el accionar de una Justicia, ensa\u00f1ada con una humilde campesina para entregarle \u00a0el lugar a dos empresarios sojeros que reclaman la propiedad, tras hacerle firmar a la mujer de manera fraudulenta una renuncia a sus derechos posesorios de donde vivi\u00f3 toda su vida, al igual que sus antepasados.<\/p>\n<p>Al mismo tiempo desde el Consejo Directivo Provincial de ATE C\u00f3rdoba nos solidarizamos con Ramona y su familia, y exigimos que el Estado provincial intervenga de manera decidida para enmendar una injusta situaci\u00f3n, que de igual manera afecta a miles de familias rurales, que viven de toda la vida en zonas sin escrituras de los terrenos y son v\u00edctimas permanentes de sojeros inescrupulosos, en el marco del alocado corrimiento de la frontera agr\u00edcola en el norte provincial.<\/p>\n<p>Se trata de campesinos y campesinas que sostienen pr\u00e1cticas agroecol\u00f3gicas y son forzados a abandonar sus propiedades y quedar arrinconados en los cordones de pobreza de las grandes ciudades, mientras en modelo agrot\u00f3xico se impone contra viento y marea por sobre el de Soberan\u00eda Alimentaria, el bosque nativo es sistem\u00e1ticamente talado para la siembra transg\u00e9nica y las fumigaciones convierten a los parajes en desiertos color verde-soja.<\/p>\n<p>Orellana de Bustamante fue desalojada ya en otras dos oportunidades por las violencia policial al servicio de los empresarios Scaramuzza, su casa derribada y el pozo de agua envenenado.<\/p>\n<p>Pero la lucha colectiva por lo derechos de los campesinos del norte provincial logr\u00f3 reinstalarla frente a la persecuci\u00f3n permanente de una Justicia dura con los d\u00e9biles pero genuflexa con los poderosos.<\/p>\n<p>Por eso hoy es indispensable, m\u00e1s aun en el marco de la pandemia de Covid-19, suspender todos los desalojos en la provincia. Al mismo tiempo, tanto el gobierno provincial como el nacional deben reglamentar la Ley de Agricultura Familiar, de cada nivel juridiccional, para que se apliquen las normas que que reconocen derechos ancestrales sobre la tierra y se faciliten mecanismo de ayudas econ\u00f3mica para las familias involucradas.<\/p>\n<p>Cabe se\u00f1alar que la ley nacional espera su reglamentaci\u00f3n desde 2015, en tanto la provincial aguarda su puesta en pr\u00e1ctica desde 2019.<\/p>\n<p>Hoy Ramona es un s\u00edmbolo de la resistencia, ante la prepotencia del modelo extractivista, que cuenta con la solidaridad de las y los estatales de C\u00f3rdoba.<\/p>\n<p>#RamonaResiste<\/p>\n<p>#Ramona20A\u00f1osResistiendo<\/p>\n<p>#TierraParaQuienLaTrabaja<\/p>\n<p>#RamonaBustamante<\/p>\n","protected":false},"excerpt":{"rendered":"<p>Ante la inminencia de la orden judicial para despojar a Ramona Orellana de Bustamante por tercera vez de su campo Las Maravillas, en la zona de Sebasti\u00e1n Elcano, en el norte provincial, ATE repudia el accionar de una Justicia, ensa\u00f1ada con una humilde campesina para entregarle \u00a0el lugar a dos empresarios sojeros que reclaman la [&hellip;]<\/p>\n","protected":false},"author":7,"featured_media":24743,"comment_status":"open","ping_status":"open","sticky":true,"template":"","format":"standard","meta":{"_exactmetrics_skip_tracking":false,"_exactmetrics_sitenote_active":false,"_exactmetrics_sitenote_note":"","_exactmetrics_sitenote_category":0,"jnews-multi-image_gallery":[],"jnews_single_post":{"source_name":"","source_url":"","via_name":"","via_url":"","override_template":"0","override":[{"template":"1","single_blog_custom":"","parallax":"1","fullscreen":"0","layout":"right-sidebar","sidebar":"default-sidebar","second_sidebar":"default-sidebar","sticky_sidebar":"1","share_position":"top","share_float_style":"share-monocrhome","show_share_counter":"1","show_view_counter":"1","show_featured":"1","show_post_meta":"1","show_post_author":"1","show_post_author_image":"1","show_post_date":"1","post_date_format":"default","post_date_format_custom":"Y\/m\/d","show_post_category":"1","show_post_reading_time":"0","post_reading_time_wpm":"300","show_zoom_button":"0","zoom_button_out_step":"2","zoom_button_in_step":"3","show_post_tag":"1","show_prev_next_post":"1","show_popup_post":"1","number_popup_post":"1","show_author_box":"0","show_post_related":"0","show_inline_post_related":"0"}],"override_image_size":"0","image_override":[{"single_post_thumbnail_size":"crop-500","single_post_gallery_size":"crop-500"}],"trending_post":"0","trending_post_position":"meta","trending_post_label":"Trending","sponsored_post":"0","sponsored_post_label":"Sponsored by","sponsored_post_name":"","sponsored_post_url":"","sponsored_post_logo_enable":"0","sponsored_post_logo":"","sponsored_post_desc":""},"jnews_primary_category":{"id":""},"jnews_social_meta":{"fb_title":"","fb_description":"","fb_image":"","twitter_title":"","twitter_description":"","twitter_image":""},"jnews_review":[],"enable_review":"0","type":"percentage","name":"","summary":"","brand":"","sku":"","good":[{"good_text":""}],"bad":[{"bad_text":""}],"score_override":"","override_value":"","rating":[{"rating_text":"","rating_number":"10"}],"price":[{"shop":"","price":"","link":"","icon":""}],"jnews_override_counter":{"override_view_counter":"0","view_counter_number":"0","override_share_counter":"0","share_counter_number":"0","override_like_counter":"0","like_counter_number":"0","override_dislike_counter":"0","dislike_counter_number":"0"},"jnews_post_split":{"enable_post_split":"0","post_split":[{"template":"1","tag":"h2","numbering":"asc","mode":"normal"}]},"footnotes":""},"categories":[10],"tags":[],"class_list":["post-24742","post","type-post","status-publish","format-standard","has-post-thumbnail","hentry","category-accion-politica"],"jetpack_featured_media_url":"https:\/\/atecordoba.org\/wp-content\/uploads\/2021\/03\/ramona-bustamante.jpg","_links":{"self":[{"href":"https:\/\/atecordoba.org\/index.php?rest_route=\/wp\/v2\/posts\/24742","targetHints":{"allow":["GET"]}}],"collection":[{"href":"https:\/\/atecordoba.org\/index.php?rest_route=\/wp\/v2\/posts"}],"about":[{"href":"https:\/\/atecordoba.org\/index.php?rest_route=\/wp\/v2\/types\/post"}],"author":[{"embeddable":true,"href":"https:\/\/atecordoba.org\/index.php?rest_route=\/wp\/v2\/users\/7"}],"replies":[{"embeddable":true,"href":"https:\/\/atecordoba.org\/index.php?rest_route=%2Fwp%2Fv2%2Fcomments&post=24742"}],"version-history":[{"count":5,"href":"https:\/\/atecordoba.org\/index.php?rest_route=\/wp\/v2\/posts\/24742\/revisions"}],"predecessor-version":[{"id":24757,"href":"https:\/\/atecordoba.org\/index.php?rest_route=\/wp\/v2\/posts\/24742\/revisions\/24757"}],"wp:featuredmedia":[{"embeddable":true,"href":"https:\/\/atecordoba.org\/index.php?rest_route=\/wp\/v2\/media\/24743"}],"wp:attachment":[{"href":"https:\/\/atecordoba.org\/index.php?rest_route=%2Fwp%2Fv2%2Fmedia&parent=24742"}],"wp:term":[{"taxonomy":"category","embeddable":true,"href":"https:\/\/atecordoba.org\/index.php?rest_route=%2Fwp%2Fv2%2Fcategories&post=24742"},{"taxonomy":"post_tag","embeddable":true,"href":"https:\/\/atecordoba.org\/index.php?rest_route=%2Fwp%2Fv2%2Ftags&post=24742"}],"curies":[{"name":"wp","href":"https:\/\/api.w.org\/{rel}","templated":true}]}}