{"id":2474,"date":"2013-03-15T17:27:09","date_gmt":"2013-03-15T20:27:09","guid":{"rendered":"http:\/\/www.atecordoba.org\/?p=2474"},"modified":"2013-03-15T17:27:09","modified_gmt":"2013-03-15T20:27:09","slug":"maria-teresa-romero-marchamos-por-un-minimo-vital-y-movil-de-5000","status":"publish","type":"post","link":"https:\/\/atecordoba.org\/?p=2474","title":{"rendered":"Mar\u00eda Teresa Romero: &#8220;Marchamos por un m\u00ednimo vital y m\u00f3vil de $5000&#8221;"},"content":{"rendered":"<p><em>En declaraciones radiales realizadas ayer, la secretaria General de ATE C\u00f3rdoba, enumer\u00f3 los reclamos de la CTA en la jornada nacional de lucha que se realiz\u00f3 en todo el pa\u00eds.<\/em><\/p>\n<p style=\"text-align: center;\"><a href=\"http:\/\/www.atecordoba.org\/wp-content\/uploads\/2013\/03\/Mar\u00eda-Teresa-Romero-delcaraciones.jpg\"><img loading=\"lazy\" decoding=\"async\" class=\"aligncenter  wp-image-2476\" title=\"Mar\u00eda Teresa Romero - delcaraciones\" src=\"http:\/\/www.atecordoba.org\/wp-content\/uploads\/2013\/03\/Mar\u00eda-Teresa-Romero-delcaraciones.jpg\" alt=\"\" width=\"600\" height=\"450\" \/><\/a><\/p>\n<p>(compa\u00f1ero, haga click sobre el texto debajo para descargar el audio)<\/p>\n<p><a href=\"http:\/\/www.atecordoba.org\/wp-content\/uploads\/2013\/03\/maria-teresa-romero-jornada-de-lucha-14-3-2013.wav\">maria teresa romero &#8211; jornada de lucha 14-3-2013<\/a><\/p>\n<p>&nbsp;<\/p>\n<p>&nbsp;<\/p>\n","protected":false},"excerpt":{"rendered":"<p>En declaraciones radiales realizadas ayer, la secretaria General de ATE C\u00f3rdoba, enumer\u00f3 los reclamos de la CTA en la jornada nacional de lucha que se realiz\u00f3 en todo el pa\u00eds. (compa\u00f1ero, haga click sobre el texto debajo para descargar el audio) maria teresa romero &#8211; jornada de lucha 14-3-2013 &nbsp; &nbsp;<\/p>\n","protected":false},"author":1,"featured_media":19220,"comment_status":"open","ping_status":"open","sticky":false,"template":"","format":"standard","meta":{"_exactmetrics_skip_tracking":false,"_exactmetrics_sitenote_active":false,"_exactmetrics_sitenote_note":"","_exactmetrics_sitenote_category":0,"jnews-multi-image_gallery":[],"jnews_single_post":[],"jnews_primary_category":[],"jnews_social_meta":[],"jnews_review":[],"enable_review":"","type":"","name":"","summary":"","brand":"","sku":"","good":[],"bad":[],"score_override":"","override_value":"","rating":[],"price":[],"jnews_override_counter":[],"jnews_post_split":[],"footnotes":""},"categories":[18],"tags":[],"class_list":["post-2474","post","type-post","status-publish","format-standard","has-post-thumbnail","hentry","category-nacionales"],"jetpack_featured_media_url":"https:\/\/atecordoba.org\/wp-content\/uploads\/2020\/05\/logo-nuevochico-e1561581322808.png","_links":{"self":[{"href":"https:\/\/atecordoba.org\/index.php?rest_route=\/wp\/v2\/posts\/2474","targetHints":{"allow":["GET"]}}],"collection":[{"href":"https:\/\/atecordoba.org\/index.php?rest_route=\/wp\/v2\/posts"}],"about":[{"href":"https:\/\/atecordoba.org\/index.php?rest_route=\/wp\/v2\/types\/post"}],"author":[{"embeddable":true,"href":"https:\/\/atecordoba.org\/index.php?rest_route=\/wp\/v2\/users\/1"}],"replies":[{"embeddable":true,"href":"https:\/\/atecordoba.org\/index.php?rest_route=%2Fwp%2Fv2%2Fcomments&post=2474"}],"version-history":[{"count":0,"href":"https:\/\/atecordoba.org\/index.php?rest_route=\/wp\/v2\/posts\/2474\/revisions"}],"wp:featuredmedia":[{"embeddable":true,"href":"https:\/\/atecordoba.org\/index.php?rest_route=\/wp\/v2\/media\/19220"}],"wp:attachment":[{"href":"https:\/\/atecordoba.org\/index.php?rest_route=%2Fwp%2Fv2%2Fmedia&parent=2474"}],"wp:term":[{"taxonomy":"category","embeddable":true,"href":"https:\/\/atecordoba.org\/index.php?rest_route=%2Fwp%2Fv2%2Fcategories&post=2474"},{"taxonomy":"post_tag","embeddable":true,"href":"https:\/\/atecordoba.org\/index.php?rest_route=%2Fwp%2Fv2%2Ftags&post=2474"}],"curies":[{"name":"wp","href":"https:\/\/api.w.org\/{rel}","templated":true}]}}