{"id":24721,"date":"2021-03-09T14:54:33","date_gmt":"2021-03-09T17:54:33","guid":{"rendered":"https:\/\/atecordoba.org\/?p=24721"},"modified":"2021-03-09T16:02:15","modified_gmt":"2021-03-09T19:02:15","slug":"capacitacion-para-delegados-en-redes-sociales","status":"publish","type":"post","link":"https:\/\/atecordoba.org\/?p=24721","title":{"rendered":"Capacitaci\u00f3n en redes sociales para equipos de prensa de ATE C\u00f3rdoba"},"content":{"rendered":"<p><img loading=\"lazy\" decoding=\"async\" class=\" wp-image-24723 aligncenter\" src=\"https:\/\/atecordoba.org\/wp-content\/uploads\/2021\/03\/09-03-Capacitaci\u00f3n-redes-sociales-el-resaltador-300x169.jpeg\" alt=\"\" width=\"602\" height=\"339\" srcset=\"https:\/\/atecordoba.org\/wp-content\/uploads\/2021\/03\/09-03-Capacitaci\u00f3n-redes-sociales-el-resaltador-300x169.jpeg 300w, https:\/\/atecordoba.org\/wp-content\/uploads\/2021\/03\/09-03-Capacitaci\u00f3n-redes-sociales-el-resaltador-1024x576.jpeg 1024w, https:\/\/atecordoba.org\/wp-content\/uploads\/2021\/03\/09-03-Capacitaci\u00f3n-redes-sociales-el-resaltador-768x432.jpeg 768w, https:\/\/atecordoba.org\/wp-content\/uploads\/2021\/03\/09-03-Capacitaci\u00f3n-redes-sociales-el-resaltador-750x422.jpeg 750w, https:\/\/atecordoba.org\/wp-content\/uploads\/2021\/03\/09-03-Capacitaci\u00f3n-redes-sociales-el-resaltador-1140x641.jpeg 1140w, https:\/\/atecordoba.org\/wp-content\/uploads\/2021\/03\/09-03-Capacitaci\u00f3n-redes-sociales-el-resaltador.jpeg 1280w\" sizes=\"auto, (max-width: 602px) 100vw, 602px\" \/>En l\u00ednea con la pol\u00edtica de formaci\u00f3n para delegados y dirigentes de ATE C\u00f3rdoba, el Consejo<br \/>\nDirectivo Provincial (CDP) realiz\u00f3 hoy un curso de capacitaci\u00f3n sobre manejo de redes sociales, dictado por la Secretar\u00eda de Comunicaci\u00f3n y Prensa del CDP, conjuntamente con la cooperativa de prensa El Resaltador. La instancia cont\u00f3 como expositor al periodista multimedia Mart\u00edn Mu\u00f1oz Beni.<\/p>\n<p>&#8220;Hubo muy buena participaci\u00f3n de los compa\u00f1eros y compa\u00f1eras, interesados en ganar autonom\u00eda y protagonismo en la comunicaci\u00f3n, que es una herramienta fundamental de la construcci\u00f3n sindical&#8221;, resalt\u00f3 Julia Giuliani, secretaria de Prensa de ATE C\u00f3rdoba.<\/p>\n<p>Se abord\u00f3 la importancia de las herramientas, cu\u00e1l es su conformaci\u00f3n, qu\u00e9 audiencias persigue cada una. &#8220;Es importante que comencemos a formamos en redes sociales, generaci\u00f3n de contenidos period\u00edsticos. Este fue el primer paso&#8221;, dijo Giuliani.<\/p>\n<p><img loading=\"lazy\" decoding=\"async\" class=\" wp-image-24722 aligncenter\" src=\"https:\/\/atecordoba.org\/wp-content\/uploads\/2021\/03\/09-03-Capacitaci\u00f3n-redes-sociales-el-resaltador-2-300x169.jpeg\" alt=\"\" width=\"604\" height=\"340\" srcset=\"https:\/\/atecordoba.org\/wp-content\/uploads\/2021\/03\/09-03-Capacitaci\u00f3n-redes-sociales-el-resaltador-2-300x169.jpeg 300w, https:\/\/atecordoba.org\/wp-content\/uploads\/2021\/03\/09-03-Capacitaci\u00f3n-redes-sociales-el-resaltador-2-1024x576.jpeg 1024w, https:\/\/atecordoba.org\/wp-content\/uploads\/2021\/03\/09-03-Capacitaci\u00f3n-redes-sociales-el-resaltador-2-768x432.jpeg 768w, https:\/\/atecordoba.org\/wp-content\/uploads\/2021\/03\/09-03-Capacitaci\u00f3n-redes-sociales-el-resaltador-2-750x422.jpeg 750w, https:\/\/atecordoba.org\/wp-content\/uploads\/2021\/03\/09-03-Capacitaci\u00f3n-redes-sociales-el-resaltador-2-1140x641.jpeg 1140w, https:\/\/atecordoba.org\/wp-content\/uploads\/2021\/03\/09-03-Capacitaci\u00f3n-redes-sociales-el-resaltador-2.jpeg 1280w\" sizes=\"auto, (max-width: 604px) 100vw, 604px\" \/><\/p>\n<p>A su vez, Mu\u00f1oz Beni detall\u00f3 que en el curso se trataron redes como Facebook, Instagram y Whatsapp, conociendo las posibilidades en multimedia, el tipo de contenido, las estrategias, y analizando las estad\u00edsticas y el modo de consumo v\u00eda aplicaci\u00f3n, tanto en lo referido a la comunicaci\u00f3n en general, como tambi\u00e9n a la especializaci\u00f3n en comunicaci\u00f3n pol\u00edtica.<\/p>\n<p>&#8220;Hubo un ida y vuelta muy interesante, exponiendo sus casos y experiencias. Terminamos con un divertido juego, qued\u00f3 instalada la importancia pol\u00edtica que tiene en tiempos de pandemia la virtualidad para comunicar, la importancia del desarrollo de cada posteo para poder tener presencia en las redes&#8221;, dijo el periodista.<\/p>\n<p>&nbsp;<\/p>\n","protected":false},"excerpt":{"rendered":"<p>En l\u00ednea con la pol\u00edtica de formaci\u00f3n para delegados y dirigentes de ATE C\u00f3rdoba, el Consejo Directivo Provincial (CDP) realiz\u00f3 hoy un curso de capacitaci\u00f3n sobre manejo de redes sociales, dictado por la Secretar\u00eda de Comunicaci\u00f3n y Prensa del CDP, conjuntamente con la cooperativa de prensa El Resaltador. La instancia cont\u00f3 como expositor al periodista [&hellip;]<\/p>\n","protected":false},"author":7,"featured_media":24723,"comment_status":"open","ping_status":"open","sticky":true,"template":"","format":"standard","meta":{"_exactmetrics_skip_tracking":false,"_exactmetrics_sitenote_active":false,"_exactmetrics_sitenote_note":"","_exactmetrics_sitenote_category":0,"jnews-multi-image_gallery":[],"jnews_single_post":{"source_name":"","source_url":"","via_name":"","via_url":"","override_template":"0","override":[{"template":"1","single_blog_custom":"","parallax":"1","fullscreen":"0","layout":"right-sidebar","sidebar":"default-sidebar","second_sidebar":"default-sidebar","sticky_sidebar":"1","share_position":"top","share_float_style":"share-monocrhome","show_share_counter":"1","show_view_counter":"1","show_featured":"1","show_post_meta":"1","show_post_author":"1","show_post_author_image":"1","show_post_date":"1","post_date_format":"default","post_date_format_custom":"Y\/m\/d","show_post_category":"1","show_post_reading_time":"0","post_reading_time_wpm":"300","show_zoom_button":"0","zoom_button_out_step":"2","zoom_button_in_step":"3","show_post_tag":"1","show_prev_next_post":"1","show_popup_post":"1","number_popup_post":"1","show_author_box":"0","show_post_related":"0","show_inline_post_related":"0"}],"override_image_size":"0","image_override":[{"single_post_thumbnail_size":"crop-500","single_post_gallery_size":"crop-500"}],"trending_post":"0","trending_post_position":"meta","trending_post_label":"Trending","sponsored_post":"0","sponsored_post_label":"Sponsored by","sponsored_post_name":"","sponsored_post_url":"","sponsored_post_logo_enable":"0","sponsored_post_logo":"","sponsored_post_desc":""},"jnews_primary_category":{"id":""},"jnews_social_meta":{"fb_title":"","fb_description":"","fb_image":"","twitter_title":"","twitter_description":"","twitter_image":""},"jnews_review":[],"enable_review":"0","type":"percentage","name":"","summary":"","brand":"","sku":"","good":[{"good_text":""}],"bad":[{"bad_text":""}],"score_override":"","override_value":"","rating":[{"rating_text":"","rating_number":"10"}],"price":[{"shop":"","price":"","link":"","icon":""}],"jnews_override_counter":{"override_view_counter":"0","view_counter_number":"0","override_share_counter":"0","share_counter_number":"0","override_like_counter":"0","like_counter_number":"0","override_dislike_counter":"0","dislike_counter_number":"0"},"jnews_post_split":{"enable_post_split":"0","post_split":[{"template":"1","tag":"h2","numbering":"asc","mode":"normal"}]},"footnotes":""},"categories":[341,88],"tags":[780],"class_list":["post-24721","post","type-post","status-publish","format-standard","has-post-thumbnail","hentry","category-cdp","category-formacion","tag-capacitacion-en-redes"],"jetpack_featured_media_url":"https:\/\/atecordoba.org\/wp-content\/uploads\/2021\/03\/09-03-Capacitaci\u00f3n-redes-sociales-el-resaltador.jpeg","_links":{"self":[{"href":"https:\/\/atecordoba.org\/index.php?rest_route=\/wp\/v2\/posts\/24721","targetHints":{"allow":["GET"]}}],"collection":[{"href":"https:\/\/atecordoba.org\/index.php?rest_route=\/wp\/v2\/posts"}],"about":[{"href":"https:\/\/atecordoba.org\/index.php?rest_route=\/wp\/v2\/types\/post"}],"author":[{"embeddable":true,"href":"https:\/\/atecordoba.org\/index.php?rest_route=\/wp\/v2\/users\/7"}],"replies":[{"embeddable":true,"href":"https:\/\/atecordoba.org\/index.php?rest_route=%2Fwp%2Fv2%2Fcomments&post=24721"}],"version-history":[{"count":4,"href":"https:\/\/atecordoba.org\/index.php?rest_route=\/wp\/v2\/posts\/24721\/revisions"}],"predecessor-version":[{"id":24734,"href":"https:\/\/atecordoba.org\/index.php?rest_route=\/wp\/v2\/posts\/24721\/revisions\/24734"}],"wp:featuredmedia":[{"embeddable":true,"href":"https:\/\/atecordoba.org\/index.php?rest_route=\/wp\/v2\/media\/24723"}],"wp:attachment":[{"href":"https:\/\/atecordoba.org\/index.php?rest_route=%2Fwp%2Fv2%2Fmedia&parent=24721"}],"wp:term":[{"taxonomy":"category","embeddable":true,"href":"https:\/\/atecordoba.org\/index.php?rest_route=%2Fwp%2Fv2%2Fcategories&post=24721"},{"taxonomy":"post_tag","embeddable":true,"href":"https:\/\/atecordoba.org\/index.php?rest_route=%2Fwp%2Fv2%2Ftags&post=24721"}],"curies":[{"name":"wp","href":"https:\/\/api.w.org\/{rel}","templated":true}]}}