{"id":24714,"date":"2021-03-09T13:53:25","date_gmt":"2021-03-09T16:53:25","guid":{"rendered":"https:\/\/atecordoba.org\/?p=24714"},"modified":"2021-03-09T14:05:05","modified_gmt":"2021-03-09T17:05:05","slug":"ate-reclama-el-ingreso-a-la-mesa-paritaria-de-la-upc","status":"publish","type":"post","link":"https:\/\/atecordoba.org\/?p=24714","title":{"rendered":"ATE reclama el ingreso a la Mesa Paritaria de la UPC"},"content":{"rendered":"<p><img loading=\"lazy\" decoding=\"async\" class=\" wp-image-24715 aligncenter\" src=\"https:\/\/atecordoba.org\/wp-content\/uploads\/2021\/03\/ate-educacion-9-3-300x169.jpeg\" alt=\"\" width=\"603\" height=\"340\" srcset=\"https:\/\/atecordoba.org\/wp-content\/uploads\/2021\/03\/ate-educacion-9-3-300x169.jpeg 300w, https:\/\/atecordoba.org\/wp-content\/uploads\/2021\/03\/ate-educacion-9-3-1024x576.jpeg 1024w, https:\/\/atecordoba.org\/wp-content\/uploads\/2021\/03\/ate-educacion-9-3-768x432.jpeg 768w, https:\/\/atecordoba.org\/wp-content\/uploads\/2021\/03\/ate-educacion-9-3-750x422.jpeg 750w, https:\/\/atecordoba.org\/wp-content\/uploads\/2021\/03\/ate-educacion-9-3.jpeg 1032w\" sizes=\"auto, (max-width: 603px) 100vw, 603px\" \/>Durante la presentaci\u00f3n de ATE Educaci\u00f3n en C\u00f3rdoba Capital, realizado hoy en la sede del Consejo Directivo Provincial, las y los integrantes del espacio reclamaron la convocatoria a nuestra organizaci\u00f3n en la mesa paritaria que la patronal realiz\u00f3 junto con la UEPC.<\/p>\n<p>En la oportunidad, el delegado normalizador de ATE en el sector, Juan Valfr\u00e9, explic\u00f3 que &#8220;vamos a insistir que se nos incorpore a la comisi\u00f3n paritaria docente, que funciona en el \u00e1mbito de la universidad provincial, con el objeto de plantear el posicionamiento que surge de un sector de trabajadores y trabajadoras organizados en ATE, relaci\u00f3n al acta acuerdo que reglamenta el proceso de evaluaciones acad\u00e9micas para el ingreso a la carrera docente&#8221;.<a href=\"https:\/\/atecordoba.org\/wp-content\/uploads\/2021\/03\/09-03-UPC-pedido-paritaria.jpeg\"><img loading=\"lazy\" decoding=\"async\" class=\"aligncenter  wp-image-24718\" src=\"https:\/\/atecordoba.org\/wp-content\/uploads\/2021\/03\/09-03-UPC-pedido-paritaria-300x169.jpeg\" alt=\"\" width=\"524\" height=\"295\" srcset=\"https:\/\/atecordoba.org\/wp-content\/uploads\/2021\/03\/09-03-UPC-pedido-paritaria-300x169.jpeg 300w, https:\/\/atecordoba.org\/wp-content\/uploads\/2021\/03\/09-03-UPC-pedido-paritaria-1024x576.jpeg 1024w, https:\/\/atecordoba.org\/wp-content\/uploads\/2021\/03\/09-03-UPC-pedido-paritaria-768x432.jpeg 768w, https:\/\/atecordoba.org\/wp-content\/uploads\/2021\/03\/09-03-UPC-pedido-paritaria-750x422.jpeg 750w, https:\/\/atecordoba.org\/wp-content\/uploads\/2021\/03\/09-03-UPC-pedido-paritaria.jpeg 1032w\" sizes=\"auto, (max-width: 524px) 100vw, 524px\" \/><\/a><\/p>\n<p>Hasta el momento, las autoridades impiden la participaci\u00f3n de ATE en esa mesa, integrada solo por un gremio y la patronal.<\/p>\n<p><a href=\"https:\/\/atecordoba.org\/wp-content\/uploads\/2021\/03\/09-03-UPC-pedido-paritaria-acta.jpeg\"><img loading=\"lazy\" decoding=\"async\" class=\"size-medium wp-image-24717 alignleft\" src=\"https:\/\/atecordoba.org\/wp-content\/uploads\/2021\/03\/09-03-UPC-pedido-paritaria-acta-202x300.jpeg\" alt=\"\" width=\"202\" height=\"300\" srcset=\"https:\/\/atecordoba.org\/wp-content\/uploads\/2021\/03\/09-03-UPC-pedido-paritaria-acta-202x300.jpeg 202w, https:\/\/atecordoba.org\/wp-content\/uploads\/2021\/03\/09-03-UPC-pedido-paritaria-acta-689x1024.jpeg 689w, https:\/\/atecordoba.org\/wp-content\/uploads\/2021\/03\/09-03-UPC-pedido-paritaria-acta-768x1142.jpeg 768w, https:\/\/atecordoba.org\/wp-content\/uploads\/2021\/03\/09-03-UPC-pedido-paritaria-acta-750x1115.jpeg 750w, https:\/\/atecordoba.org\/wp-content\/uploads\/2021\/03\/09-03-UPC-pedido-paritaria-acta.jpeg 861w\" sizes=\"auto, (max-width: 202px) 100vw, 202px\" \/><\/a>&#8220;A fin del a\u00f1o pasado se hizo la primera presentaci\u00f3n, poniendo en conocimiento de la universidad el listado de afiliados y afiliadas a nuestra entidad. En la actualidad ATE cuenta con 107 afiliados y, por lo tanto, representatividad y legitimidad dentro de la UPC&#8221;, explic\u00f3 el delegado.<\/p>\n<p>Y agreg\u00f3: &#8220;en pos de salvaguardar el derecho a elegir el gremio que las y los trabajadores quieren que los represente, corresponde que participemos de esa instancia, para plantear de manera constructiva las posicione que venimos manifestando de manera colectiva&#8221;.<\/p>\n","protected":false},"excerpt":{"rendered":"<p>Durante la presentaci\u00f3n de ATE Educaci\u00f3n en C\u00f3rdoba Capital, realizado hoy en la sede del Consejo Directivo Provincial, las y los integrantes del espacio reclamaron la convocatoria a nuestra organizaci\u00f3n en la mesa paritaria que la patronal realiz\u00f3 junto con la UEPC. En la oportunidad, el delegado normalizador de ATE en el sector, Juan Valfr\u00e9, [&hellip;]<\/p>\n","protected":false},"author":7,"featured_media":24718,"comment_status":"open","ping_status":"open","sticky":true,"template":"","format":"standard","meta":{"_exactmetrics_skip_tracking":false,"_exactmetrics_sitenote_active":false,"_exactmetrics_sitenote_note":"","_exactmetrics_sitenote_category":0,"jnews-multi-image_gallery":[],"jnews_single_post":{"source_name":"","source_url":"","via_name":"","via_url":"","override_template":"0","override":[{"template":"1","single_blog_custom":"","parallax":"1","fullscreen":"0","layout":"right-sidebar","sidebar":"default-sidebar","second_sidebar":"default-sidebar","sticky_sidebar":"1","share_position":"top","share_float_style":"share-monocrhome","show_share_counter":"1","show_view_counter":"1","show_featured":"1","show_post_meta":"1","show_post_author":"1","show_post_author_image":"1","show_post_date":"1","post_date_format":"default","post_date_format_custom":"Y\/m\/d","show_post_category":"1","show_post_reading_time":"0","post_reading_time_wpm":"300","show_zoom_button":"0","zoom_button_out_step":"2","zoom_button_in_step":"3","show_post_tag":"1","show_prev_next_post":"1","show_popup_post":"1","number_popup_post":"1","show_author_box":"0","show_post_related":"0","show_inline_post_related":"0"}],"override_image_size":"0","image_override":[{"single_post_thumbnail_size":"crop-500","single_post_gallery_size":"crop-500"}],"trending_post":"0","trending_post_position":"meta","trending_post_label":"Trending","sponsored_post":"0","sponsored_post_label":"Sponsored by","sponsored_post_name":"","sponsored_post_url":"","sponsored_post_logo_enable":"0","sponsored_post_logo":"","sponsored_post_desc":""},"jnews_primary_category":{"id":""},"jnews_social_meta":{"fb_title":"","fb_description":"","fb_image":"","twitter_title":"","twitter_description":"","twitter_image":""},"jnews_review":[],"enable_review":"0","type":"percentage","name":"","summary":"","brand":"","sku":"","good":[{"good_text":""}],"bad":[{"bad_text":""}],"score_override":"","override_value":"","rating":[{"rating_text":"","rating_number":"10"}],"price":[{"shop":"","price":"","link":"","icon":""}],"jnews_override_counter":{"override_view_counter":"0","view_counter_number":"0","override_share_counter":"0","share_counter_number":"0","override_like_counter":"0","like_counter_number":"0","override_dislike_counter":"0","dislike_counter_number":"0"},"jnews_post_split":{"enable_post_split":"0","post_split":[{"template":"1","tag":"h2","numbering":"asc","mode":"normal"}]},"footnotes":""},"categories":[8],"tags":[729],"class_list":["post-24714","post","type-post","status-publish","format-standard","has-post-thumbnail","hentry","category-provinciales","tag-universidad-provincial-de-cordoba"],"jetpack_featured_media_url":"https:\/\/atecordoba.org\/wp-content\/uploads\/2021\/03\/09-03-UPC-pedido-paritaria.jpeg","_links":{"self":[{"href":"https:\/\/atecordoba.org\/index.php?rest_route=\/wp\/v2\/posts\/24714","targetHints":{"allow":["GET"]}}],"collection":[{"href":"https:\/\/atecordoba.org\/index.php?rest_route=\/wp\/v2\/posts"}],"about":[{"href":"https:\/\/atecordoba.org\/index.php?rest_route=\/wp\/v2\/types\/post"}],"author":[{"embeddable":true,"href":"https:\/\/atecordoba.org\/index.php?rest_route=\/wp\/v2\/users\/7"}],"replies":[{"embeddable":true,"href":"https:\/\/atecordoba.org\/index.php?rest_route=%2Fwp%2Fv2%2Fcomments&post=24714"}],"version-history":[{"count":3,"href":"https:\/\/atecordoba.org\/index.php?rest_route=\/wp\/v2\/posts\/24714\/revisions"}],"predecessor-version":[{"id":24720,"href":"https:\/\/atecordoba.org\/index.php?rest_route=\/wp\/v2\/posts\/24714\/revisions\/24720"}],"wp:featuredmedia":[{"embeddable":true,"href":"https:\/\/atecordoba.org\/index.php?rest_route=\/wp\/v2\/media\/24718"}],"wp:attachment":[{"href":"https:\/\/atecordoba.org\/index.php?rest_route=%2Fwp%2Fv2%2Fmedia&parent=24714"}],"wp:term":[{"taxonomy":"category","embeddable":true,"href":"https:\/\/atecordoba.org\/index.php?rest_route=%2Fwp%2Fv2%2Fcategories&post=24714"},{"taxonomy":"post_tag","embeddable":true,"href":"https:\/\/atecordoba.org\/index.php?rest_route=%2Fwp%2Fv2%2Ftags&post=24714"}],"curies":[{"name":"wp","href":"https:\/\/api.w.org\/{rel}","templated":true}]}}