{"id":24680,"date":"2021-03-09T09:56:35","date_gmt":"2021-03-09T12:56:35","guid":{"rendered":"https:\/\/atecordoba.org\/?p=24680"},"modified":"2022-01-24T10:59:57","modified_gmt":"2022-01-24T13:59:57","slug":"8m-multitudinaria-movilizacion-en-cordoba-exigio-justicia-y-el-fin-de-los-feminicidios","status":"publish","type":"post","link":"https:\/\/atecordoba.org\/?p=24680","title":{"rendered":"8M: multitudinaria movilizaci\u00f3n en C\u00f3rdoba exigi\u00f3 justicia y el fin de los feminicidios"},"content":{"rendered":"<p><img loading=\"lazy\" decoding=\"async\" class=\" wp-image-24706 aligncenter\" src=\"https:\/\/atecordoba.org\/wp-content\/uploads\/2021\/03\/IMG-20210308-WA0392-300x169.jpg\" alt=\"\" width=\"600\" height=\"338\" srcset=\"https:\/\/atecordoba.org\/wp-content\/uploads\/2021\/03\/IMG-20210308-WA0392-300x169.jpg 300w, https:\/\/atecordoba.org\/wp-content\/uploads\/2021\/03\/IMG-20210308-WA0392-1024x576.jpg 1024w, https:\/\/atecordoba.org\/wp-content\/uploads\/2021\/03\/IMG-20210308-WA0392-768x432.jpg 768w, https:\/\/atecordoba.org\/wp-content\/uploads\/2021\/03\/IMG-20210308-WA0392-750x422.jpg 750w, https:\/\/atecordoba.org\/wp-content\/uploads\/2021\/03\/IMG-20210308-WA0392-1140x641.jpg 1140w, https:\/\/atecordoba.org\/wp-content\/uploads\/2021\/03\/IMG-20210308-WA0392.jpg 1280w\" sizes=\"auto, (max-width: 600px) 100vw, 600px\" \/><\/p>\n<p>La alegr\u00eda de luchar juntas en medio de las restricciones de la pandemia, junto a la bronca acumulada por\u00a0los feminicidios que se suceden cada d\u00eda, se conjugaron la tarde de ayer en C\u00f3rdoba, para constituir una memorable marcha por el 8M, fecha que en todo el mundo conmemora el D\u00eda de la Mujer, de la mujer que lucha, porque es indispensable la lucha para terminar con la violencia machista, que se ceba en el lugar de trabajo, en las familias y que, a pesar de los avances obtenidos los \u00faltimos a\u00f1os, contin\u00faa refreg\u00e1ndole su existencia a la sociedad cada d\u00eda.<\/p>\n<p>Por alrededor de 15 cuadras se extendi\u00f3 la columna que inund\u00f3 el centro de C\u00f3rdoba Capital, y que tuvo sus r\u00e9plicas a menor escala en diversos puntos de la provincia.<\/p>\n<p>En 2020 fueron asesinadas 5 mujeres por semana en la Argentina, mientras en lo que va de 2021 ocho mujeres encontraron la muerte a manos de sus parejas en C\u00f3rdoba. A nivel nacional se estableci\u00f3 que 3 de cada 10 v\u00edctimas ya hab\u00edan alertado al Estado del riesgo que corr\u00edan sin que por ello pudieran salvar sus vidas.<\/p>\n<p><img loading=\"lazy\" decoding=\"async\" class=\" wp-image-24707 aligncenter\" src=\"https:\/\/atecordoba.org\/wp-content\/uploads\/2021\/03\/IMG-20210308-WA0391-300x169.jpg\" alt=\"\" width=\"600\" height=\"338\" srcset=\"https:\/\/atecordoba.org\/wp-content\/uploads\/2021\/03\/IMG-20210308-WA0391-300x169.jpg 300w, https:\/\/atecordoba.org\/wp-content\/uploads\/2021\/03\/IMG-20210308-WA0391-1024x576.jpg 1024w, https:\/\/atecordoba.org\/wp-content\/uploads\/2021\/03\/IMG-20210308-WA0391-768x432.jpg 768w, https:\/\/atecordoba.org\/wp-content\/uploads\/2021\/03\/IMG-20210308-WA0391-750x422.jpg 750w, https:\/\/atecordoba.org\/wp-content\/uploads\/2021\/03\/IMG-20210308-WA0391-1140x641.jpg 1140w, https:\/\/atecordoba.org\/wp-content\/uploads\/2021\/03\/IMG-20210308-WA0391.jpg 1280w\" sizes=\"auto, (max-width: 600px) 100vw, 600px\" \/><\/p>\n<p>En ese marco, el paro de mujeres que ATE convoc\u00f3 para ayer fue parte de la expresi\u00f3n gremial y social que nuestra organizaci\u00f3n aporta a la lucha por cambiar esta realidad, junto con el trabajo cotidiano a trav\u00e9s de las estructuras para adentro y afuera de ATE, que suman pol\u00edticas concretas ante un panorama calamitoso para la vida de las mujeres.<\/p>\n<p>La movilizaci\u00f3n cont\u00f3 con la participaci\u00f3n de compa\u00f1eras de diversos sectores estatales, convencidas que cada d\u00eda somos m\u00e1s las que estamos decimos basta de feminicidios en Argentina, un grito un\u00e1nime que se ha hecho extensivo en todo el mundo.<\/p>\n<p>En ese marco, la masiva presencia de j\u00f3venes comprometidas con un cambio indispensable en la sociedad, abre una luz de esperando de los tiempos que sobrevendr\u00e1n.<\/p>\n<p><strong>Agenda<\/strong><\/p>\n<p>Pero la agenda no termina en el prioritario reclamo para preservar la vida de todas y todos. El movimiento feminista puso una vez m\u00e1s sobre la mesa una serie de reivindicaciones que tienen las mujeres y las diversidades como principales sujetas de cambio, pero que son extensivas al conjunto del pueblo sin ninguna duda.<\/p>\n<p><img loading=\"lazy\" decoding=\"async\" class=\" wp-image-24708 aligncenter\" src=\"https:\/\/atecordoba.org\/wp-content\/uploads\/2021\/03\/IMG-20210308-WA0393-300x169.jpg\" alt=\"\" width=\"601\" height=\"339\" srcset=\"https:\/\/atecordoba.org\/wp-content\/uploads\/2021\/03\/IMG-20210308-WA0393-300x169.jpg 300w, https:\/\/atecordoba.org\/wp-content\/uploads\/2021\/03\/IMG-20210308-WA0393-1024x576.jpg 1024w, https:\/\/atecordoba.org\/wp-content\/uploads\/2021\/03\/IMG-20210308-WA0393-768x432.jpg 768w, https:\/\/atecordoba.org\/wp-content\/uploads\/2021\/03\/IMG-20210308-WA0393-750x422.jpg 750w, https:\/\/atecordoba.org\/wp-content\/uploads\/2021\/03\/IMG-20210308-WA0393-1140x641.jpg 1140w, https:\/\/atecordoba.org\/wp-content\/uploads\/2021\/03\/IMG-20210308-WA0393.jpg 1280w\" sizes=\"auto, (max-width: 601px) 100vw, 601px\" \/><\/p>\n<p>As\u00ed, el\u00a08M, reclam\u00f3 por la justa distribuci\u00f3n de la riqueza, salarios y jubilaciones para una vida aut\u00f3noma que est\u00e9n por encima de la inflaci\u00f3n y la canasta b\u00e1sica; que se reconozcan y remuneren los trabajos comunitarios de cuidado, con salarios acordes a la canasta b\u00e1sica; pol\u00edticas integrales en t\u00e9rminos de igualdad de g\u00e9nero, en materia laboral y de cuidados, as\u00ed como efectiva intervenci\u00f3n estatal para terminar con los feminicidios y todo tipo\u00a0 de violencias.<\/p>\n<p>A esto se suma la exigencia que se haga efectiva\u00a0 la instrumentaci\u00f3n de las leyes conquistadas desde nuestros feminismos populares, como el convenio 190 de la OIT y ley voluntaria del embarazo (IVE).<\/p>\n<p>&#8220;Necesitamos cuidado sobre nuestros cuerpos en nuestros territorios, cupo laboral travesti trans y la efectiva implementaci\u00f3n de la ley Micaela y la ley Brisa.\u00a0Basta de violencia machista, ni una m\u00e1s. Vivas y con derechos nos queremos. Trabajadoras somos todas&#8221;, fue una consigna y un pu\u00f1o en alto.<\/p>\n<p><img loading=\"lazy\" decoding=\"async\" class=\" wp-image-24709 aligncenter\" src=\"https:\/\/atecordoba.org\/wp-content\/uploads\/2021\/03\/IMG-20210308-WA0317-300x169.jpg\" alt=\"\" width=\"600\" height=\"338\" srcset=\"https:\/\/atecordoba.org\/wp-content\/uploads\/2021\/03\/IMG-20210308-WA0317-300x169.jpg 300w, https:\/\/atecordoba.org\/wp-content\/uploads\/2021\/03\/IMG-20210308-WA0317-1024x576.jpg 1024w, https:\/\/atecordoba.org\/wp-content\/uploads\/2021\/03\/IMG-20210308-WA0317-768x432.jpg 768w, https:\/\/atecordoba.org\/wp-content\/uploads\/2021\/03\/IMG-20210308-WA0317-750x422.jpg 750w, https:\/\/atecordoba.org\/wp-content\/uploads\/2021\/03\/IMG-20210308-WA0317-1140x641.jpg 1140w, https:\/\/atecordoba.org\/wp-content\/uploads\/2021\/03\/IMG-20210308-WA0317.jpg 1280w\" sizes=\"auto, (max-width: 600px) 100vw, 600px\" \/><\/p>\n<p>El papel del Estado en este contexto no puede ser ignorado. A la falta de respuestas operativas cuando las mujeres temen por su vida, se suma que los organismos estatales dispuestos para contener dicha violencia adolecen pol\u00edticas de igualdad con sus propias trabajadoras. As\u00ed es como en el Ministerio de la Mujer la precarizaci\u00f3n laboral es una realidad generalizada y los bajos salarios una llaga abierta para cada trabajadora.<\/p>\n<p><img loading=\"lazy\" decoding=\"async\" class=\" wp-image-24710 alignright\" src=\"https:\/\/atecordoba.org\/wp-content\/uploads\/2021\/03\/IMG-20210308-WA0386-169x300.jpg\" alt=\"\" width=\"432\" height=\"767\" srcset=\"https:\/\/atecordoba.org\/wp-content\/uploads\/2021\/03\/IMG-20210308-WA0386-169x300.jpg 169w, https:\/\/atecordoba.org\/wp-content\/uploads\/2021\/03\/IMG-20210308-WA0386-576x1024.jpg 576w, https:\/\/atecordoba.org\/wp-content\/uploads\/2021\/03\/IMG-20210308-WA0386.jpg 720w\" sizes=\"auto, (max-width: 432px) 100vw, 432px\" \/>No se puede dejar de se\u00f1alar que la conducci\u00f3n pol\u00edtica de dicha cartera, recientemente creada por el Gobierno Provincial, est\u00e1 conducida por una funcionaria, como la ministra Claudia Mart\u00ednez, que se referencia en la esposa del gobernador Schiaretti, Alejandra Vigo, diputada nacional que vot\u00f3 en el Congreso Nacional en contra de la legalizaci\u00f3n de la IVE.<\/p>\n<p>As\u00ed queda en evidencia que se pueden crear estructuras estatales pero tambi\u00e9n es necesario dotarlas de pol\u00edticas p\u00fablicas progresivas, que en C\u00f3rdoba lamentablemente escasean m\u00e1s all\u00e1 de los discursos.<\/p>\n<p><strong>Testimonios<\/strong><\/p>\n<p>En tal sentido, la responsable del Departamento de G\u00e9neros y Diversidades, Gabriela Alcoba, se\u00f1al\u00f3 que &#8220;este 8 M nos encuentra movilizadas en C\u00f3rdoba. El 2021 es muy emotivo, con casi 100 compa\u00f1eras de ATE y CTA que vinieron a bancar vivimos un hecho hist\u00f3rico para nuestro Consejo Directivo Provincial (CDP). El Departamento de G\u00e9neros y Diversidades viene creciendo con el acompa\u00f1amiento de todos los sectores nacionales, provinciales y municipales, y es importante que nos encuentre articulando con la Intersindical, con todo el movimiento feminista de C\u00f3rdoba Capital&#8221;.<\/p>\n<p>En esa l\u00ednea, la secretaria de Prensa del CDP, Julia Giuliani, dijo que &#8220;el 8M y el 25 de noviembre son fechas que nos atraviesan, jornadas donde no solo deben estar presentes las mujeres y las diversidades en los debates sobre la necesaria reforma judicial, sobre la necesidad de tirar abajo el patriarcado, sino que debe ser una instancia donde invitemos a nuestros compa\u00f1eros varones a reflexionar, a deconstruirse. Por eso son fechas importantes, hay datos reales, hay vidas que se pierden por los feminicidios, por el sistema patriarcal, por culpa del capitalismo, y sobre todo del Estado responsable, que no invierte ni a nivel nacional, provincial y municipal ni tiene presupuesto para llegar a prevenir situaciones de violencia&#8221;.<\/p>\n<p>La dirigente destac\u00f3 que &#8220;m\u00e1s all\u00e1 de las diferencias pol\u00edticas, partidarias e incluso sindicales que podamos llegar a tener, la Intersindical en C\u00f3rdoba es de las pocas que existe en el pa\u00eds, y por eso superamos las discusiones y debates que nos alejan para confluir en esta marcha porque hay vidas en juego y creemos que el debate y la agenda tienen que tener la problem\u00e1tica de g\u00e9neros como prioritaria.\u00a0Por otro lado, en cada \u00e1mbito donde construimos ATE y CTA es indispensable hablar de paridad y de la necesaria y urgente partida presupuestaria para abordar esto&#8221;.<\/p>\n<p><img loading=\"lazy\" decoding=\"async\" class=\" wp-image-24711 alignleft\" src=\"https:\/\/atecordoba.org\/wp-content\/uploads\/2021\/03\/IMG-20210308-WA0394-169x300.jpg\" alt=\"\" width=\"349\" height=\"620\" srcset=\"https:\/\/atecordoba.org\/wp-content\/uploads\/2021\/03\/IMG-20210308-WA0394-169x300.jpg 169w, https:\/\/atecordoba.org\/wp-content\/uploads\/2021\/03\/IMG-20210308-WA0394-576x1024.jpg 576w, https:\/\/atecordoba.org\/wp-content\/uploads\/2021\/03\/IMG-20210308-WA0394.jpg 720w\" sizes=\"auto, (max-width: 349px) 100vw, 349px\" \/>A su vez, Alcoba dijo que &#8220;la precarizaci\u00f3n laboral y la pobreza nos pegan el doble a las mujeres. La pandemia visibiliz\u00f3 esta situaci\u00f3n y por eso hay muchas compa\u00f1eras de los merenderos y las ollas populares que est\u00e1n acompa\u00f1ando esta movilizaci\u00f3n porque la pol\u00edtica es transversal, por eso est\u00e1n presentes las compa\u00f1eras de la FeNaT (Federaci\u00f3n Nacional Territorial-CTAA). Si mir\u00e1s la marcha, muchas compa\u00f1eras son de las barriadas populares que vienen a decir que son esenciales, que est\u00e1n bancando la olla todos los d\u00edas en los comedores y que la pobreza las afecta en su vida cotidiana&#8221;.<\/p>\n<p>Por \u00faltimo, Giuliani analiz\u00f3 que el paro convocado por ATE fue muy bueno. &#8220;Participamos en distintas instancias como sucedi\u00f3 en Villa Carlos Paz, donde las trabajadoras de la salud que sufren la precarizaci\u00f3n laboral, mujeres violentadas en sus condiciones de trabajo, que estuvieron participando de una radio abierta en una plaza, con distintas organizaciones, y nos parece que el despertar de estas compa\u00f1eras que reci\u00e9n se suman a ATE es fundamental en esta construcci\u00f3n que venimos haciendo las mujeres&#8221;.<\/p>\n<p><strong>El documento: El Estado es responsable<\/strong><\/p>\n<p>ATE junto a un gran numero de organizaciones suscribieron un documento conjunto que fue le\u00eddo ante la multitud.<\/p>\n<p>La lista de organizaciones esta integrada por: Regional Luz y Fuerza, Adiuc, Cat\u00f3licas por el Derecho a Decidir, Juntas, Luz y Fuerza, Uepc, Asociaci\u00f3n Bancaria, Pueblo Peronista, Secaspfi, Cispren, Judicialas, Red Par, Uni\u00f3n de Trabajadores Gr\u00e1ficos, Bisagra, Artemisas, La Colectiva, Mart\u00edn Fierro, Movimiento Campesino, Las Alicias, Grupo de Generxs de la UTN, Kasa Compa\u00f1era, Sean Eternos, Movimiento Evita, Asociaci\u00f3n del Personal Aeron\u00e1utico, Mala Junta Nueva Mayor\u00eda, Movimiento M\u00fagica, Suoem, ATE, Mesa Peronista (Campora, Jauretche, Descamisados, Lxs irrompibles), Colectivo por Cecilia Basualdo, Muchachas Peronistas, Corriente Lohana Berkins- PC, Colectivo Ni Una Menos, Surbac, CCC, Somos- Barrios de Pie.<\/p>\n<p><img loading=\"lazy\" decoding=\"async\" class=\" wp-image-24712 aligncenter\" src=\"https:\/\/atecordoba.org\/wp-content\/uploads\/2021\/03\/tribunales-300x225.jpeg\" alt=\"\" width=\"595\" height=\"446\" srcset=\"https:\/\/atecordoba.org\/wp-content\/uploads\/2021\/03\/tribunales-300x225.jpeg 300w, https:\/\/atecordoba.org\/wp-content\/uploads\/2021\/03\/tribunales-1024x768.jpeg 1024w, https:\/\/atecordoba.org\/wp-content\/uploads\/2021\/03\/tribunales-768x576.jpeg 768w, https:\/\/atecordoba.org\/wp-content\/uploads\/2021\/03\/tribunales-750x563.jpeg 750w, https:\/\/atecordoba.org\/wp-content\/uploads\/2021\/03\/tribunales-1140x855.jpeg 1140w, https:\/\/atecordoba.org\/wp-content\/uploads\/2021\/03\/tribunales.jpeg 1280w\" sizes=\"auto, (max-width: 595px) 100vw, 595px\" \/><\/p>\n<p>Las y los interesados en acceder al documento completo pueden el siguiente archivo <a href=\"https:\/\/atecordoba.org\/wp-content\/uploads\/2021\/03\/Doc.-8M-Alerta-Feminista.pdf\" class=\"pdfemb-viewer\" style=\"\" data-width=\"max\" data-height=\"max\" data-toolbar=\"bottom\" data-toolbar-fixed=\"off\">Doc. 8M Alerta Feminista<\/a><\/p>\n<p>&nbsp;<\/p>\n","protected":false},"excerpt":{"rendered":"<p>La alegr\u00eda de luchar juntas en medio de las restricciones de la pandemia, junto a la bronca acumulada por\u00a0los feminicidios que se suceden cada d\u00eda, se conjugaron la tarde de ayer en C\u00f3rdoba, para constituir una memorable marcha por el 8M, fecha que en todo el mundo conmemora el D\u00eda de la Mujer, de la [&hellip;]<\/p>\n","protected":false},"author":7,"featured_media":24706,"comment_status":"open","ping_status":"open","sticky":true,"template":"","format":"standard","meta":{"_exactmetrics_skip_tracking":false,"_exactmetrics_sitenote_active":false,"_exactmetrics_sitenote_note":"","_exactmetrics_sitenote_category":0,"jnews-multi-image_gallery":[],"jnews_single_post":{"source_name":"","source_url":"","via_name":"","via_url":"","override_template":"0","override":[{"template":"1","single_blog_custom":"","parallax":"1","fullscreen":"0","layout":"right-sidebar","sidebar":"default-sidebar","second_sidebar":"default-sidebar","sticky_sidebar":"1","share_position":"top","share_float_style":"share-monocrhome","show_share_counter":"1","show_view_counter":"1","show_featured":"1","show_post_meta":"1","show_post_author":"1","show_post_author_image":"1","show_post_date":"1","post_date_format":"default","post_date_format_custom":"Y\/m\/d","show_post_category":"1","show_post_reading_time":"0","post_reading_time_wpm":"300","show_zoom_button":"0","zoom_button_out_step":"2","zoom_button_in_step":"3","show_post_tag":"1","show_prev_next_post":"1","show_popup_post":"1","number_popup_post":"1","show_author_box":"0","show_post_related":"0","show_inline_post_related":"0"}],"override_image_size":"0","image_override":[{"single_post_thumbnail_size":"crop-500","single_post_gallery_size":"crop-500"}],"trending_post":"0","trending_post_position":"meta","trending_post_label":"Trending","sponsored_post":"0","sponsored_post_label":"Sponsored by","sponsored_post_name":"","sponsored_post_url":"","sponsored_post_logo_enable":"0","sponsored_post_logo":"","sponsored_post_desc":""},"jnews_primary_category":{"id":""},"jnews_social_meta":{"fb_title":"","fb_description":"","fb_image":"","twitter_title":"","twitter_description":"","twitter_image":""},"jnews_review":[],"enable_review":"0","type":"percentage","name":"","summary":"","brand":"","sku":"","good":[{"good_text":""}],"bad":[{"bad_text":""}],"score_override":"","override_value":"","rating":[{"rating_text":"","rating_number":"10"}],"price":[{"shop":"","price":"","link":"","icon":""}],"jnews_override_counter":{"override_view_counter":"0","view_counter_number":"0","override_share_counter":"0","share_counter_number":"0","override_like_counter":"0","like_counter_number":"0","override_dislike_counter":"0","dislike_counter_number":"0"},"jnews_post_split":{"enable_post_split":"0","post_split":[{"template":"1","tag":"h2","numbering":"asc","mode":"normal"}]},"footnotes":""},"categories":[341,325],"tags":[779],"class_list":["post-24680","post","type-post","status-publish","format-standard","has-post-thumbnail","hentry","category-cdp","category-generos-y-diversidades","tag-8m-2021"],"jetpack_featured_media_url":"https:\/\/atecordoba.org\/wp-content\/uploads\/2021\/03\/IMG-20210308-WA0392.jpg","_links":{"self":[{"href":"https:\/\/atecordoba.org\/index.php?rest_route=\/wp\/v2\/posts\/24680","targetHints":{"allow":["GET"]}}],"collection":[{"href":"https:\/\/atecordoba.org\/index.php?rest_route=\/wp\/v2\/posts"}],"about":[{"href":"https:\/\/atecordoba.org\/index.php?rest_route=\/wp\/v2\/types\/post"}],"author":[{"embeddable":true,"href":"https:\/\/atecordoba.org\/index.php?rest_route=\/wp\/v2\/users\/7"}],"replies":[{"embeddable":true,"href":"https:\/\/atecordoba.org\/index.php?rest_route=%2Fwp%2Fv2%2Fcomments&post=24680"}],"version-history":[{"count":3,"href":"https:\/\/atecordoba.org\/index.php?rest_route=\/wp\/v2\/posts\/24680\/revisions"}],"predecessor-version":[{"id":24731,"href":"https:\/\/atecordoba.org\/index.php?rest_route=\/wp\/v2\/posts\/24680\/revisions\/24731"}],"wp:featuredmedia":[{"embeddable":true,"href":"https:\/\/atecordoba.org\/index.php?rest_route=\/wp\/v2\/media\/24706"}],"wp:attachment":[{"href":"https:\/\/atecordoba.org\/index.php?rest_route=%2Fwp%2Fv2%2Fmedia&parent=24680"}],"wp:term":[{"taxonomy":"category","embeddable":true,"href":"https:\/\/atecordoba.org\/index.php?rest_route=%2Fwp%2Fv2%2Fcategories&post=24680"},{"taxonomy":"post_tag","embeddable":true,"href":"https:\/\/atecordoba.org\/index.php?rest_route=%2Fwp%2Fv2%2Ftags&post=24680"}],"curies":[{"name":"wp","href":"https:\/\/api.w.org\/{rel}","templated":true}]}}