{"id":2468,"date":"2013-03-14T19:38:46","date_gmt":"2013-03-14T22:38:46","guid":{"rendered":"http:\/\/www.atecordoba.org\/?p=2468"},"modified":"2013-03-14T19:38:46","modified_gmt":"2013-03-14T22:38:46","slug":"la-cta-marcho-en-cordoba-contra-el-impuesto-a-las-ganancias-a-los-trabajadores","status":"publish","type":"post","link":"https:\/\/atecordoba.org\/?p=2468","title":{"rendered":"La CTA march\u00f3 en C\u00f3rdoba contra el impuesto a las ganancias a los trabajadores"},"content":{"rendered":"<p><em>En el marco de la jornada nacional de lucha desarrollada hoy en todo el pa\u00eds, la CTA C\u00f3rdoba march\u00f3 a la sede del Ministerio de Trabajo de la Naci\u00f3n, bajo la consigna &#8220;\u00bfHay peor inseguridad a que te roben el salario antes de cobrarlo?&#8221;. Rechazo al cobro del impuesto a las ganancias en los salarios, por la unificaci\u00f3n de las asignaciones familiares y una agenda local marcaron los discursos.<\/em><\/p>\n<p><a href=\"http:\/\/www.atecordoba.org\/wp-content\/uploads\/2013\/03\/cta-frente-min-trabajo-14-3-2012.jpg\"><img loading=\"lazy\" decoding=\"async\" class=\"aligncenter size-medium wp-image-2469\" title=\"cta frente min trabajo 14-3-2012\" src=\"http:\/\/www.atecordoba.org\/wp-content\/uploads\/2013\/03\/cta-frente-min-trabajo-14-3-2012-300x225.jpg\" alt=\"\" width=\"300\" height=\"225\" \/><\/a><\/p>\n<p>La movilizaci\u00f3n se convoc\u00f3 a las puertas de la cartera laboral, al igual que en todo el pa\u00eds.\u00a0All\u00ed estuvieron ch\u00f3feres, estatales, periodistas, taxistas y cada uno de los sectores que se encuadran en los sindicatos de la CTA, como AMMAR, la Corriente Sindical del MST, entre otras.<\/p>\n<p>El secretario general de CTA C\u00f3rdoba, Oscar Mengarelli, afirm\u00f3 que &#8220;como trabajadores exigimos paritarias libres, sin techo, sin condicionamiento de los datos del INDEC, sino en base a la realidad. Hay que tener en cuenta que \u00a0las paritarias resuelven el problema del ingreso s\u00f3lo a un sector de los trabajadores porque no entran los monotributistas, los precarizados del Estado y del campo privado que no entran en los convenios colectivos. Esta condicione de trabajo apuntan a quebrar la estabilidad del empleo publico y a romper, justamente el convenio colectivo para los privados&#8221;.<\/p>\n<p>&#8220;La otra\u00a0cuesti\u00f3n\u00a0es la inequidad social. por eso hay que llamar al Consejo del Salario para convenir que el\u00a0m\u00ednimo\u00a0vital y\u00a0m\u00f3vil\u00a0est\u00e9 acorde a la canasta familiar. Para los que parten de salarios muy bajos, el porcentaje no resuelve el problema, por m\u00e1s que sea alto. Quien gana 3000 pesos no mejora mucho con 20 o 30%. hay que cortar la distancia en la piramide salarial y respetar el principio de igual salario para igual tarea entre todos los trabajadores&#8221;afirm\u00f3 el dirigente.<\/p>\n<p>En el orden provincial, Megarelli dijo que &#8220;nos convocamos para condenar el modelo que impulsa De la Sota, configurado a partir de endeudamiento extremo de la provincia combinado con ajustes a la poblaci\u00f3n. Por eso tenemos la segunda provincia m\u00e1s endeudada del pa\u00eds, junto con amentos de tarifas e impuestos urbanos, todo apoyado en la represi\u00f3n aplicada a trav\u00e9s del C\u00f3digo de Faltas y la falta de libertades p\u00fablicas. En ese sentido denunciamos la ilegal detenci\u00f3n de los presos pol\u00edticos de Corral de Bustos, respaldamos a las compa\u00f1eras de AMMAR porque el trabajo sexual no es trata. Tambi\u00e9n reclamamos la unificaci\u00f3n de las asignaciones familiares porque todos los pibes valen lo mismo&#8221;.<\/p>\n<p>Por su parte, la secretaria General de ATE C\u00f3rdoba, Mar\u00eda Teresa Romero, salud\u00f3 a mujeres por su d\u00eda y denunci\u00f3 que &#8220;el Ministerio de Trabajo, que debe controlar los derechos de los trabajadores, tiene gran parte del plantel compa\u00f1eros de precarizado. Incluso tienen condiciones de trabajo deplorables al punto que debieron hacer medidas de fuerza porque no ten\u00edan agua y el edificio est\u00e1 destartalado&#8221;.<\/p>\n<p>Y agreg\u00f3: &#8220;en \u00e9pocas electorales los pol\u00edticos nos hacen creer que todo est\u00e1 bien. Encima ahora que tenemos tambi\u00e9n un papa argentino, que nos pone muy contentos, pero parece que est\u00e1 todo arreglado y no es as\u00ed. La CTA sigue resistiendo, al margen de cuantos seamos, porque nuestra agenda la marcan los trabajadores y ning\u00fan otro poder&#8221;.<\/p>\n<p>A su turno, Guido Dreizik, secretario general de la CTA C\u00f3rdoba Capital se\u00f1alo que \u201cestamos ac\u00e1 porque es precisamente en este Ministerio donde se niega la personer\u00eda a los nuevos sindicatos que los trabajadores van construyendo, primero como herramientas para detener la iniquidad de las patronales, y segundo para, luchar por una situaci\u00f3n social mejor\u201d.<\/p>\n<p>Dreizik se refiri\u00f3 al \u201ctecho salarial\u201d, a una imposici\u00f3n oficial que en realidad si se suma a la inflaci\u00f3n deber\u00eda llamarse \u201cajuste\u201d. \u201cEl poder es el que pone los nombres a las cosas. Ellos arman la agenda y nosotros discutimos sobre ella. Por eso hablamos de techo. Tomar el poder es cambiarle el nombre a las cosas\u201d, afirm\u00f3 el dirigente del gremio de prensa.<\/p>\n<p>&nbsp;<\/p>\n<p>&nbsp;<\/p>\n","protected":false},"excerpt":{"rendered":"<p>En el marco de la jornada nacional de lucha desarrollada hoy en todo el pa\u00eds, la CTA C\u00f3rdoba march\u00f3 a la sede del Ministerio de Trabajo de la Naci\u00f3n, bajo la consigna &#8220;\u00bfHay peor inseguridad a que te roben el salario antes de cobrarlo?&#8221;. Rechazo al cobro del impuesto a las ganancias en los salarios, [&hellip;]<\/p>\n","protected":false},"author":1,"featured_media":19220,"comment_status":"open","ping_status":"open","sticky":false,"template":"","format":"standard","meta":{"_exactmetrics_skip_tracking":false,"_exactmetrics_sitenote_active":false,"_exactmetrics_sitenote_note":"","_exactmetrics_sitenote_category":0,"jnews-multi-image_gallery":[],"jnews_single_post":[],"jnews_primary_category":[],"jnews_social_meta":[],"jnews_review":[],"enable_review":"","type":"","name":"","summary":"","brand":"","sku":"","good":[],"bad":[],"score_override":"","override_value":"","rating":[],"price":[],"jnews_override_counter":[],"jnews_post_split":[],"footnotes":""},"categories":[18],"tags":[],"class_list":["post-2468","post","type-post","status-publish","format-standard","has-post-thumbnail","hentry","category-nacionales"],"jetpack_featured_media_url":"https:\/\/atecordoba.org\/wp-content\/uploads\/2020\/05\/logo-nuevochico-e1561581322808.png","_links":{"self":[{"href":"https:\/\/atecordoba.org\/index.php?rest_route=\/wp\/v2\/posts\/2468","targetHints":{"allow":["GET"]}}],"collection":[{"href":"https:\/\/atecordoba.org\/index.php?rest_route=\/wp\/v2\/posts"}],"about":[{"href":"https:\/\/atecordoba.org\/index.php?rest_route=\/wp\/v2\/types\/post"}],"author":[{"embeddable":true,"href":"https:\/\/atecordoba.org\/index.php?rest_route=\/wp\/v2\/users\/1"}],"replies":[{"embeddable":true,"href":"https:\/\/atecordoba.org\/index.php?rest_route=%2Fwp%2Fv2%2Fcomments&post=2468"}],"version-history":[{"count":0,"href":"https:\/\/atecordoba.org\/index.php?rest_route=\/wp\/v2\/posts\/2468\/revisions"}],"wp:featuredmedia":[{"embeddable":true,"href":"https:\/\/atecordoba.org\/index.php?rest_route=\/wp\/v2\/media\/19220"}],"wp:attachment":[{"href":"https:\/\/atecordoba.org\/index.php?rest_route=%2Fwp%2Fv2%2Fmedia&parent=2468"}],"wp:term":[{"taxonomy":"category","embeddable":true,"href":"https:\/\/atecordoba.org\/index.php?rest_route=%2Fwp%2Fv2%2Fcategories&post=2468"},{"taxonomy":"post_tag","embeddable":true,"href":"https:\/\/atecordoba.org\/index.php?rest_route=%2Fwp%2Fv2%2Ftags&post=2468"}],"curies":[{"name":"wp","href":"https:\/\/api.w.org\/{rel}","templated":true}]}}