{"id":24674,"date":"2021-03-08T10:35:59","date_gmt":"2021-03-08T13:35:59","guid":{"rendered":"https:\/\/atecordoba.org\/?p=24674"},"modified":"2021-03-08T12:52:51","modified_gmt":"2021-03-08T15:52:51","slug":"8m-ate-anac-inaugura-un-banco-violeta-para-visibilizar-el-papel-de-la-mujer-en-el-organismo","status":"publish","type":"post","link":"https:\/\/atecordoba.org\/?p=24674","title":{"rendered":"8M: ATE ANAC inaugur\u00f3 un banco violeta para visibilizar el papel de la mujer en el organismo"},"content":{"rendered":"<p><img loading=\"lazy\" decoding=\"async\" class=\" wp-image-24675 alignleft\" src=\"https:\/\/atecordoba.org\/wp-content\/uploads\/2021\/03\/flyer-banco-violeta-anac-247x300.jpeg\" alt=\"\" width=\"440\" height=\"534\" srcset=\"https:\/\/atecordoba.org\/wp-content\/uploads\/2021\/03\/flyer-banco-violeta-anac-247x300.jpeg 247w, https:\/\/atecordoba.org\/wp-content\/uploads\/2021\/03\/flyer-banco-violeta-anac.jpeg 720w\" sizes=\"auto, (max-width: 440px) 100vw, 440px\" \/>Entre las actividades que se desarrollan durante la Jornada de Lucha, con paros, asambleas y una gran movilizaci\u00f3n simultanea en todo el pa\u00eds, las y los trabajadores agrupados en ATE de la Administraci\u00f3n Nacional de Aviaci\u00f3n Civil (ANAC) realiz\u00f3 hoy un acto donde se presentar\u00e1 la instalaci\u00f3n de un banco violeta que simboliza las lucha de las mujeres contra la violencia de g\u00e9nero.<\/p>\n<p>De esta forma, ATE prosigue con la pol\u00edtica de impulsar la visibilizaci\u00f3n de la problem\u00e1tica de la violencia de dentro del \u00e1mbito laboral, promovida en el conjunto de sus estructuras org\u00e1nicas y llevado adelante desde el Departamento de G\u00e9neros y Diversidades del Consejo Directivo Provincial (CDP).<\/p>\n<p>Estuvieron presentes la secretaria de Prensa de ATE C\u00f3rdoba, Julia Giuliani, la responsable del Departamento de G\u00e9neros y Diversidades. Gabriela Alcoba, la secretaria de Interior, Edith Innamorato, el vocal del CDP, Agust\u00edn Bertone, y los y las delegadas Carina Arg\u00fcello, B\u00e1rbara Quirno y Mario Arce.<\/p>\n<p>Carina Arg\u00fcello explic\u00f3 que para el sectorial &#8220;es una primera iniciativa de las tantas que queremos llevar a cabo. Desde hace tiempo queremos visibilizar la problem\u00e1tica de las mujeres dentro del organismo porque en ANAC somos minor\u00eda. Existe a\u00fan un techo de cristal donde las mujeres no podemos acceder a puestos jer\u00e1rquicos ni de conducci\u00f3n ni de mandos medios. Hist\u00f3ricamente fuimos invisibilizadas, \u00a0teniendo en cuenta que venimos de un \u00e1mbito totalmente verticalista como es la Fuerza A\u00e9rea Argentina, donde nos desempe\u00f1\u00e1bamos como Personal Civil&#8221;.<\/p>\n<p>La compa\u00f1era se\u00f1al\u00f3 que &#8220;esta peque\u00f1a iniciativa pretende motivar al colectivo de compa\u00f1eros y compa\u00f1eras a cuestionar en nuestro \u00e1mbito laboral qu\u00e9 tipo de violencias sufrimos y toleramos o callamos.\u00a0Tiene una carga simb\u00f3lica para hacer foco en la problem\u00e1tica de las violencias y apuntar a la transformaci\u00f3n&#8221;.<\/p>\n<p><img loading=\"lazy\" decoding=\"async\" class=\" wp-image-24681 aligncenter\" src=\"https:\/\/atecordoba.org\/wp-content\/uploads\/2021\/03\/anac-banco-violeta-300x225.jpeg\" alt=\"\" width=\"589\" height=\"442\" srcset=\"https:\/\/atecordoba.org\/wp-content\/uploads\/2021\/03\/anac-banco-violeta-300x225.jpeg 300w, https:\/\/atecordoba.org\/wp-content\/uploads\/2021\/03\/anac-banco-violeta-1024x766.jpeg 1024w, https:\/\/atecordoba.org\/wp-content\/uploads\/2021\/03\/anac-banco-violeta-768x575.jpeg 768w, https:\/\/atecordoba.org\/wp-content\/uploads\/2021\/03\/anac-banco-violeta-750x561.jpeg 750w, https:\/\/atecordoba.org\/wp-content\/uploads\/2021\/03\/anac-banco-violeta-1140x853.jpeg 1140w, https:\/\/atecordoba.org\/wp-content\/uploads\/2021\/03\/anac-banco-violeta.jpeg 1280w\" sizes=\"auto, (max-width: 589px) 100vw, 589px\" \/><\/p>\n<p>Por \u00faltimo, Arg\u00fcello agreg\u00f3 que &#8220;como delegada de las y los trabajadores, tenemos que tomar partido, estar del lado de quien tiene vulnerado su derecho. Tambi\u00e9n es fijar una posici\u00f3n clara para dentro del organismo sobre las violencias y generar pol\u00edticas de transformaci\u00f3n&#8221;.<\/p>\n<p>Y destac\u00f3 que se trata de un primer paso para construir espacios con el andar de nuestra organizaci\u00f3n gremial.<\/p>\n<p>El acto estaba previsto realizarse en la Direcci\u00f3n Regional Noroeste de la ANAC, pero la autoridad aeron\u00e1utica, en la figura del licenciado Daniel Lujan, obstaculiz\u00f3 la puesta en marcha del mismo, que finalmente se llev\u00f3 a cabo en el local que ATE en el sector.<\/p>\n<p>El color violeta es uno de los distintivos de la lucha de la mujer, que se utiliza desde comienzos del siglo XX cuando comenz\u00f3 la reivindicaci\u00f3n por los derechos pol\u00edticos para las mujeres en Inglaterra, en el marco de la lucha pro el derecho al voto.<\/p>\n","protected":false},"excerpt":{"rendered":"<p>Entre las actividades que se desarrollan durante la Jornada de Lucha, con paros, asambleas y una gran movilizaci\u00f3n simultanea en todo el pa\u00eds, las y los trabajadores agrupados en ATE de la Administraci\u00f3n Nacional de Aviaci\u00f3n Civil (ANAC) realiz\u00f3 hoy un acto donde se presentar\u00e1 la instalaci\u00f3n de un banco violeta que simboliza las lucha [&hellip;]<\/p>\n","protected":false},"author":7,"featured_media":24681,"comment_status":"open","ping_status":"open","sticky":true,"template":"","format":"standard","meta":{"_exactmetrics_skip_tracking":false,"_exactmetrics_sitenote_active":false,"_exactmetrics_sitenote_note":"","_exactmetrics_sitenote_category":0,"jnews-multi-image_gallery":[],"jnews_single_post":{"source_name":"","source_url":"","via_name":"","via_url":"","override_template":"0","override":[{"template":"1","single_blog_custom":"","parallax":"1","fullscreen":"0","layout":"right-sidebar","sidebar":"default-sidebar","second_sidebar":"default-sidebar","sticky_sidebar":"1","share_position":"top","share_float_style":"share-monocrhome","show_share_counter":"1","show_view_counter":"1","show_featured":"1","show_post_meta":"1","show_post_author":"1","show_post_author_image":"1","show_post_date":"1","post_date_format":"default","post_date_format_custom":"Y\/m\/d","show_post_category":"1","show_post_reading_time":"0","post_reading_time_wpm":"300","show_zoom_button":"0","zoom_button_out_step":"2","zoom_button_in_step":"3","show_post_tag":"1","show_prev_next_post":"1","show_popup_post":"1","number_popup_post":"1","show_author_box":"0","show_post_related":"0","show_inline_post_related":"0"}],"override_image_size":"0","image_override":[{"single_post_thumbnail_size":"crop-500","single_post_gallery_size":"crop-500"}],"trending_post":"0","trending_post_position":"meta","trending_post_label":"Trending","sponsored_post":"0","sponsored_post_label":"Sponsored by","sponsored_post_name":"","sponsored_post_url":"","sponsored_post_logo_enable":"0","sponsored_post_logo":"","sponsored_post_desc":""},"jnews_primary_category":{"id":""},"jnews_social_meta":{"fb_title":"","fb_description":"","fb_image":"","twitter_title":"","twitter_description":"","twitter_image":""},"jnews_review":[],"enable_review":"0","type":"percentage","name":"","summary":"","brand":"","sku":"","good":[{"good_text":""}],"bad":[{"bad_text":""}],"score_override":"","override_value":"","rating":[{"rating_text":"","rating_number":"10"}],"price":[{"shop":"","price":"","link":"","icon":""}],"jnews_override_counter":{"override_view_counter":"0","view_counter_number":"0","override_share_counter":"0","share_counter_number":"0","override_like_counter":"0","like_counter_number":"0","override_dislike_counter":"0","dislike_counter_number":"0"},"jnews_post_split":{"enable_post_split":"0","post_split":[{"template":"1","tag":"h2","numbering":"asc","mode":"normal"}]},"footnotes":""},"categories":[325],"tags":[778,33],"class_list":["post-24674","post","type-post","status-publish","format-standard","has-post-thumbnail","hentry","category-generos-y-diversidades","tag-8m","tag-anac"],"jetpack_featured_media_url":"https:\/\/atecordoba.org\/wp-content\/uploads\/2021\/03\/anac-banco-violeta.jpeg","_links":{"self":[{"href":"https:\/\/atecordoba.org\/index.php?rest_route=\/wp\/v2\/posts\/24674","targetHints":{"allow":["GET"]}}],"collection":[{"href":"https:\/\/atecordoba.org\/index.php?rest_route=\/wp\/v2\/posts"}],"about":[{"href":"https:\/\/atecordoba.org\/index.php?rest_route=\/wp\/v2\/types\/post"}],"author":[{"embeddable":true,"href":"https:\/\/atecordoba.org\/index.php?rest_route=\/wp\/v2\/users\/7"}],"replies":[{"embeddable":true,"href":"https:\/\/atecordoba.org\/index.php?rest_route=%2Fwp%2Fv2%2Fcomments&post=24674"}],"version-history":[{"count":6,"href":"https:\/\/atecordoba.org\/index.php?rest_route=\/wp\/v2\/posts\/24674\/revisions"}],"predecessor-version":[{"id":24683,"href":"https:\/\/atecordoba.org\/index.php?rest_route=\/wp\/v2\/posts\/24674\/revisions\/24683"}],"wp:featuredmedia":[{"embeddable":true,"href":"https:\/\/atecordoba.org\/index.php?rest_route=\/wp\/v2\/media\/24681"}],"wp:attachment":[{"href":"https:\/\/atecordoba.org\/index.php?rest_route=%2Fwp%2Fv2%2Fmedia&parent=24674"}],"wp:term":[{"taxonomy":"category","embeddable":true,"href":"https:\/\/atecordoba.org\/index.php?rest_route=%2Fwp%2Fv2%2Fcategories&post=24674"},{"taxonomy":"post_tag","embeddable":true,"href":"https:\/\/atecordoba.org\/index.php?rest_route=%2Fwp%2Fv2%2Ftags&post=24674"}],"curies":[{"name":"wp","href":"https:\/\/api.w.org\/{rel}","templated":true}]}}