{"id":24652,"date":"2021-03-05T12:23:01","date_gmt":"2021-03-05T15:23:01","guid":{"rendered":"https:\/\/atecordoba.org\/?p=24652"},"modified":"2021-03-05T12:26:11","modified_gmt":"2021-03-05T15:26:11","slug":"el-observatorio-laboral-y-social-de-ate-cordoba-avanza-con-nuevo-relevamiento-en-los-estatales","status":"publish","type":"post","link":"https:\/\/atecordoba.org\/?p=24652","title":{"rendered":"El Observatorio Laboral y Social de ATE C\u00f3rdoba avanza con un nuevo relevamiento en los Estatales"},"content":{"rendered":"<p><a href=\"https:\/\/atecordoba.org\/wp-content\/uploads\/2021\/03\/05-03-Reunion-Observatorio-Laboral-Islyma-Relevamiento-e1614957707970.jpeg\"><img loading=\"lazy\" decoding=\"async\" class=\"wp-image-24653 aligncenter\" src=\"https:\/\/atecordoba.org\/wp-content\/uploads\/2021\/03\/05-03-Reunion-Observatorio-Laboral-Islyma-Relevamiento-e1614957707970-300x152.jpeg\" alt=\"\" width=\"556\" height=\"282\" srcset=\"https:\/\/atecordoba.org\/wp-content\/uploads\/2021\/03\/05-03-Reunion-Observatorio-Laboral-Islyma-Relevamiento-e1614957707970-300x152.jpeg 300w, https:\/\/atecordoba.org\/wp-content\/uploads\/2021\/03\/05-03-Reunion-Observatorio-Laboral-Islyma-Relevamiento-e1614957707970-1024x518.jpeg 1024w, https:\/\/atecordoba.org\/wp-content\/uploads\/2021\/03\/05-03-Reunion-Observatorio-Laboral-Islyma-Relevamiento-e1614957707970-768x389.jpeg 768w, https:\/\/atecordoba.org\/wp-content\/uploads\/2021\/03\/05-03-Reunion-Observatorio-Laboral-Islyma-Relevamiento-e1614957707970-750x379.jpeg 750w, https:\/\/atecordoba.org\/wp-content\/uploads\/2021\/03\/05-03-Reunion-Observatorio-Laboral-Islyma-Relevamiento-e1614957707970-1140x577.jpeg 1140w, https:\/\/atecordoba.org\/wp-content\/uploads\/2021\/03\/05-03-Reunion-Observatorio-Laboral-Islyma-Relevamiento-e1614957707970.jpeg 1257w\" sizes=\"auto, (max-width: 556px) 100vw, 556px\" \/><\/a><\/p>\n<p>El pasado mi\u00e9rcoles 3 de marzo, la Coordinadora General del Observatorio Laboral y Social de ATE C\u00f3rdoba, Mar\u00eda Sotti, mantuvo reuni\u00f3n con el Departamento de Salud Laboral a cargo de Mat\u00edas Giuliani y uno de los referentes del Instituto de Salud Laboral y Medio Ambiente (ISLyMA) Mat\u00edas Dreizik.\u00a0El objetivo de la reuni\u00f3n fue comenzar a desarrollar una de las l\u00edneas de trabajo que se ha propuesto el Observatorio Laboral y Social de ATE C\u00f3rdoba vinculado a <strong>conocer las condiciones de medio ambiente de trabajo de cada sector laboral donde ATE tiene representaci\u00f3n, visibilizando las principales problem\u00e1ticas e identificando los tipos de riesgos f\u00edsicos y psicosociales.<\/strong><\/p>\n<p>En ese sentido se pudo avanzar en realizar una alianza con instituciones de trayectoria como es el ISLyMA en la medici\u00f3n de las condiciones de trabajo en la que se encuentran las y los estales en sus tres niveles de gobierno.<\/p>\n<p>Como resultado de la reuni\u00f3n, se defini\u00f3 la elaboraci\u00f3n del instrumento de medici\u00f3n, involucrando al equipo del Departamento de Salud Laboral para que puedan hacer las contribuciones pertinentes a la herramienta. Se trata de un trabajo de mediano plazo dada la envergadura del tipo de medici\u00f3n, pero se defini\u00f3 comenzar con el relevamiento en el Estado Nacional, siguiendo por los Provinciales y Municipales. El objetivo es que en seis meses de trabajo se disponga de un informe con resultados de los tres sectores.<\/p>\n<p>Para la implementaci\u00f3n del nuevo relevamiento <strong>se va trabajar de manera conjunta con las 6 seccionales<\/strong> de la provincia para garantizar una muestra representativa de la realidad de los distintos puntos geogr\u00e1ficos de ATE C\u00f3rdoba.<\/p>\n","protected":false},"excerpt":{"rendered":"<p>El pasado mi\u00e9rcoles 3 de marzo, la Coordinadora General del Observatorio Laboral y Social de ATE C\u00f3rdoba, Mar\u00eda Sotti, mantuvo reuni\u00f3n con el Departamento de Salud Laboral a cargo de Mat\u00edas Giuliani y uno de los referentes del Instituto de Salud Laboral y Medio Ambiente (ISLyMA) Mat\u00edas Dreizik.\u00a0El objetivo de la reuni\u00f3n fue comenzar a [&hellip;]<\/p>\n","protected":false},"author":6,"featured_media":24653,"comment_status":"open","ping_status":"open","sticky":false,"template":"","format":"standard","meta":{"_exactmetrics_skip_tracking":false,"_exactmetrics_sitenote_active":false,"_exactmetrics_sitenote_note":"","_exactmetrics_sitenote_category":0,"jnews-multi-image_gallery":[],"jnews_single_post":{"source_name":"","source_url":"","via_name":"","via_url":"","override_template":"0","override":[{"template":"1","single_blog_custom":"","parallax":"1","fullscreen":"0","layout":"right-sidebar","sidebar":"default-sidebar","second_sidebar":"default-sidebar","sticky_sidebar":"1","share_position":"top","share_float_style":"share-monocrhome","show_share_counter":"1","show_view_counter":"1","show_featured":"1","show_post_meta":"1","show_post_author":"1","show_post_author_image":"1","show_post_date":"1","post_date_format":"default","post_date_format_custom":"Y\/m\/d","show_post_category":"1","show_post_reading_time":"0","post_reading_time_wpm":"300","show_zoom_button":"0","zoom_button_out_step":"2","zoom_button_in_step":"3","show_post_tag":"1","show_prev_next_post":"1","show_popup_post":"1","number_popup_post":"1","show_author_box":"0","show_post_related":"0","show_inline_post_related":"0"}],"override_image_size":"0","image_override":[{"single_post_thumbnail_size":"crop-500","single_post_gallery_size":"crop-500"}],"trending_post":"0","trending_post_position":"meta","trending_post_label":"Trending","sponsored_post":"0","sponsored_post_label":"Sponsored by","sponsored_post_name":"","sponsored_post_url":"","sponsored_post_logo_enable":"0","sponsored_post_logo":"","sponsored_post_desc":""},"jnews_primary_category":{"id":""},"jnews_social_meta":{"fb_title":"","fb_description":"","fb_image":"","twitter_title":"","twitter_description":"","twitter_image":""},"jnews_review":[],"enable_review":"0","type":"percentage","name":"","summary":"","brand":"","sku":"","good":[{"good_text":""}],"bad":[{"bad_text":""}],"score_override":"","override_value":"","rating":[{"rating_text":"","rating_number":"10"}],"price":[{"shop":"","price":"","link":"","icon":""}],"jnews_override_counter":{"override_view_counter":"0","view_counter_number":"0","override_share_counter":"0","share_counter_number":"0","override_like_counter":"0","like_counter_number":"0","override_dislike_counter":"0","dislike_counter_number":"0"},"jnews_post_split":{"enable_post_split":"0","post_split":[{"template":"1","tag":"h2","numbering":"asc","mode":"normal"}]},"footnotes":""},"categories":[341,104,550],"tags":[752],"class_list":["post-24652","post","type-post","status-publish","format-standard","has-post-thumbnail","hentry","category-cdp","category-departamento-de-salud","category-islyma-2","tag-observatorio-laboral-y-social"],"jetpack_featured_media_url":"https:\/\/atecordoba.org\/wp-content\/uploads\/2021\/03\/05-03-Reunion-Observatorio-Laboral-Islyma-Relevamiento-e1614957707970.jpeg","_links":{"self":[{"href":"https:\/\/atecordoba.org\/index.php?rest_route=\/wp\/v2\/posts\/24652","targetHints":{"allow":["GET"]}}],"collection":[{"href":"https:\/\/atecordoba.org\/index.php?rest_route=\/wp\/v2\/posts"}],"about":[{"href":"https:\/\/atecordoba.org\/index.php?rest_route=\/wp\/v2\/types\/post"}],"author":[{"embeddable":true,"href":"https:\/\/atecordoba.org\/index.php?rest_route=\/wp\/v2\/users\/6"}],"replies":[{"embeddable":true,"href":"https:\/\/atecordoba.org\/index.php?rest_route=%2Fwp%2Fv2%2Fcomments&post=24652"}],"version-history":[{"count":2,"href":"https:\/\/atecordoba.org\/index.php?rest_route=\/wp\/v2\/posts\/24652\/revisions"}],"predecessor-version":[{"id":24655,"href":"https:\/\/atecordoba.org\/index.php?rest_route=\/wp\/v2\/posts\/24652\/revisions\/24655"}],"wp:featuredmedia":[{"embeddable":true,"href":"https:\/\/atecordoba.org\/index.php?rest_route=\/wp\/v2\/media\/24653"}],"wp:attachment":[{"href":"https:\/\/atecordoba.org\/index.php?rest_route=%2Fwp%2Fv2%2Fmedia&parent=24652"}],"wp:term":[{"taxonomy":"category","embeddable":true,"href":"https:\/\/atecordoba.org\/index.php?rest_route=%2Fwp%2Fv2%2Fcategories&post=24652"},{"taxonomy":"post_tag","embeddable":true,"href":"https:\/\/atecordoba.org\/index.php?rest_route=%2Fwp%2Fv2%2Ftags&post=24652"}],"curies":[{"name":"wp","href":"https:\/\/api.w.org\/{rel}","templated":true}]}}