{"id":2463,"date":"2013-03-14T16:51:15","date_gmt":"2013-03-14T19:51:15","guid":{"rendered":"http:\/\/www.atecordoba.org\/?p=2463"},"modified":"2013-03-14T16:51:15","modified_gmt":"2013-03-14T19:51:15","slug":"criminalizacion-de-la-protesta-social-ate-no-se-victimiza-nos-persiguen-y-enjuician-porque-el-campo-popular-avanza","status":"publish","type":"post","link":"https:\/\/atecordoba.org\/?p=2463","title":{"rendered":"Criminalizaci\u00f3n de la protesta social. &#8220;ATE no se victimiza: nos persiguen y enjuician porque el campo popular avanza&#8221;"},"content":{"rendered":"<p><em>Con el acompa\u00f1amiento de delegados y dirigentes estatales, se llev\u00f3 a cabo una conferencia de prensa para denunciar la judicializaci\u00f3n de la protesta que lleva adelante el poder pol\u00edtico contra una veintena de compa\u00f1eros, entre ellos el Secretario General del gremio, Julio Fuentes, y Gustavo Lerer, de la junta interna del hospital Garrahan de Buenos Aires. Estuvieron presentes entre otros Pablo Micheli, Secretario General de la CTA, y los diputados nacionales V\u00edctor De Gennaro y Claudio Lozano.<\/em><\/p>\n<p><a href=\"http:\/\/www.atecordoba.org\/wp-content\/uploads\/2013\/03\/confprensaATE.jpg\"><img loading=\"lazy\" decoding=\"async\" class=\"aligncenter size-full wp-image-2464\" title=\"confprensaATE\" src=\"http:\/\/www.atecordoba.org\/wp-content\/uploads\/2013\/03\/confprensaATE.jpg\" alt=\"\" width=\"410\" height=\"258\" \/><\/a><\/p>\n<p>\u201cVenimos a denunciar la situaci\u00f3n que vive nuestra organizaci\u00f3n desde los \u201990 y que, si bien cre\u00edamos que la pol\u00edtica de aplicar el c\u00f3digo penal en los conflictos sociales hab\u00eda terminado, vemos que todav\u00eda no ha cesado. Al contrario, hoy vemos que instituciones de la democracia realizan espionaje. Y no es ese su rol, sino que es el de cuidar del delito y del crimen por sobre todo a los sectores m\u00e1s d\u00e9biles de la poblaci\u00f3n\u201d, arranc\u00f3 Julio Fuentes.<\/p>\n<p>Su caso es emblem\u00e1tico, ya que el 18 de marzo debe comparecer junto con cuatro compa\u00f1eros ante los tribunales neuquinos para el inicio de un juicio oral por un delito supuestamente cometido once a\u00f1os atr\u00e1s y sobre el cual ya fueron absueltos en 2007.<\/p>\n<p>\u201cNo queremos naturalizar estas situaciones\u201d, continu\u00f3 Fuentes. \u201cPorque en un Estado de derecho no podemos permitir que ninguna fuerza del Estado nacional, provincial o municipal nos investigue. Nuestras actividades son l\u00edcitas, p\u00fablicas y a cara descubierta. Si hubiera alguna investigaci\u00f3n, debiera mediar una orden judicial. Nosotros peleamos por esta democracia y este Estado de derecho. Entonces vamos a seguir peleando para que se respete\u201d, concluy\u00f3.<\/p>\n<p>A su turno, V\u00edctor de Gennaro plante\u00f3 una paradoja: \u201cTenemos un secretario general que es el dirigente con m\u00e1s procesos judiciales: 54. Adem\u00e1s de los seis juicios, un mont\u00f3n de d\u00edas de c\u00e1rcel y otro r\u00e9cord: siempre fue absuelto\u201d. Su comentario estuvo acompa\u00f1ado de una an\u00e9cdota sobre la d\u00e9cada del \u201990, en la que ATE entendi\u00f3 que adem\u00e1s de abogados laboralistas y administrativistas, ten\u00eda que contar con penalistas. Aquella pelea los fortaleci\u00f3: porque el 90% de la jurisprudencia que hoy usa el campo popular naci\u00f3 de esos juicios ganados.<\/p>\n<p>\u201cHay un consenso claro de que hoy estamos mucho m\u00e1s organizados, y por eso viene la represi\u00f3n. En ATE no nos victimizamos, sabemos que la represi\u00f3n y persecuci\u00f3n vienen porque el campo popular avanza. No s\u00f3lo de la mano de ATE y la CTA, sino que somos miles, y los que m\u00e1s sufren las represiones son nuestros compa\u00f1eros de pueblos originarios que luchan por la tierra, porque el poder viene por nuestra agua y nuestra tierra. El poder tiene miedo ante nuestro avance, y por eso nos ataca\u201d, se\u00f1al\u00f3 el diputado.<\/p>\n<p>La \u00fanica manera de enfrentarlos, sigui\u00f3 Pablo Micheli, es con movilizaci\u00f3n popular. \u201cPor ello\u201d, prosigui\u00f3, \u201cma\u00f1ana vamos a marchar junto con la CGT de Moyano, con otras organizaciones como la CCC, Barrios de Pie, la FUBA y Teresa Vive para plantear la persecuci\u00f3n de los luchadores en nuestro pa\u00eds. A 30 a\u00f1os de la democracia, lo que vuelve a reafirmarse es que estos gobiernos que dicen ser populares y nacionales lejos est\u00e1n de ser eso. Tienen operatorias y pr\u00e1cticas similares a los peores gobiernos que han perseguido y controlado a luchadores en la Argentina. Un ejemplo es el Proyecto X: una verg\u00fcenza y una afrenta a todas las luchas de resistencia y los a\u00f1os tr\u00e1gicos que ya hemos vivido\u201d.<\/p>\n<p>Gustavo Lerer, por \u00faltimo, dio precisiones sobre el juicio que se le iniciar\u00e1 junto con tres compa\u00f1eros suyos de la junta interna del Garrahan, luego de una denuncia efectuada por dos funcionarios del Ministerio de Trabajo durante la huelga de 2005. A pesar de la falta de m\u00e9rito y sobreseimiento que dict\u00f3 el juzgado, los compa\u00f1eros deben afrontar una nueva instancia judicial.<\/p>\n<p>\u201cEntendemos que lo que se est\u00e1 juzgando es el m\u00e9todo de huelga de 2005, que en ese momento quer\u00edan cercenar, que es la asamblea. Esto es parte del Proyecto X y tiene que ver con una ofensiva del gobierno y las patronales, porque ya no se crece a tasas chinas, y porque la crisis mundial por sobre todo se la quieren hacer pagar a los trabajadores. Por ello los techos salariales y la represi\u00f3n\u201d, sintetiz\u00f3 el dirigente.<\/p>\n<p>Fueron parte de la conferencia, adem\u00e1s, el abogado de ATE y CTA, Juan Carlos Capurro; Jos\u00e9 Luis Matassa, Secretario General de ATE Capital; Oscar de Isasi, Secretario General de ATE Provincia de Buenos Aires; Hugo Godoy, Secretario Adjunto de ATE Nacional; y Horacio Fern\u00e1ndez, Director del IDEP, tambi\u00e9n procesado en la causa de la provincia de Neuqu\u00e9n.<\/p>\n<h3>Solidaridad y reclamo<\/h3>\n<p>Ambos procesos judiciales tienen el repudio de todas las fuerzas pol\u00edticas que componen la Comisi\u00f3n de Legislaci\u00f3n de la C\u00e1mara de Diputados de la Naci\u00f3n, a trav\u00e9s de un anteproyecto impulsado por los diputados V\u00edctor De Gennaro, Graciela Iturraspe, Claudio Lozano, Lino Aguilar, Jorge Cardelli, Alicia Ciciliani, Victoria Donda P\u00e9rez, Liliana Parada, Horacio Piemonte, H\u00e9ctor Recalde, Luis Sacca, Eduardo Sant\u00f3n, Margarita Stolbizer y Mar\u00eda Luisa Storani. Asimismo, los estatales neuquinos pr\u00f3ximos a ser enjuiciados en marzo cuentan, hasta el momento, con el respaldo de la CTA Nacional y de Capital Federal, y de las siguientes organizaciones internacionales:<\/p>\n<p><img loading=\"lazy\" decoding=\"async\" src=\"http:\/\/www.agenciacta.org\/squelettes-dist\/puce.gif\" alt=\"-\" width=\"8\" height=\"11\" \/>\u00a0Internacional de Servicios P\u00fablicos, firmada por su Secretario Regional Interamericano, Jocelio Drummond<\/p>\n<p><img loading=\"lazy\" decoding=\"async\" src=\"http:\/\/www.agenciacta.org\/squelettes-dist\/puce.gif\" alt=\"-\" width=\"8\" height=\"11\" \/>\u00a0Uni\u00f3n Sindical Obrera de Espa\u00f1a, firmada por su Secretario de Acci\u00f3n Internacional, Javier de Vicente.<\/p>\n<p><img loading=\"lazy\" decoding=\"async\" src=\"http:\/\/www.agenciacta.org\/squelettes-dist\/puce.gif\" alt=\"-\" width=\"8\" height=\"11\" \/>\u00a0Uni\u00f3n Nacional de Trabajadores del Estado y los Servicios P\u00fablicos de Colombia, firmada por su Presidente, Percy Oyola Paloma.<\/p>\n<p><img loading=\"lazy\" decoding=\"async\" src=\"http:\/\/www.agenciacta.org\/squelettes-dist\/puce.gif\" alt=\"-\" width=\"8\" height=\"11\" \/>\u00a0Confederaci\u00f3n Intersectorial de Trabajadores Estatales del Per\u00fa, firmada por los miembros de su Consejo Ejecutivo Nacional.<\/p>\n<p><img loading=\"lazy\" decoding=\"async\" src=\"http:\/\/www.agenciacta.org\/squelettes-dist\/puce.gif\" alt=\"-\" width=\"8\" height=\"11\" \/>\u00a0Confederaci\u00f3n Intersindical Gallega, firmada por su Secretario General, Xes\u00fas Seixo Fern\u00e1ndez.<\/p>\n<p><img loading=\"lazy\" decoding=\"async\" src=\"http:\/\/www.agenciacta.org\/squelettes-dist\/puce.gif\" alt=\"-\" width=\"8\" height=\"11\" \/>\u00a0Encuentro Sindical Nuestra Am\u00e9rica<\/p>\n<p><em><strong>Fuente: Prensa ATE Nacional<\/strong><\/em><\/p>\n","protected":false},"excerpt":{"rendered":"<p>Con el acompa\u00f1amiento de delegados y dirigentes estatales, se llev\u00f3 a cabo una conferencia de prensa para denunciar la judicializaci\u00f3n de la protesta que lleva adelante el poder pol\u00edtico contra una veintena de compa\u00f1eros, entre ellos el Secretario General del gremio, Julio Fuentes, y Gustavo Lerer, de la junta interna del hospital Garrahan de Buenos [&hellip;]<\/p>\n","protected":false},"author":1,"featured_media":19220,"comment_status":"open","ping_status":"open","sticky":false,"template":"","format":"standard","meta":{"_exactmetrics_skip_tracking":false,"_exactmetrics_sitenote_active":false,"_exactmetrics_sitenote_note":"","_exactmetrics_sitenote_category":0,"jnews-multi-image_gallery":[],"jnews_single_post":[],"jnews_primary_category":[],"jnews_social_meta":[],"jnews_review":[],"enable_review":"","type":"","name":"","summary":"","brand":"","sku":"","good":[],"bad":[],"score_override":"","override_value":"","rating":[],"price":[],"jnews_override_counter":[],"jnews_post_split":[],"footnotes":""},"categories":[18],"tags":[],"class_list":["post-2463","post","type-post","status-publish","format-standard","has-post-thumbnail","hentry","category-nacionales"],"jetpack_featured_media_url":"https:\/\/atecordoba.org\/wp-content\/uploads\/2020\/05\/logo-nuevochico-e1561581322808.png","_links":{"self":[{"href":"https:\/\/atecordoba.org\/index.php?rest_route=\/wp\/v2\/posts\/2463","targetHints":{"allow":["GET"]}}],"collection":[{"href":"https:\/\/atecordoba.org\/index.php?rest_route=\/wp\/v2\/posts"}],"about":[{"href":"https:\/\/atecordoba.org\/index.php?rest_route=\/wp\/v2\/types\/post"}],"author":[{"embeddable":true,"href":"https:\/\/atecordoba.org\/index.php?rest_route=\/wp\/v2\/users\/1"}],"replies":[{"embeddable":true,"href":"https:\/\/atecordoba.org\/index.php?rest_route=%2Fwp%2Fv2%2Fcomments&post=2463"}],"version-history":[{"count":0,"href":"https:\/\/atecordoba.org\/index.php?rest_route=\/wp\/v2\/posts\/2463\/revisions"}],"wp:featuredmedia":[{"embeddable":true,"href":"https:\/\/atecordoba.org\/index.php?rest_route=\/wp\/v2\/media\/19220"}],"wp:attachment":[{"href":"https:\/\/atecordoba.org\/index.php?rest_route=%2Fwp%2Fv2%2Fmedia&parent=2463"}],"wp:term":[{"taxonomy":"category","embeddable":true,"href":"https:\/\/atecordoba.org\/index.php?rest_route=%2Fwp%2Fv2%2Fcategories&post=2463"},{"taxonomy":"post_tag","embeddable":true,"href":"https:\/\/atecordoba.org\/index.php?rest_route=%2Fwp%2Fv2%2Ftags&post=2463"}],"curies":[{"name":"wp","href":"https:\/\/api.w.org\/{rel}","templated":true}]}}