{"id":24618,"date":"2021-03-03T15:24:13","date_gmt":"2021-03-03T18:24:13","guid":{"rendered":"https:\/\/atecordoba.org\/?p=24618"},"modified":"2021-03-03T15:24:13","modified_gmt":"2021-03-03T18:24:13","slug":"reunion-de-sectores-civiles-de-ffaa-de-ate-de-distintas-provincias-eleva-pedido-a-ministerio-de-defensa-y-de-seguridad","status":"publish","type":"post","link":"https:\/\/atecordoba.org\/?p=24618","title":{"rendered":"Reuni\u00f3n de sectores civiles de FFAA de ATE de distintas provincias eleva pedido a Ministerio de Defensa y de Seguridad"},"content":{"rendered":"<p><a href=\"https:\/\/atecordoba.org\/wp-content\/uploads\/2021\/03\/03-03-Mesa-civiles-FFAA.jpg\"><img loading=\"lazy\" decoding=\"async\" class=\"alignleft  wp-image-24619\" src=\"https:\/\/atecordoba.org\/wp-content\/uploads\/2021\/03\/03-03-Mesa-civiles-FFAA-300x300.jpg\" alt=\"\" width=\"430\" height=\"430\" srcset=\"https:\/\/atecordoba.org\/wp-content\/uploads\/2021\/03\/03-03-Mesa-civiles-FFAA-300x300.jpg 300w, https:\/\/atecordoba.org\/wp-content\/uploads\/2021\/03\/03-03-Mesa-civiles-FFAA-1024x1024.jpg 1024w, https:\/\/atecordoba.org\/wp-content\/uploads\/2021\/03\/03-03-Mesa-civiles-FFAA-150x150.jpg 150w, https:\/\/atecordoba.org\/wp-content\/uploads\/2021\/03\/03-03-Mesa-civiles-FFAA-768x768.jpg 768w, https:\/\/atecordoba.org\/wp-content\/uploads\/2021\/03\/03-03-Mesa-civiles-FFAA-560x560.jpg 560w, https:\/\/atecordoba.org\/wp-content\/uploads\/2021\/03\/03-03-Mesa-civiles-FFAA-75x75.jpg 75w, https:\/\/atecordoba.org\/wp-content\/uploads\/2021\/03\/03-03-Mesa-civiles-FFAA-750x750.jpg 750w, https:\/\/atecordoba.org\/wp-content\/uploads\/2021\/03\/03-03-Mesa-civiles-FFAA-1140x1140.jpg 1140w, https:\/\/atecordoba.org\/wp-content\/uploads\/2021\/03\/03-03-Mesa-civiles-FFAA.jpg 1200w\" sizes=\"auto, (max-width: 430px) 100vw, 430px\" \/><\/a>El d\u00eda viernes 26 de febrero del 2021 <strong>se llev\u00f3 a cabo una importante reuni\u00f3n en forma virtual con referentes de los sectores civiles de las FFAA y de Seguridad, tanto de la Provincia de C\u00f3rdoba como de otras 6 provincias y de C.A.B.A<\/strong>. La instancia sirvi\u00f3 para debatir acerca de la realidad del sector y acordar puntos para un reclamo conjunto a las autoridades pertinentes en cada caso.<\/p>\n<p>El mismo &#8220;fue convocado por la coordinaci\u00f3n de este sectorial en la provincia de C\u00f3rdoba, compuesta por Jorge Chavero paritario Co.p.i.c,\u00a0 Marcela Ch\u00e1vez Vocal CDP y paritaria C.I.O.T, Javier Bracamonte Paritario Cymat, Alejandro Charra Paritario Co.p.i.c\u00a0 y de carrera docente, Martin Solis Paritario Co.p.i.c y coordinador, V\u00edctor Lecuona de Iosfa Paritario Co.p.i.c., y Esteban Iribarren delegado de docente civiles de Gendarmer\u00eda&#8221;, seg\u00fan relata un informe realizado por la delegaci\u00f3n cordobesa de ATE que convoc\u00f3 a la instancia. La reuni\u00f3n, adem\u00e1s, cont\u00f3 con la presencia de representantes secotriales que prestan funciones en Capital Federal, a saber: Junta Interna del Edificio Libertad, Paritario CYMAT de Armada Argentina, Junta Interna HAC-CAR, secretariado de CTA Capital, Hogar Naval, Circulo de Fuerza A\u00e9rea Sede Central y Hotel calle Jun\u00edn y Juncal, Hospital Naval Pedro Mallo, D\u00e1maso Centeno Ejercito, INMAE Fuerza A\u00e9rea Argentina, EMGE-EMCO Ejercito. Tambi\u00e9n se cont\u00f3 con la presencia de delegadas\/os de la Fuerza A\u00e9rea Paran\u00e1-Entre R\u00edos, de IOSFA Tucum\u00e1n, del Ejercito de Tucum\u00e1n, del taller Aeronaval de Trelew Chubut, de la Escuela Naval Ensenada Bs As, de la Prefectura Naval, de ATE Bah\u00eda Blanca Bs As y del CDP Tierra del Fuego.<\/p>\n<p>&#8220;El encuentro comenz\u00f3 con \u00a0la palabra de Alejandro Charra y un informe pormenorizado en torno a la situaci\u00f3n que venimos atravesando desde hace a\u00f1os y de nuestros reclamos actuales que muchos de ellos son de car\u00e1cter de urgente soluci\u00f3n, y la necesidad de buscar un mecanismo que resuelva todas las problem\u00e1ticas de los trabajadores de las fuerzas armadas, donde se regulen las asimetr\u00edas que sufren los compa\u00f1eros del interior con respecto de los compa\u00f1eros de las capitales&#8221;, comienza el informe de los representantes sectoriales de C\u00f3rdoba.<\/p>\n<p>En la relator\u00eda, se especific\u00f3 que se comparti\u00f3 con los presentes una nota dirigida al ministerio de Defensa, de parte de los representantes de la provincia de C\u00f3rdoba, para presentar ante el Consejo Directivo Nacional, y se invit\u00f3 a debatir y adherir mociones al mismo, a fin de que resulte un pedido conjunto de car\u00e1cter federal, &#8220;situaci\u00f3n que fuera aceptada por todos los presentes&#8221;, explican.<\/p>\n<div id='gallery_1' class='gallery galleryid-24618 gallery-columns-2 gallery-size-medium'><figure class='gallery-item'>\n                <div class='gallery-icon landscape'>\n                    <a href='https:\/\/atecordoba.org\/wp-content\/uploads\/2021\/03\/03-03-Mesa-civiles-FFAA-captura-2.jpg'><img loading=\"lazy\" decoding=\"async\" width=\"300\" height=\"178\" src=\"\" class=\"attachment-medium size-medium lazyload\" alt=\"\" data-src=\"https:\/\/atecordoba.org\/wp-content\/uploads\/2021\/03\/03-03-Mesa-civiles-FFAA-captura-2-300x178.jpg\" data-sizes=\"auto\" data-srcset=\"https:\/\/atecordoba.org\/wp-content\/uploads\/2021\/03\/03-03-Mesa-civiles-FFAA-captura-2-300x178.jpg 300w, https:\/\/atecordoba.org\/wp-content\/uploads\/2021\/03\/03-03-Mesa-civiles-FFAA-captura-2-768x456.jpg 768w, https:\/\/atecordoba.org\/wp-content\/uploads\/2021\/03\/03-03-Mesa-civiles-FFAA-captura-2-750x445.jpg 750w, https:\/\/atecordoba.org\/wp-content\/uploads\/2021\/03\/03-03-Mesa-civiles-FFAA-captura-2.jpg 940w\" data-expand=\"700\" \/><\/a>\n                <\/div><\/figure><figure class='gallery-item'>\n                <div class='gallery-icon landscape'>\n                    <a href='https:\/\/atecordoba.org\/wp-content\/uploads\/2021\/03\/03-03-Mesa-civiles-FFAA-captura.jpg'><img loading=\"lazy\" decoding=\"async\" width=\"300\" height=\"173\" src=\"\" class=\"attachment-medium size-medium lazyload\" alt=\"\" data-src=\"https:\/\/atecordoba.org\/wp-content\/uploads\/2021\/03\/03-03-Mesa-civiles-FFAA-captura-300x173.jpg\" data-sizes=\"auto\" data-srcset=\"https:\/\/atecordoba.org\/wp-content\/uploads\/2021\/03\/03-03-Mesa-civiles-FFAA-captura-300x173.jpg 300w, https:\/\/atecordoba.org\/wp-content\/uploads\/2021\/03\/03-03-Mesa-civiles-FFAA-captura-768x442.jpg 768w, https:\/\/atecordoba.org\/wp-content\/uploads\/2021\/03\/03-03-Mesa-civiles-FFAA-captura-750x432.jpg 750w, https:\/\/atecordoba.org\/wp-content\/uploads\/2021\/03\/03-03-Mesa-civiles-FFAA-captura.jpg 962w\" data-expand=\"700\" \/><\/a>\n                <\/div><\/figure><br style=\"clear: both\" \/>\n            <\/div>\n\n<p>Dentro de los principales puntos que se solicitan al Ministro de Defensa y que fueron adheridos por el pleno de la reuni\u00f3n se encuentran:<u> <\/u><\/p>\n<ol>\n<li><strong><em>Que se implemente el pago del TRAMO con el retroactivo correspondiente. <\/em><\/strong><\/li>\n<li><strong><em>Equiparaci\u00f3n salarial de los Docentes Civiles con la paritaria nacional Docente y apertura de la comisi\u00f3n negociadora de la carrera. <\/em><\/strong><\/li>\n<li><strong><em>Solicitamos al Estado empleador informe la cantidad de vacantes PASE A PLANTA PERMANENTE disponibles por Fuerza e IOSFA. <\/em><\/strong><\/li>\n<li><strong><em>Lxs trabajadores civiles reclamamos igualdad respecto al acceso a la salud entre afiliadxs que cuentan con un efector propio cercano y quienes trabajan en las unidades m\u00e1s distales de las FFAA. por lo que solicitamos la eliminaci\u00f3n de los co-seguros y multas que al d\u00eda de la fecha financia lxs trabajadores. <\/em><\/strong><\/li>\n<li><strong><em>Solicitamos la reapertura de la COPIC para tratar: <\/em><\/strong>\n<ol>\n<li><strong><em> La apertura del acceso a los grados pendientes, que en la mayor\u00eda de los casos se han acumulado hasta DOS GRADOS. <\/em><\/strong><\/li>\n<li><strong><em> La inexistencia de lxs trabajadores civiles en los diferentes cargos de jefatura (Departamento, Divisi\u00f3n, Secci\u00f3n y Supervisi\u00f3n), actualmente la ARMADA ARGENTINA a eliminado toda posibilidad de acceso a jefatura alguna de lxs trabajadores civiles, son profesionales y t\u00e9cnicos preparados que quedan subordinados a jefes militares y que en muchas ocasiones no est\u00e1n calificados por falta de idoneidad. El acceso a dichos cargos se encuentra garantizado y previsto en el CCTS Sectorial y es al momento la \u00fanica Fuerza Armada que niega el derecho a lxs trabajadores civiles. <\/em><\/strong><\/li>\n<li><strong><em> El pago efectivo de los SUPLEMENTOS existentes en el convenio y que ya cuentan con las unidades retributivas correspondientes pero cuyos pagos NUNCA se han hecho efectivo, Art. 85 JEFATURAS, Art. 87 APLICACI\u00d3N TECNOLOGICA, Art. 88 ACTIVIDAD DE ENFERMERIA, Art. 95 BLOQUEO DE T\u00cdTULO y bonificaciones<\/em><\/strong><\/li>\n<\/ol>\n<\/li>\n<li><strong><em>Solicitamos un departamento de g\u00e9nero aut\u00e1rquico, mixto y con participaci\u00f3n gremial para poder garantizar una intervenci\u00f3n r\u00e1pida y objetiva.<\/em><\/strong><\/li>\n<\/ol>\n<p>Por su parte, contin\u00faa el informe, &#8220;las y los compa\u00f1eros pertenecientes al Ministerio de Seguridad solicitaron que el CDN presente el siguiente pedido al Ministerio de Seguridad:<\/p>\n<ul>\n<li style=\"list-style-type: none;\">\n<ul>\n<li><strong><em>a) Pago del tramo y grado de la carrera. Existe una mora por parte del Estado. Hemos sido re encasillados en Han pasado 5 a\u00f1os y no se ha efectivizado el pago del medio tramo faltante, ni el grado que nos corresponde por m\u00e1s de tres a\u00f1os transcurridos y en algunos casos dos grados.<\/em><\/strong><\/li>\n<li><strong><em>b) La adjudicaci\u00f3n de las Jefaturas (Departamento. Divisi\u00f3n. Secci\u00f3n) que figuran en el Convenio Sectorial. Previa solicitud de los agentes.<\/em><\/strong><\/li>\n<li><strong><em>c) Ingreso de civiles en todas las a\u00e9reas y de todos los agrupamientos tanto en Gendarmer\u00eda como en Prefectura. Hay un expediente iniciado en el Ministerio de Seguridad referido a las bajas vegetativas que se vienen produciendo sin que ello produjera la incorporaci\u00f3n de personal civil para su reemplazo. Ocasionando la disminuci\u00f3n de la planta en forma abrupta en todas las \u00e1reas, especialmente en los agrupamientos administrativos t\u00e9cnicos y profesionales del \u00e1rea de Salud tan esenciales en estos momentos de pandemia. Las bajas vegetativas no han sido renovadas por m\u00e1s de diez a\u00f1os.<\/em><\/strong><\/li>\n<li><strong><em>d) Pago al personal de salud de la Ley Nacional de Insalubridad. Y los 5000 pesos extras que si aplico por decreto durante la pandemia. Cabe aclarar que el personal con estado policial cobra estos dos suplementos, no as\u00ed el personal civil de las fuerzas de seguridad&#8221;<\/em><\/strong><\/li>\n<\/ul>\n<\/li>\n<\/ul>\n<p>Por otro lado, en la reuni\u00f3n se abord\u00f3 que &#8220;dada las caracter\u00edsticas de este sectorial, ya sea por su diversidad en las funciones que cada trabajadora y trabajador desarrolla en cada una de las fuerzas armada, de seguridad y Iosfa, y como as\u00ed tambi\u00e9n las disposiciones geogr\u00e1fica a lo largo y ancho de todo el territorio Argentino de dichos organismos, surge la necesidad de <strong>conformar una mesa de coordinaci\u00f3n nacional del sector<\/strong> para mejorar la comunicaci\u00f3n, representatividad, fluidez y crecimiento del sectorial como ha sucedido en otros organismos nacionales de similares caracter\u00edsticas, y que dicha mesa trabaje hacia las bases a trav\u00e9s de la conformaci\u00f3n de un grupo de trabajo federal como el que precede esta reuni\u00f3n&#8221;.<\/p>\n<p>&#8220;Todos los participantes <strong>celebraron esta instancia y expresaron el compromiso de seguir participando<\/strong> de las mismas a futuro, aprovechando este espacio virtual que se ha generado como consecuencia de la pandemia que estamos atravesando&#8221;, expresaron en el informe y recalcaron &#8220;la importancia de que se sumen mas referentes de todas las provincias para todos poder conocer una realidad m\u00e1s federal&#8221;.<\/p>\n","protected":false},"excerpt":{"rendered":"<p>El d\u00eda viernes 26 de febrero del 2021 se llev\u00f3 a cabo una importante reuni\u00f3n en forma virtual con referentes de los sectores civiles de las FFAA y de Seguridad, tanto de la Provincia de C\u00f3rdoba como de otras 6 provincias y de C.A.B.A. La instancia sirvi\u00f3 para debatir acerca de la realidad del sector [&hellip;]<\/p>\n","protected":false},"author":6,"featured_media":24619,"comment_status":"open","ping_status":"open","sticky":false,"template":"","format":"standard","meta":{"_exactmetrics_skip_tracking":false,"_exactmetrics_sitenote_active":false,"_exactmetrics_sitenote_note":"","_exactmetrics_sitenote_category":0,"jnews-multi-image_gallery":[],"jnews_single_post":{"source_name":"","source_url":"","via_name":"","via_url":"","override_template":"0","override":[{"template":"1","single_blog_custom":"","parallax":"1","fullscreen":"0","layout":"right-sidebar","sidebar":"default-sidebar","second_sidebar":"default-sidebar","sticky_sidebar":"1","share_position":"top","share_float_style":"share-monocrhome","show_share_counter":"1","show_view_counter":"1","show_featured":"1","show_post_meta":"1","show_post_author":"1","show_post_author_image":"1","show_post_date":"1","post_date_format":"default","post_date_format_custom":"Y\/m\/d","show_post_category":"1","show_post_reading_time":"0","post_reading_time_wpm":"300","show_zoom_button":"0","zoom_button_out_step":"2","zoom_button_in_step":"3","show_post_tag":"1","show_prev_next_post":"1","show_popup_post":"1","number_popup_post":"1","show_author_box":"0","show_post_related":"0","show_inline_post_related":"0"}],"override_image_size":"0","image_override":[{"single_post_thumbnail_size":"crop-500","single_post_gallery_size":"crop-500"}],"trending_post":"0","trending_post_position":"meta","trending_post_label":"Trending","sponsored_post":"0","sponsored_post_label":"Sponsored by","sponsored_post_name":"","sponsored_post_url":"","sponsored_post_logo_enable":"0","sponsored_post_logo":"","sponsored_post_desc":""},"jnews_primary_category":{"id":""},"jnews_social_meta":{"fb_title":"","fb_description":"","fb_image":"","twitter_title":"","twitter_description":"","twitter_image":""},"jnews_review":[],"enable_review":"0","type":"percentage","name":"","summary":"","brand":"","sku":"","good":[{"good_text":""}],"bad":[{"bad_text":""}],"score_override":"","override_value":"","rating":[{"rating_text":"","rating_number":"10"}],"price":[{"shop":"","price":"","link":"","icon":""}],"jnews_override_counter":{"override_view_counter":"0","view_counter_number":"0","override_share_counter":"0","share_counter_number":"0","override_like_counter":"0","like_counter_number":"0","override_dislike_counter":"0","dislike_counter_number":"0"},"jnews_post_split":{"enable_post_split":"0","post_split":[{"template":"1","tag":"h2","numbering":"asc","mode":"normal"}]},"footnotes":""},"categories":[756,341,18],"tags":[560],"class_list":["post-24618","post","type-post","status-publish","format-standard","has-post-thumbnail","hentry","category-consejo-directivo-nacional-cdn","category-cdp","category-nacionales","tag-trabajadores-civiles-ffaa"],"jetpack_featured_media_url":"https:\/\/atecordoba.org\/wp-content\/uploads\/2021\/03\/03-03-Mesa-civiles-FFAA.jpg","_links":{"self":[{"href":"https:\/\/atecordoba.org\/index.php?rest_route=\/wp\/v2\/posts\/24618","targetHints":{"allow":["GET"]}}],"collection":[{"href":"https:\/\/atecordoba.org\/index.php?rest_route=\/wp\/v2\/posts"}],"about":[{"href":"https:\/\/atecordoba.org\/index.php?rest_route=\/wp\/v2\/types\/post"}],"author":[{"embeddable":true,"href":"https:\/\/atecordoba.org\/index.php?rest_route=\/wp\/v2\/users\/6"}],"replies":[{"embeddable":true,"href":"https:\/\/atecordoba.org\/index.php?rest_route=%2Fwp%2Fv2%2Fcomments&post=24618"}],"version-history":[{"count":2,"href":"https:\/\/atecordoba.org\/index.php?rest_route=\/wp\/v2\/posts\/24618\/revisions"}],"predecessor-version":[{"id":24623,"href":"https:\/\/atecordoba.org\/index.php?rest_route=\/wp\/v2\/posts\/24618\/revisions\/24623"}],"wp:featuredmedia":[{"embeddable":true,"href":"https:\/\/atecordoba.org\/index.php?rest_route=\/wp\/v2\/media\/24619"}],"wp:attachment":[{"href":"https:\/\/atecordoba.org\/index.php?rest_route=%2Fwp%2Fv2%2Fmedia&parent=24618"}],"wp:term":[{"taxonomy":"category","embeddable":true,"href":"https:\/\/atecordoba.org\/index.php?rest_route=%2Fwp%2Fv2%2Fcategories&post=24618"},{"taxonomy":"post_tag","embeddable":true,"href":"https:\/\/atecordoba.org\/index.php?rest_route=%2Fwp%2Fv2%2Ftags&post=24618"}],"curies":[{"name":"wp","href":"https:\/\/api.w.org\/{rel}","templated":true}]}}