{"id":2460,"date":"2013-03-13T15:57:06","date_gmt":"2013-03-13T18:57:06","guid":{"rendered":"http:\/\/www.atecordoba.org\/?p=2460"},"modified":"2013-03-13T15:57:06","modified_gmt":"2013-03-13T18:57:06","slug":"plenario-de-anases-resolvio-estado-de-asamblea-para-manana","status":"publish","type":"post","link":"https:\/\/atecordoba.org\/?p=2460","title":{"rendered":"Plenario de ANASES resolvi\u00f3 estado de asamblea para ma\u00f1ana"},"content":{"rendered":"<p><em>Delegados de ATE-ANSES de siete Unidades de Atenci\u00f3n Integral (UDAI) de la provincia realizaron hoy un plenario en la sede de nuestro gremio para evaluar la situaci\u00f3n del organismo previsional. Ma\u00f1ana, asambleas en todos los sectores.<\/em><\/p>\n<p><a href=\"http:\/\/www.atecordoba.org\/wp-content\/uploads\/2013\/03\/plenario-delegados-anses.jpg\"><img loading=\"lazy\" decoding=\"async\" class=\"aligncenter size-full wp-image-2461\" title=\"plenario delegados anses\" src=\"http:\/\/www.atecordoba.org\/wp-content\/uploads\/2013\/03\/plenario-delegados-anses.jpg\" alt=\"\" width=\"680\" height=\"510\" \/><\/a><\/p>\n<p>Con la presencia de representantes de las UDAI C\u00f3rdoba 1 y 2, R\u00edo tercero, Villa Mar\u00eda, Bell Ville, Cosqu\u00edn y Villa Carlos Paz, los delegados de ATE acordaron, tras un rico debate, llevar a los sectores de trabajo una serie de puntos de reclamo sobre la situaci\u00f3n del ANSES.<\/p>\n<p>Sus resoluciones son:<\/p>\n<ul>\n<li>Posicionamiento sobre el nuevo reglamento de personal del ANSES. Rechazo por considerarlo regresivo y persecutorio.<\/li>\n<li>Modelo de Gesti\u00f3n que se base en la polifuncionalidad: genera resistencia entre los delegados porque implica una vuelta a la d\u00e9cada del \u201990.<\/li>\n<li>Unidad en acci\u00f3n con los otros sindicatos, que conformamos la Confederaci\u00f3n de Gremios Estatales.<\/li>\n<li>Salarios: apertura de paritarias sin techo, con una recomposici\u00f3n acorde a la inflaci\u00f3n.<\/li>\n<li>Derogaci\u00f3n del impuesto a las ganancias para los trabajadores.<\/li>\n<li>Asambleas en todos las UDAI el 14 de marzo, en el marco de la jornada nacional de lucha que establecieron CTA y CGT.<\/li>\n<\/ul>\n<p>&nbsp;<\/p>\n","protected":false},"excerpt":{"rendered":"<p>Delegados de ATE-ANSES de siete Unidades de Atenci\u00f3n Integral (UDAI) de la provincia realizaron hoy un plenario en la sede de nuestro gremio para evaluar la situaci\u00f3n del organismo previsional. Ma\u00f1ana, asambleas en todos los sectores. Con la presencia de representantes de las UDAI C\u00f3rdoba 1 y 2, R\u00edo tercero, Villa Mar\u00eda, Bell Ville, Cosqu\u00edn [&hellip;]<\/p>\n","protected":false},"author":1,"featured_media":19220,"comment_status":"open","ping_status":"open","sticky":false,"template":"","format":"standard","meta":{"_exactmetrics_skip_tracking":false,"_exactmetrics_sitenote_active":false,"_exactmetrics_sitenote_note":"","_exactmetrics_sitenote_category":0,"jnews-multi-image_gallery":[],"jnews_single_post":[],"jnews_primary_category":[],"jnews_social_meta":[],"jnews_review":[],"enable_review":"","type":"","name":"","summary":"","brand":"","sku":"","good":[],"bad":[],"score_override":"","override_value":"","rating":[],"price":[],"jnews_override_counter":[],"jnews_post_split":[],"footnotes":""},"categories":[18,13,14],"tags":[],"class_list":["post-2460","post","type-post","status-publish","format-standard","has-post-thumbnail","hentry","category-nacionales","category-rio-tercero","category-villa-maria"],"jetpack_featured_media_url":"https:\/\/atecordoba.org\/wp-content\/uploads\/2020\/05\/logo-nuevochico-e1561581322808.png","_links":{"self":[{"href":"https:\/\/atecordoba.org\/index.php?rest_route=\/wp\/v2\/posts\/2460","targetHints":{"allow":["GET"]}}],"collection":[{"href":"https:\/\/atecordoba.org\/index.php?rest_route=\/wp\/v2\/posts"}],"about":[{"href":"https:\/\/atecordoba.org\/index.php?rest_route=\/wp\/v2\/types\/post"}],"author":[{"embeddable":true,"href":"https:\/\/atecordoba.org\/index.php?rest_route=\/wp\/v2\/users\/1"}],"replies":[{"embeddable":true,"href":"https:\/\/atecordoba.org\/index.php?rest_route=%2Fwp%2Fv2%2Fcomments&post=2460"}],"version-history":[{"count":0,"href":"https:\/\/atecordoba.org\/index.php?rest_route=\/wp\/v2\/posts\/2460\/revisions"}],"wp:featuredmedia":[{"embeddable":true,"href":"https:\/\/atecordoba.org\/index.php?rest_route=\/wp\/v2\/media\/19220"}],"wp:attachment":[{"href":"https:\/\/atecordoba.org\/index.php?rest_route=%2Fwp%2Fv2%2Fmedia&parent=2460"}],"wp:term":[{"taxonomy":"category","embeddable":true,"href":"https:\/\/atecordoba.org\/index.php?rest_route=%2Fwp%2Fv2%2Fcategories&post=2460"},{"taxonomy":"post_tag","embeddable":true,"href":"https:\/\/atecordoba.org\/index.php?rest_route=%2Fwp%2Fv2%2Ftags&post=2460"}],"curies":[{"name":"wp","href":"https:\/\/api.w.org\/{rel}","templated":true}]}}