{"id":24584,"date":"2021-03-01T10:51:54","date_gmt":"2021-03-01T13:51:54","guid":{"rendered":"https:\/\/atecordoba.org\/?p=24584"},"modified":"2021-03-01T10:51:54","modified_gmt":"2021-03-01T13:51:54","slug":"ate-cordoba-repudia-actos-discriminatorios-y-persecucion-en-la-municipalidad-de-serrano","status":"publish","type":"post","link":"https:\/\/atecordoba.org\/?p=24584","title":{"rendered":"ATE C\u00f3rdoba repudia actos discriminatorios y persecuci\u00f3n en la Municipalidad de Serrano"},"content":{"rendered":"<figure id=\"attachment_24586\" aria-describedby=\"caption-attachment-24586\" style=\"width: 485px\" class=\"wp-caption alignright\"><a href=\"https:\/\/atecordoba.org\/wp-content\/uploads\/2021\/03\/01-03-Serrano-Busso-2.jpg\"><img loading=\"lazy\" decoding=\"async\" class=\"wp-image-24586\" src=\"https:\/\/atecordoba.org\/wp-content\/uploads\/2021\/03\/01-03-Serrano-Busso-2-300x199.jpg\" alt=\"\" width=\"485\" height=\"322\" srcset=\"https:\/\/atecordoba.org\/wp-content\/uploads\/2021\/03\/01-03-Serrano-Busso-2-300x199.jpg 300w, https:\/\/atecordoba.org\/wp-content\/uploads\/2021\/03\/01-03-Serrano-Busso-2-1024x680.jpg 1024w, https:\/\/atecordoba.org\/wp-content\/uploads\/2021\/03\/01-03-Serrano-Busso-2-768x510.jpg 768w, https:\/\/atecordoba.org\/wp-content\/uploads\/2021\/03\/01-03-Serrano-Busso-2-750x498.jpg 750w, https:\/\/atecordoba.org\/wp-content\/uploads\/2021\/03\/01-03-Serrano-Busso-2.jpg 1080w\" sizes=\"auto, (max-width: 485px) 100vw, 485px\" \/><\/a><figcaption id=\"caption-attachment-24586\" class=\"wp-caption-text\">Enrique Busso, intendente de Serrano.<\/figcaption><\/figure>\n<p>Ya en su cuarto mandato como intendente, <strong>Enrique Busso parece determinado a &#8220;mandar&#8221; a las trabajadoras\/es de Serrano<\/strong> -localidad ubicada al Sur del Departamento Roque S\u00e1enz Pe\u00f1a, a 380 kms de C\u00f3rdoba Capital y 50 de Laboulaye-,<strong> como si fuera patr\u00f3n de estancia del siglo XIX<\/strong>. Ser\u00e1 que los 100 a\u00f1os que cumple el pueblo el pr\u00f3ximo agosto no han servido para que el funcionario municipal (que mucho sabe del oficio tras tanto tiempo en la funci\u00f3n p\u00fablica) pueda aceptar que existan diversas organizaciones en la representaci\u00f3n de quienes, d\u00eda a d\u00eda, permiten que el Municipio realice todas sus tareas, es decir, quienes trabajan en el Estado local.<\/p>\n<p>Lo cierto es que el intendente de Serrano -hermano del Ministro de Agricultura y Ganader\u00eda de la Provincia de C\u00f3rdoba, Sergio Busso, y t\u00edo de la Legisladora Mar\u00eda Victoria Busso-,<strong> pareciera tener una cobertura especial para decir y hacer sin medir -ni pagar- consecuencia alguna.<\/strong> Los avasallamientos, persecuciones y el ninguneo que sufren las compa\u00f1eras y compa\u00f1eros de ATE en la localidad se constituyen como casos grav\u00edsimos de perjuicio contra el cumplimiento de la legislaci\u00f3n laboral vigente en materia de libertad y democracia sindical en el sector p\u00fablico argentino. <strong>Los audios de un grupo de Whatsapp, viralizados el pasado viernes en el pueblo, donde -con nombre y apellido- Busso se dirige con todo tipo de apelativos e improperios a trabajadores afiliados a ATE es prueba fehaciente de lo que hace mucho tiempo las trabajadoras y trabajadores municipales vienen denunciando.<\/strong> A estos &#8220;malos tratos&#8221; se les suman medidas administrativas contrarias a derecho, como ser los <strong>descuentos que, de manera arbitraria, el intendente orden\u00f3 realizar contra el personal que se desempe\u00f1aba y recib\u00eda el adicional de ley por &#8220;tareas de riesgo&#8221; efectuado sobre &#8220;personas de riesgo&#8221;<\/strong>, eximidas por el Decreto del Poder Ejecutivo Nacional de realizar sus tareas habituales ya que las mismas implican un riesgo desproporcionado a su salud -vista la situaci\u00f3n de pandemia por la que atravesamos-. Ante este caso, ATE interpuso un recurso de reconsideraci\u00f3n reclamando la nulidad de la medida y la devoluci\u00f3n del \u00edtem descontado visto que por la tarea por la que est\u00e1 contratada el personal le corresponde, &#8220;objetivamente&#8221;, el adicional por tarea riesgosa, a pesar de que alguno de los miembros afectados a ella no puedan realizarla mientras persistan las disposiciones sanitarias especiales por este per\u00edodo de pandemia. Dicha actuaci\u00f3n no fue respondida ni subsanada y, como contrapartida, solo se intensificaron los aprietes de la patronal para con las y los trabajadores afiliados\/as a ATE.<\/p>\n<p>Por todo ello, desde el Consejo Directivo provincial de ATE C\u00f3rdoba<strong> reclamamos el cese de la persecuci\u00f3n, el retractamiento p\u00fablico de los agravios vertidos por el Intendente Enrique Busso contra personas trabajadoras del Municipio -visto el caracter p\u00fablico que tomaron sus dichos- y la vuelta atr\u00e1s de las actuaciones administrativas que invisten un perjuicio contra el salario de las y los trabajadores de riesgo con adicional por tarea riesgosa en la Municipalidad de Serrano.<\/strong><\/p>\n","protected":false},"excerpt":{"rendered":"<p>Ya en su cuarto mandato como intendente, Enrique Busso parece determinado a &#8220;mandar&#8221; a las trabajadoras\/es de Serrano -localidad ubicada al Sur del Departamento Roque S\u00e1enz Pe\u00f1a, a 380 kms de C\u00f3rdoba Capital y 50 de Laboulaye-, como si fuera patr\u00f3n de estancia del siglo XIX. Ser\u00e1 que los 100 a\u00f1os que cumple el pueblo [&hellip;]<\/p>\n","protected":false},"author":6,"featured_media":24585,"comment_status":"open","ping_status":"open","sticky":false,"template":"","format":"standard","meta":{"_exactmetrics_skip_tracking":false,"_exactmetrics_sitenote_active":false,"_exactmetrics_sitenote_note":"","_exactmetrics_sitenote_category":0,"jnews-multi-image_gallery":[],"jnews_single_post":{"source_name":"","source_url":"","via_name":"","via_url":"","override_template":"0","override":[{"template":"1","single_blog_custom":"","parallax":"1","fullscreen":"0","layout":"right-sidebar","sidebar":"default-sidebar","second_sidebar":"default-sidebar","sticky_sidebar":"1","share_position":"top","share_float_style":"share-monocrhome","show_share_counter":"1","show_view_counter":"1","show_featured":"1","show_post_meta":"1","show_post_author":"1","show_post_author_image":"1","show_post_date":"1","post_date_format":"default","post_date_format_custom":"Y\/m\/d","show_post_category":"1","show_post_reading_time":"0","post_reading_time_wpm":"300","show_zoom_button":"0","zoom_button_out_step":"2","zoom_button_in_step":"3","show_post_tag":"1","show_prev_next_post":"1","show_popup_post":"1","number_popup_post":"1","show_author_box":"0","show_post_related":"0","show_inline_post_related":"0"}],"override_image_size":"0","image_override":[{"single_post_thumbnail_size":"crop-500","single_post_gallery_size":"crop-500"}],"trending_post":"0","trending_post_position":"meta","trending_post_label":"Trending","sponsored_post":"0","sponsored_post_label":"Sponsored by","sponsored_post_name":"","sponsored_post_url":"","sponsored_post_logo_enable":"0","sponsored_post_logo":"","sponsored_post_desc":""},"jnews_primary_category":{"id":""},"jnews_social_meta":{"fb_title":"","fb_description":"","fb_image":"","twitter_title":"","twitter_description":"","twitter_image":""},"jnews_review":[],"enable_review":"0","type":"percentage","name":"","summary":"","brand":"","sku":"","good":[{"good_text":""}],"bad":[{"bad_text":""}],"score_override":"","override_value":"","rating":[{"rating_text":"","rating_number":"10"}],"price":[{"shop":"","price":"","link":"","icon":""}],"jnews_override_counter":{"override_view_counter":"0","view_counter_number":"0","override_share_counter":"0","share_counter_number":"0","override_like_counter":"0","like_counter_number":"0","override_dislike_counter":"0","dislike_counter_number":"0"},"jnews_post_split":{"enable_post_split":"0","post_split":[{"template":"1","tag":"h2","numbering":"asc","mode":"normal"}]},"footnotes":""},"categories":[149,53,20],"tags":[],"class_list":["post-24584","post","type-post","status-publish","format-standard","has-post-thumbnail","hentry","category-adelia-maria","category-comunicados-de-prensa","category-municipales"],"jetpack_featured_media_url":"https:\/\/atecordoba.org\/wp-content\/uploads\/2021\/03\/01-03-Serrano-Busso.jpg","_links":{"self":[{"href":"https:\/\/atecordoba.org\/index.php?rest_route=\/wp\/v2\/posts\/24584","targetHints":{"allow":["GET"]}}],"collection":[{"href":"https:\/\/atecordoba.org\/index.php?rest_route=\/wp\/v2\/posts"}],"about":[{"href":"https:\/\/atecordoba.org\/index.php?rest_route=\/wp\/v2\/types\/post"}],"author":[{"embeddable":true,"href":"https:\/\/atecordoba.org\/index.php?rest_route=\/wp\/v2\/users\/6"}],"replies":[{"embeddable":true,"href":"https:\/\/atecordoba.org\/index.php?rest_route=%2Fwp%2Fv2%2Fcomments&post=24584"}],"version-history":[{"count":2,"href":"https:\/\/atecordoba.org\/index.php?rest_route=\/wp\/v2\/posts\/24584\/revisions"}],"predecessor-version":[{"id":24588,"href":"https:\/\/atecordoba.org\/index.php?rest_route=\/wp\/v2\/posts\/24584\/revisions\/24588"}],"wp:featuredmedia":[{"embeddable":true,"href":"https:\/\/atecordoba.org\/index.php?rest_route=\/wp\/v2\/media\/24585"}],"wp:attachment":[{"href":"https:\/\/atecordoba.org\/index.php?rest_route=%2Fwp%2Fv2%2Fmedia&parent=24584"}],"wp:term":[{"taxonomy":"category","embeddable":true,"href":"https:\/\/atecordoba.org\/index.php?rest_route=%2Fwp%2Fv2%2Fcategories&post=24584"},{"taxonomy":"post_tag","embeddable":true,"href":"https:\/\/atecordoba.org\/index.php?rest_route=%2Fwp%2Fv2%2Ftags&post=24584"}],"curies":[{"name":"wp","href":"https:\/\/api.w.org\/{rel}","templated":true}]}}