{"id":24539,"date":"2021-02-25T13:43:43","date_gmt":"2021-02-25T16:43:43","guid":{"rendered":"https:\/\/atecordoba.org\/?p=24539"},"modified":"2021-02-25T13:58:05","modified_gmt":"2021-02-25T16:58:05","slug":"ate-logra-la-reincorporacion-de-una-trabajadora-de-la-senaf","status":"publish","type":"post","link":"https:\/\/atecordoba.org\/?p=24539","title":{"rendered":"ATE logra la reincorporaci\u00f3n de una trabajadora de la Senaf"},"content":{"rendered":"<p><img loading=\"lazy\" decoding=\"async\" class=\" wp-image-24540 aligncenter\" src=\"https:\/\/atecordoba.org\/wp-content\/uploads\/2021\/02\/WhatsApp-Image-2021-02-25-at-12.51.25-225x300.jpeg\" alt=\"\" width=\"302\" height=\"403\" srcset=\"https:\/\/atecordoba.org\/wp-content\/uploads\/2021\/02\/WhatsApp-Image-2021-02-25-at-12.51.25-225x300.jpeg 225w, https:\/\/atecordoba.org\/wp-content\/uploads\/2021\/02\/WhatsApp-Image-2021-02-25-at-12.51.25-768x1024.jpeg 768w, https:\/\/atecordoba.org\/wp-content\/uploads\/2021\/02\/WhatsApp-Image-2021-02-25-at-12.51.25-750x1000.jpeg 750w, https:\/\/atecordoba.org\/wp-content\/uploads\/2021\/02\/WhatsApp-Image-2021-02-25-at-12.51.25.jpeg 864w\" sizes=\"auto, (max-width: 302px) 100vw, 302px\" \/>En una reuni\u00f3n mantenida hoy entre ATE y la Senaf en el Complejo Pizzurno, se notific\u00f3 la pr\u00f3xima reincorporaci\u00f3n de una trabajadora despedida en 2020, cuando encabezaba el organismo Jos\u00e9 Pi\u00f1ero.<\/p>\n<p>En la oportunidad, estuvieron reunidos el secretario General de ATE C\u00f3rdoba, Federico Giuliani, la secretaria de Prensa, Julia Giuliani, junto con la nueva funcionaria a cargo de la Senaf, Georgina Tavella.<\/p>\n<p>La audiencia fue convocada por Tavella, interesada en retomar la agenda establecida en una audiencia previa con el ministro de Justicia y Derechos Humanos, Juli\u00e1n L\u00f3pez, y con ella misma.<\/p>\n<p>En diciembre, en la reuni\u00f3n mencionada, ATE logr\u00f3 la reinstalaci\u00f3n de la delegada del sector, Virginia Ayala, tambi\u00e9n v\u00edctima del accionar arbitrario de Pi\u00f1ero.<\/p>\n<p>&#8220;Quedamos en seguir trabajando en la agenda en com\u00fan&#8221; dijo Julia Giuliani al finalizar el c\u00f3nclave.<\/p>\n<p>Y agreg\u00f3: &#8220;con mandato de la asamblea realizar ayer en Senaf, ahora el camino es avanzar en cuestiones concretas para beneficio de los trabajadores del sector y de la poblaci\u00f3n vulnerada que atiende este organismo&#8221;.<\/p>\n<p>Jos\u00e9 Pi\u00f1ero, ex funcionario que estaba denunciado por los malos tratos con las y los trabajadores de Senaf y por los despidos, traslados y por persecuci\u00f3n y amedrentamiento del personal, debi\u00f3 renunciar tras estallar la denuncia del abuso de una ni\u00f1a que una de las dependencias a su cargo.<\/p>\n<p>&nbsp;<\/p>\n","protected":false},"excerpt":{"rendered":"<p>En una reuni\u00f3n mantenida hoy entre ATE y la Senaf en el Complejo Pizzurno, se notific\u00f3 la pr\u00f3xima reincorporaci\u00f3n de una trabajadora despedida en 2020, cuando encabezaba el organismo Jos\u00e9 Pi\u00f1ero. En la oportunidad, estuvieron reunidos el secretario General de ATE C\u00f3rdoba, Federico Giuliani, la secretaria de Prensa, Julia Giuliani, junto con la nueva funcionaria [&hellip;]<\/p>\n","protected":false},"author":7,"featured_media":24540,"comment_status":"open","ping_status":"open","sticky":true,"template":"","format":"standard","meta":{"_exactmetrics_skip_tracking":false,"_exactmetrics_sitenote_active":false,"_exactmetrics_sitenote_note":"","_exactmetrics_sitenote_category":0,"jnews-multi-image_gallery":[],"jnews_single_post":{"source_name":"","source_url":"","via_name":"","via_url":"","override_template":"0","override":[{"template":"1","single_blog_custom":"","parallax":"1","fullscreen":"0","layout":"right-sidebar","sidebar":"default-sidebar","second_sidebar":"default-sidebar","sticky_sidebar":"1","share_position":"top","share_float_style":"share-monocrhome","show_share_counter":"1","show_view_counter":"1","show_featured":"1","show_post_meta":"1","show_post_author":"1","show_post_author_image":"1","show_post_date":"1","post_date_format":"default","post_date_format_custom":"Y\/m\/d","show_post_category":"1","show_post_reading_time":"0","post_reading_time_wpm":"300","show_zoom_button":"0","zoom_button_out_step":"2","zoom_button_in_step":"3","show_post_tag":"1","show_prev_next_post":"1","show_popup_post":"1","number_popup_post":"1","show_author_box":"0","show_post_related":"0","show_inline_post_related":"0"}],"override_image_size":"0","image_override":[{"single_post_thumbnail_size":"crop-500","single_post_gallery_size":"crop-500"}],"trending_post":"0","trending_post_position":"meta","trending_post_label":"Trending","sponsored_post":"0","sponsored_post_label":"Sponsored by","sponsored_post_name":"","sponsored_post_url":"","sponsored_post_logo_enable":"0","sponsored_post_logo":"","sponsored_post_desc":""},"jnews_primary_category":{"id":""},"jnews_social_meta":{"fb_title":"","fb_description":"","fb_image":"","twitter_title":"","twitter_description":"","twitter_image":""},"jnews_review":[],"enable_review":"0","type":"percentage","name":"","summary":"","brand":"","sku":"","good":[{"good_text":""}],"bad":[{"bad_text":""}],"score_override":"","override_value":"","rating":[{"rating_text":"","rating_number":"10"}],"price":[{"shop":"","price":"","link":"","icon":""}],"jnews_override_counter":{"override_view_counter":"0","view_counter_number":"0","override_share_counter":"0","share_counter_number":"0","override_like_counter":"0","like_counter_number":"0","override_dislike_counter":"0","dislike_counter_number":"0"},"jnews_post_split":{"enable_post_split":"0","post_split":[{"template":"1","tag":"h2","numbering":"asc","mode":"normal"}]},"footnotes":""},"categories":[8],"tags":[457],"class_list":["post-24539","post","type-post","status-publish","format-standard","has-post-thumbnail","hentry","category-provinciales","tag-senaf"],"jetpack_featured_media_url":"https:\/\/atecordoba.org\/wp-content\/uploads\/2021\/02\/WhatsApp-Image-2021-02-25-at-12.51.25.jpeg","_links":{"self":[{"href":"https:\/\/atecordoba.org\/index.php?rest_route=\/wp\/v2\/posts\/24539","targetHints":{"allow":["GET"]}}],"collection":[{"href":"https:\/\/atecordoba.org\/index.php?rest_route=\/wp\/v2\/posts"}],"about":[{"href":"https:\/\/atecordoba.org\/index.php?rest_route=\/wp\/v2\/types\/post"}],"author":[{"embeddable":true,"href":"https:\/\/atecordoba.org\/index.php?rest_route=\/wp\/v2\/users\/7"}],"replies":[{"embeddable":true,"href":"https:\/\/atecordoba.org\/index.php?rest_route=%2Fwp%2Fv2%2Fcomments&post=24539"}],"version-history":[{"count":3,"href":"https:\/\/atecordoba.org\/index.php?rest_route=\/wp\/v2\/posts\/24539\/revisions"}],"predecessor-version":[{"id":24543,"href":"https:\/\/atecordoba.org\/index.php?rest_route=\/wp\/v2\/posts\/24539\/revisions\/24543"}],"wp:featuredmedia":[{"embeddable":true,"href":"https:\/\/atecordoba.org\/index.php?rest_route=\/wp\/v2\/media\/24540"}],"wp:attachment":[{"href":"https:\/\/atecordoba.org\/index.php?rest_route=%2Fwp%2Fv2%2Fmedia&parent=24539"}],"wp:term":[{"taxonomy":"category","embeddable":true,"href":"https:\/\/atecordoba.org\/index.php?rest_route=%2Fwp%2Fv2%2Fcategories&post=24539"},{"taxonomy":"post_tag","embeddable":true,"href":"https:\/\/atecordoba.org\/index.php?rest_route=%2Fwp%2Fv2%2Ftags&post=24539"}],"curies":[{"name":"wp","href":"https:\/\/api.w.org\/{rel}","templated":true}]}}