{"id":2452,"date":"2013-03-12T19:44:13","date_gmt":"2013-03-12T22:44:13","guid":{"rendered":"http:\/\/www.atecordoba.org\/?p=2452"},"modified":"2013-03-12T19:44:13","modified_gmt":"2013-03-12T22:44:13","slug":"criminalizacion-de-la-protesta-dirigentes-de-ate-enjuiciados-por-defender-a-los-estatales","status":"publish","type":"post","link":"https:\/\/atecordoba.org\/?p=2452","title":{"rendered":"Criminalizaci\u00f3n de la protesta: dirigentes de ATE enjuiciados por defender a los estatales"},"content":{"rendered":"<p><em>La Asociaci\u00f3n Trabajadores del Estado realizar\u00e1a una conferencia de prensa para ma\u00f1ana mi\u00e9rcoles 13 a las 11 hs. en la sede del Consejo Directivo Nacional de ATE, encabezada por el Secretario General del gremio, Julio Fuentes, para expresar ante la opini\u00f3n p\u00fablica la preocupaci\u00f3n de ATE en relaci\u00f3n a la veintena de dirigentes del sindicato sometidos a procesos judiciales por defender los derechos de los estatales.<\/em><\/p>\n<p><a href=\"http:\/\/www.atecordoba.org\/wp-content\/uploads\/2013\/03\/ate-marcha.jpg\"><img loading=\"lazy\" decoding=\"async\" class=\"aligncenter size-full wp-image-2453\" title=\"ate marcha\" src=\"http:\/\/www.atecordoba.org\/wp-content\/uploads\/2013\/03\/ate-marcha.jpg\" alt=\"\" width=\"310\" height=\"246\" \/><\/a><\/p>\n<p>Adem\u00e1s, se precisar\u00e1n detalles sobre los juicios que se les iniciar\u00e1n el 18 de marzo a Julio Fuentes y a otros cuatro neuquinos, m\u00e1s el previsto para el 8 de abril a cuatro compa\u00f1eros de la junta interna del Hospital Garrahan.\u00a0<strong>Asimismo, se \u00a0anunciar\u00e1n medidas de fuerza al respecto.<\/strong><\/p>\n<div>\n<p>La irregularidad de estos procesos demuestra que la judicializaci\u00f3n de la protesta gremial es la herramienta extorsiva del poder pol\u00edtico en un contexto de agudizaci\u00f3n de la puja distributiva entre los trabajadores y el Estado.<\/p>\n<p>Adoptando una pr\u00e1ctica que imparti\u00f3 y de la que abus\u00f3 el menemismo, el poder pol\u00edtico recurre a figuras como la de la coacci\u00f3n agravada instaurada durante la dictadura de Ongan\u00eda, para acusar deliberadamente a compa\u00f1eros en el \u00e1mbito de la Justicia.\u00a0 El c\u00f3digo penal, como sostiene el abogado de ATE y CTA Juan Carlos Capurro, es para quien conscientemente comete un crimen. El pueblo, la familia, los trabajadores no cometen un delito a la hora de salir a la calle a reclamar lo que es justo. En este sentido, la aplicaci\u00f3n de la figura de la coacci\u00f3n agravada es ilegal.<\/p>\n<p><strong>ATE es el gremio m\u00e1s espiado por los servicios<\/strong><\/p>\n<p>La Asociaci\u00f3n de Trabajadores del Estado (ATE-CTA) tiene el discutible m\u00e9rito de ser el gremio m\u00e1s espiado en el marco del Proyecto X. Nuestro secretario general Julio Fuentes, qui\u00e9n como otros 380 compa\u00f1eros est\u00e1 procesado en el marco de la persecuci\u00f3n gremial que sufren sindicatos y organizaciones sociales, advirti\u00f3 que ATE se presentar\u00e1 como querellante, en el marco de las investigaciones del espionaje ejercido a trav\u00e9s de la Gendarmer\u00eda.<\/p>\n<p><a href=\"http:\/\/www.atecordoba.org\/wp-content\/uploads\/2013\/03\/julio-fuentes-2.jpg\"><img loading=\"lazy\" decoding=\"async\" class=\"aligncenter size-medium wp-image-2454\" title=\"julio fuentes 2\" src=\"http:\/\/www.atecordoba.org\/wp-content\/uploads\/2013\/03\/julio-fuentes-2-287x300.jpg\" alt=\"\" width=\"287\" height=\"300\" \/><\/a><\/p>\n<p>&#8220;Estamos en democracia. No est\u00e1 bien espiar a los dirigentes sociales ni criminalizar la protesta. Ellos son los que deben salir de la ilegalidad. La Asociaci\u00f3n Trabajadores del Estado es el gremio que tiene m\u00e1s menciones en el listado que hizo la Gendarmer\u00eda sobre las \u201cPrincipales organizaciones que originaron las expresiones sociales monitoreadas por la fuerza\u201d.<\/p>\n<p>Sentirse espiados, observados en toda la estructura de su organizaci\u00f3n, ha despertado una \u201cprofunda preocupaci\u00f3n\u201d entre los afiliados al gremio estatal, que suman 220 mil en todo el pa\u00eds\u201d, se\u00f1al\u00f3 fuentes en declaraciones a la prensa de Buenos Aires.<\/p>\n<p>Y agreg\u00f3: \u201cnuestras actividades son p\u00fablicas: hacemos asambleas en los pasillos de un hospital, en recintos abiertos, discutimos p\u00fablicamente nuestras decisiones, nada de lo nuestro es secreto\u201d.<\/p>\n<p>\u201cSe habr\u00e1n metido f\u00e1cilmente a mirar, pero una cosa es eso y otra es este accionar, con se\u00f1alamientos ideol\u00f3gicos, que se utilizan adem\u00e1s para denunciarnos ante la Justicia\u201d, advierti\u00f3 Fuentes, quien afronta un juicio por \u201ccoacci\u00f3n agravada\u201d por incidentes que se produjeron en una movilizaci\u00f3n en Neuqu\u00e9n, a comienzos de 2002.<\/p>\n<p>\u201cTenemos 380 compa\u00f1eros procesados. No es posible que quieran resolver una huelga con el C\u00f3digo Penal\u201d, reclam\u00f3 el dirigente, que preside actualmente la Confederaci\u00f3n Latinoamericana de Trabajadores Estatales.<\/p>\n<p>ATE pedir\u00e1 esta semana ser parte querellante en la causa que investiga el espionaje de Gendarmer\u00eda. Seg\u00fan la investigaci\u00f3n judicial, los partes de inteligencia mencionan a trabajadores de distintas ramas del gremio estatal: los trabajadores del Teatro Col\u00f3n, los empleados del INDEC, los del SENASA, los de la Administraci\u00f3n P\u00fablica Nacional, los que se desempe\u00f1an en el Ministerio de Trabajo, los que trabajan en el PAMI, en la Administraci\u00f3n de Parques Nacionales y los que militan tambi\u00e9n en la Central de Trabajadores de la Argentina (CTA), que transit\u00f3 la d\u00e9cada kirchnerista sin haber conseguido el reconocimiento legal que tantas veces le prometieron.<\/p>\n<p>En las movilizaciones del 25 de febrero pasado, ATE reclam\u00f3 aumentos de salarios, equiparaci\u00f3n de las asignaciones familiares y el 82% m\u00f3vil para los jubilados.<\/p>\n<\/div>\n","protected":false},"excerpt":{"rendered":"<p>La Asociaci\u00f3n Trabajadores del Estado realizar\u00e1a una conferencia de prensa para ma\u00f1ana mi\u00e9rcoles 13 a las 11 hs. en la sede del Consejo Directivo Nacional de ATE, encabezada por el Secretario General del gremio, Julio Fuentes, para expresar ante la opini\u00f3n p\u00fablica la preocupaci\u00f3n de ATE en relaci\u00f3n a la veintena de dirigentes del sindicato [&hellip;]<\/p>\n","protected":false},"author":1,"featured_media":19220,"comment_status":"open","ping_status":"open","sticky":false,"template":"","format":"standard","meta":{"_exactmetrics_skip_tracking":false,"_exactmetrics_sitenote_active":false,"_exactmetrics_sitenote_note":"","_exactmetrics_sitenote_category":0,"jnews-multi-image_gallery":[],"jnews_single_post":[],"jnews_primary_category":[],"jnews_social_meta":[],"jnews_review":[],"enable_review":"","type":"","name":"","summary":"","brand":"","sku":"","good":[],"bad":[],"score_override":"","override_value":"","rating":[],"price":[],"jnews_override_counter":[],"jnews_post_split":[],"footnotes":""},"categories":[18],"tags":[],"class_list":["post-2452","post","type-post","status-publish","format-standard","has-post-thumbnail","hentry","category-nacionales"],"jetpack_featured_media_url":"https:\/\/atecordoba.org\/wp-content\/uploads\/2020\/05\/logo-nuevochico-e1561581322808.png","_links":{"self":[{"href":"https:\/\/atecordoba.org\/index.php?rest_route=\/wp\/v2\/posts\/2452","targetHints":{"allow":["GET"]}}],"collection":[{"href":"https:\/\/atecordoba.org\/index.php?rest_route=\/wp\/v2\/posts"}],"about":[{"href":"https:\/\/atecordoba.org\/index.php?rest_route=\/wp\/v2\/types\/post"}],"author":[{"embeddable":true,"href":"https:\/\/atecordoba.org\/index.php?rest_route=\/wp\/v2\/users\/1"}],"replies":[{"embeddable":true,"href":"https:\/\/atecordoba.org\/index.php?rest_route=%2Fwp%2Fv2%2Fcomments&post=2452"}],"version-history":[{"count":0,"href":"https:\/\/atecordoba.org\/index.php?rest_route=\/wp\/v2\/posts\/2452\/revisions"}],"wp:featuredmedia":[{"embeddable":true,"href":"https:\/\/atecordoba.org\/index.php?rest_route=\/wp\/v2\/media\/19220"}],"wp:attachment":[{"href":"https:\/\/atecordoba.org\/index.php?rest_route=%2Fwp%2Fv2%2Fmedia&parent=2452"}],"wp:term":[{"taxonomy":"category","embeddable":true,"href":"https:\/\/atecordoba.org\/index.php?rest_route=%2Fwp%2Fv2%2Fcategories&post=2452"},{"taxonomy":"post_tag","embeddable":true,"href":"https:\/\/atecordoba.org\/index.php?rest_route=%2Fwp%2Fv2%2Ftags&post=2452"}],"curies":[{"name":"wp","href":"https:\/\/api.w.org\/{rel}","templated":true}]}}