{"id":24505,"date":"2021-02-24T13:13:22","date_gmt":"2021-02-24T16:13:22","guid":{"rendered":"https:\/\/atecordoba.org\/?p=24505"},"modified":"2021-02-24T15:04:54","modified_gmt":"2021-02-24T18:04:54","slug":"asamblea-de-provinciales-de-ate-rechazo-pauta-salarial-y-declaro-el-estado-de-asamblea-y-movilizacion-permanente","status":"publish","type":"post","link":"https:\/\/atecordoba.org\/?p=24505","title":{"rendered":"Plenario de provinciales de ATE rechaz\u00f3 pauta salarial y declar\u00f3 el Estado de Alerta y Movilizaci\u00f3n Permanente"},"content":{"rendered":"<p><img loading=\"lazy\" decoding=\"async\" class=\"alignnone wp-image-24507 size-large\" src=\"https:\/\/atecordoba.org\/wp-content\/uploads\/2021\/02\/24-02-Mesa-Asamblea-Provinciales-5-e1614182726266-1024x576.jpeg\" alt=\"\" width=\"1024\" height=\"576\" srcset=\"https:\/\/atecordoba.org\/wp-content\/uploads\/2021\/02\/24-02-Mesa-Asamblea-Provinciales-5-e1614182726266-1024x576.jpeg 1024w, https:\/\/atecordoba.org\/wp-content\/uploads\/2021\/02\/24-02-Mesa-Asamblea-Provinciales-5-e1614182726266-300x169.jpeg 300w, https:\/\/atecordoba.org\/wp-content\/uploads\/2021\/02\/24-02-Mesa-Asamblea-Provinciales-5-e1614182726266-768x432.jpeg 768w, https:\/\/atecordoba.org\/wp-content\/uploads\/2021\/02\/24-02-Mesa-Asamblea-Provinciales-5-e1614182726266-750x422.jpeg 750w, https:\/\/atecordoba.org\/wp-content\/uploads\/2021\/02\/24-02-Mesa-Asamblea-Provinciales-5-e1614182726266-1140x641.jpeg 1140w, https:\/\/atecordoba.org\/wp-content\/uploads\/2021\/02\/24-02-Mesa-Asamblea-Provinciales-5-e1614182726266.jpeg 1280w\" sizes=\"auto, (max-width: 1024px) 100vw, 1024px\" \/><\/p>\n<p>Otra vez, en lo que constituye una remanida pr\u00e1ctica del \u201cCordobesismo\u201d en m\u00e1s de dos d\u00e9cadas de Gobierno en la Provincia,<strong> se volvi\u00f3 a imponer un Acuerdo Salarial con los gremios amigos,<\/strong> con porcentajes tan magros que condenan a los trabajadores y trabajadoras de la Provincia a sobrevivir bajo la L\u00ednea de la Pobreza en la mayor\u00eda de los casos.<\/p>\n<p><strong>Rechazamos por insuficiente e irrisoria la pauta salarial de un 20 % de aumento en tres veces.<\/strong> Lo acordado no se condice con la disparada de los precios, fundamentalmente de los alimentos, del tarifazo por goteo que se viene dando con los aumentos de combustible, el pr\u00f3ximo descongelamiento de las tarifas de los servicios de electricidad, agua y gas, entre otros.<\/p>\n<p>Una familia tipo necesit\u00f3 en diciembre del 2020 $82.085,90 para satisfacer sus necesidades. Esto es lo que necesita un hogar de trabajadoras\/es (pareja de 35 a\u00f1os con dos hijos en edad escolar), seg\u00fan el relevamiento de la Junta Interna de ATE-INDEC. Significa que se necesitan cuatro salarios m\u00ednimos para no ser pobres. El Salario M\u00ednimo, Vital y M\u00f3vil est\u00e1 actualmente en $20.587 y pasar\u00e1 a ser de $21.600 pesos a partir de marzo. Una verg\u00fcenza.<\/p>\n<p><img loading=\"lazy\" decoding=\"async\" class=\"alignright wp-image-24508 \" src=\"https:\/\/atecordoba.org\/wp-content\/uploads\/2021\/02\/24-02-Mesa-Asamblea-Provinciales-300x169.jpeg\" alt=\"\" width=\"426\" height=\"240\" srcset=\"https:\/\/atecordoba.org\/wp-content\/uploads\/2021\/02\/24-02-Mesa-Asamblea-Provinciales-300x169.jpeg 300w, https:\/\/atecordoba.org\/wp-content\/uploads\/2021\/02\/24-02-Mesa-Asamblea-Provinciales-1024x576.jpeg 1024w, https:\/\/atecordoba.org\/wp-content\/uploads\/2021\/02\/24-02-Mesa-Asamblea-Provinciales-768x432.jpeg 768w, https:\/\/atecordoba.org\/wp-content\/uploads\/2021\/02\/24-02-Mesa-Asamblea-Provinciales-750x422.jpeg 750w, https:\/\/atecordoba.org\/wp-content\/uploads\/2021\/02\/24-02-Mesa-Asamblea-Provinciales-1140x641.jpeg 1140w, https:\/\/atecordoba.org\/wp-content\/uploads\/2021\/02\/24-02-Mesa-Asamblea-Provinciales.jpeg 1280w\" sizes=\"auto, (max-width: 426px) 100vw, 426px\" \/>Estos son los datos crudos de la econom\u00eda real que padecen las y los trabajadores\/as estatales de C\u00f3rdoba, una provincia devastada por el sobreendeudamiento, la pobreza, el hambre y el desempleo. M\u00e1s de la mitad de las familias cordobesas accede a los alimentos de la Canasta B\u00e1sica Alimentaria con alguna ayuda del Estado Nacional o Provincial, seg\u00fan se desprende del informe que elabora el Centro de Almaceneros, Autoservicios y Comerciantes Minoristas. Entre ellos, muchas y muchos son compa\u00f1eras y compa\u00f1eros empleados de una de las provincias m\u00e1s ricas del pa\u00eds con mayor cantidad de pobres e indigentes.<\/p>\n<p>Para firmar este pacto espurio a espalda de las y los laburantes, el Gobierno de Schiaretti viol\u00f3 una vez m\u00e1s el Derecho a la Libertad y la Democracia Sindical priorizando la negociaci\u00f3n con los gremios que le aseguran un \u201ccongelamiento del conflicto\u201d. <strong>Desde ATE decimos que mientras no haya trabajo y salarios dignos, no habr\u00e1 paz social.<\/strong><\/p>\n<p>Los mismos que reconocen haber protagonizado el condenable episodio del \u201cVacunatorio VIP\u201d privilegiando a sus funcionarios por sobre el resto de la poblaci\u00f3n, son los que piden a los trabajadores -que somos quienes garantizamos el funcionamiento diario del Estado- que acepten estas migajas.<\/p>\n<figure id=\"attachment_24515\" aria-describedby=\"caption-attachment-24515\" style=\"width: 292px\" class=\"wp-caption alignleft\"><img loading=\"lazy\" decoding=\"async\" class=\"wp-image-24515 \" src=\"https:\/\/atecordoba.org\/wp-content\/uploads\/2021\/02\/24-02-Intimaci\u00f3n-ATE-a-Provincia-para-convocatoria-a-Paritaria-214x300.jpeg\" alt=\"\" width=\"292\" height=\"409\" srcset=\"https:\/\/atecordoba.org\/wp-content\/uploads\/2021\/02\/24-02-Intimaci\u00f3n-ATE-a-Provincia-para-convocatoria-a-Paritaria-214x300.jpeg 214w, https:\/\/atecordoba.org\/wp-content\/uploads\/2021\/02\/24-02-Intimaci\u00f3n-ATE-a-Provincia-para-convocatoria-a-Paritaria-732x1024.jpeg 732w, https:\/\/atecordoba.org\/wp-content\/uploads\/2021\/02\/24-02-Intimaci\u00f3n-ATE-a-Provincia-para-convocatoria-a-Paritaria-768x1075.jpeg 768w, https:\/\/atecordoba.org\/wp-content\/uploads\/2021\/02\/24-02-Intimaci\u00f3n-ATE-a-Provincia-para-convocatoria-a-Paritaria-360x504.jpeg 360w, https:\/\/atecordoba.org\/wp-content\/uploads\/2021\/02\/24-02-Intimaci\u00f3n-ATE-a-Provincia-para-convocatoria-a-Paritaria-750x1050.jpeg 750w, https:\/\/atecordoba.org\/wp-content\/uploads\/2021\/02\/24-02-Intimaci\u00f3n-ATE-a-Provincia-para-convocatoria-a-Paritaria.jpeg 793w\" sizes=\"auto, (max-width: 292px) 100vw, 292px\" \/><figcaption id=\"caption-attachment-24515\" class=\"wp-caption-text\">Intimaci\u00f3n de ATE al Gobierno de la Provincia para ser convocado a la discusi\u00f3n paritaria (presentada hoy mi\u00e9rcoles 24 de febrero de 2021)<\/figcaption><\/figure>\n<p><strong>Nuevamente fuimos ignorados, pese al formal env\u00edo de notas tanto al Ministerio de Salud como a la Casa de Gobierno para participar en la Mesa Paritaria y de Discusi\u00f3n Salarial del Estado Provincial para este 2021,<\/strong> desconociendo nuestra representaci\u00f3n de las y los trabajadores del sector.<\/p>\n<p>En representaci\u00f3n de las y los trabajadores quienes se han expresado en Asamblea, desde los sectores del Estado Provincial organizados en ATE exigimos lo siguiente:<\/p>\n<p>&#8211;\u00a0\u00a0\u00a0\u00a0\u00a0\u00a0\u00a0\u00a0\u00a0\u00a0<strong> Recuperaci\u00f3n inmediata y en un solo pago del 10% del poder adquisitivo perdido en el \u00faltimo per\u00edodo del a\u00f1o 2020.<\/strong><\/p>\n<p>&#8211;\u00a0\u00a0\u00a0\u00a0\u00a0\u00a0\u00a0\u00a0\u00a0\u00a0 <strong>Ning\u00fan trabajador debe percibir un sueldo inicial que se encuentre por debajo de los $56400<\/strong> seg\u00fan el \u00cdndice de Canasta Familiar C\u00f3rdoba, siendo el mismo su salario de base al ingreso a la Administraci\u00f3n P\u00fablica Provincial.<\/p>\n<p>&#8211;\u00a0\u00a0\u00a0\u00a0\u00a0\u00a0\u00a0\u00a0\u00a0\u00a0 Para no seguir perdiendo poder adquisitivo ante la inflaci\u00f3n, exigimos un<strong> aumento no menor al 30 por ciento retroactivo a febrero y que esta pauta se revea en el mes de junio de este a\u00f1o<\/strong>, y en base a \u00edndices de inflaci\u00f3n de C\u00f3rdoba.<\/p>\n<p>&#8211;\u00a0 \u00a0 \u00a0 \u00a0 \u00a0 Que los <strong>Bonos Incentivos otorgados por el Estado Provincial para el sector de trabajadoras\/es hospitalarios<\/strong>, por ser \u00e9stos Servicios Esenciales debido a la exposici\u00f3n y peligro inminente para sus propias vidas y la de sus familiares, <strong>sean incorporados a la asignaci\u00f3n b\u00e1sica de cada agente<\/strong> tanto sea trabajador\/a que se desempe\u00f1e en los nosocomios, de la ley 7233 y\/o 7625. Tambi\u00e9n nos manifestamos que a las\/los administrativos de la <strong>Ley 7233, se les tiene que duplicar el insuficiente monto otorgado -de solo 2.500 pesos-<\/strong> ya que es una cifra tan magra, indigna y en negro que solo demuestra el poco inter\u00e9s y la discriminaci\u00f3n a la que somete a sus trabajadores el Sr Gobernador.<\/p>\n<p>&#8211;\u00a0 \u00a0 \u00a0 \u00a0 \u00a0 Exigimos el inmediato <strong>cese de modelos de precarizaci\u00f3n laboral<\/strong> impuestos hasta la fecha en cualquiera de sus figuras, promoviendo el uso y abuso de los mismos y que colocan a los las y trabajadores\/as en una situaci\u00f3n de abandono, sometimiento y desigualdad en su m\u00e1xima expresi\u00f3n.<\/p>\n<p>&#8211;\u00a0\u00a0\u00a0\u00a0\u00a0\u00a0\u00a0\u00a0\u00a0\u00a0<strong> Que se cubra los planteles de personal necesarios<\/strong> y que hoy faltan, que se respeten las altas por las bajas efectuadas -ya que hace a\u00f1os esto se incumple y afecta a la cobertura de cargos-, a fin de garantizar las prestaciones, la atenci\u00f3n segura, oportuna y eficaz en cada dependencia, lo cual se traduce en mejor atenci\u00f3n al usuario y en evitar la profundizaci\u00f3n de la sobrecarga laboral que ya sufren las\/los trabajadores\/as.<\/p>\n<p>&#8211;\u00a0 \u00a0 \u00a0 \u00a0 \u00a0 <strong>Restituci\u00f3n de la Caja de Jubilaciones a sus verdaderos due\u00f1os<\/strong> que por muchos a\u00f1os y por medio de sus aportes y contribuciones ha sido desfinanciada por los distintos gobiernos de turno, con modificaciones sustanciales y leyes que han destruido el salario jubilatorio de las\/los trabajadores\/as provinciales.<\/p>\n<p>&#8211;\u00a0\u00a0\u00a0\u00a0\u00a0\u00a0\u00a0\u00a0\u00a0\u00a0Desde ATE\u00a0 planteamos con firmeza, que ning\u00fan salario debe perder ante la inflaci\u00f3n. Para nosotras\/os, trabajadoras\/es estatales, <strong>la salida de la crisis econ\u00f3mica y sanitaria es sin ajuste.<\/strong><\/p>\n<p>&#8211;\u00a0 \u00a0 \u00a0 \u00a0 \u00a0 Adem\u00e1s exigimos <strong>condiciones de seguridad e higiene laboral dignas<\/strong> ya que si al d\u00eda de hoy no ha sucedido ninguna cat\u00e1strofe de envergadura contra las y los trabajadores y usuarios\/as -como podr\u00eda haber sido si el desplome del techo del Hospital Misericordia esta semana se habr\u00eda producido una hora despu\u00e9s-, es de pura casualidad. Lo advertimos y hacemos responsable al Gobierno de la Provincia de C\u00f3rdoba por los perjuicios que, al respecto, pudieran ocurrir contra aquellas personas que son obligadas a poner en riesgo su vida en el trabajo por la desidia estatal;<\/p>\n<p>Por todos estos motivos, es que <strong>declaramos el Estado de Alerta, Asamblea y Movilizaci\u00f3n Permanente en todas las dependencias de la administraci\u00f3n p\u00fablica provincial y organismos descentralizados.<\/strong><\/p>\n<p><strong>ATE SIEMPRE EST\u00c1<\/strong><\/p>\n<div id='gallery_1' class='gallery galleryid-24505 gallery-columns-2 gallery-size-thumbnail'><figure class='gallery-item'>\n                <div class='gallery-icon landscape'>\n                    <a href='https:\/\/atecordoba.org\/wp-content\/uploads\/2021\/02\/24-02-Asamblea-Provinciales.jpeg'><img loading=\"lazy\" decoding=\"async\" width=\"150\" height=\"150\" src=\"\" class=\"attachment-thumbnail size-thumbnail lazyload\" alt=\"\" data-src=\"https:\/\/atecordoba.org\/wp-content\/uploads\/2021\/02\/24-02-Asamblea-Provinciales-150x150.jpeg\" data-sizes=\"auto\" data-srcset=\"https:\/\/atecordoba.org\/wp-content\/uploads\/2021\/02\/24-02-Asamblea-Provinciales-150x150.jpeg 150w, https:\/\/atecordoba.org\/wp-content\/uploads\/2021\/02\/24-02-Asamblea-Provinciales-560x560.jpeg 560w, https:\/\/atecordoba.org\/wp-content\/uploads\/2021\/02\/24-02-Asamblea-Provinciales-75x75.jpeg 75w\" data-expand=\"700\" \/><\/a>\n                <\/div><\/figure><figure class='gallery-item'>\n                <div class='gallery-icon landscape'>\n                    <a href='https:\/\/atecordoba.org\/wp-content\/uploads\/2021\/02\/24-02-Mesa-Asamblea-Provinciales-2.jpeg'><img loading=\"lazy\" decoding=\"async\" width=\"150\" height=\"150\" src=\"\" class=\"attachment-thumbnail size-thumbnail lazyload\" alt=\"\" data-src=\"https:\/\/atecordoba.org\/wp-content\/uploads\/2021\/02\/24-02-Mesa-Asamblea-Provinciales-2-150x150.jpeg\" data-sizes=\"auto\" data-srcset=\"https:\/\/atecordoba.org\/wp-content\/uploads\/2021\/02\/24-02-Mesa-Asamblea-Provinciales-2-150x150.jpeg 150w, https:\/\/atecordoba.org\/wp-content\/uploads\/2021\/02\/24-02-Mesa-Asamblea-Provinciales-2-560x560.jpeg 560w, https:\/\/atecordoba.org\/wp-content\/uploads\/2021\/02\/24-02-Mesa-Asamblea-Provinciales-2-75x75.jpeg 75w\" data-expand=\"700\" \/><\/a>\n                <\/div><\/figure><br style=\"clear: both\" \/><figure class='gallery-item'>\n                <div class='gallery-icon landscape'>\n                    <a href='https:\/\/atecordoba.org\/wp-content\/uploads\/2021\/02\/24-02-Mesa-Asamblea-Provinciales-3.jpeg'><img loading=\"lazy\" decoding=\"async\" width=\"150\" height=\"150\" src=\"\" class=\"attachment-thumbnail size-thumbnail lazyload\" alt=\"\" data-src=\"https:\/\/atecordoba.org\/wp-content\/uploads\/2021\/02\/24-02-Mesa-Asamblea-Provinciales-3-150x150.jpeg\" data-sizes=\"auto\" data-srcset=\"https:\/\/atecordoba.org\/wp-content\/uploads\/2021\/02\/24-02-Mesa-Asamblea-Provinciales-3-150x150.jpeg 150w, https:\/\/atecordoba.org\/wp-content\/uploads\/2021\/02\/24-02-Mesa-Asamblea-Provinciales-3-560x560.jpeg 560w, https:\/\/atecordoba.org\/wp-content\/uploads\/2021\/02\/24-02-Mesa-Asamblea-Provinciales-3-75x75.jpeg 75w\" data-expand=\"700\" \/><\/a>\n                <\/div><\/figure><figure class='gallery-item'>\n                <div class='gallery-icon landscape'>\n                    <a href='https:\/\/atecordoba.org\/wp-content\/uploads\/2021\/02\/24-02-Mesa-Asamblea-Provinciales-4.jpeg'><img loading=\"lazy\" decoding=\"async\" width=\"150\" height=\"150\" src=\"\" class=\"attachment-thumbnail size-thumbnail lazyload\" alt=\"\" data-src=\"https:\/\/atecordoba.org\/wp-content\/uploads\/2021\/02\/24-02-Mesa-Asamblea-Provinciales-4-150x150.jpeg\" data-sizes=\"auto\" data-srcset=\"https:\/\/atecordoba.org\/wp-content\/uploads\/2021\/02\/24-02-Mesa-Asamblea-Provinciales-4-150x150.jpeg 150w, https:\/\/atecordoba.org\/wp-content\/uploads\/2021\/02\/24-02-Mesa-Asamblea-Provinciales-4-560x560.jpeg 560w, https:\/\/atecordoba.org\/wp-content\/uploads\/2021\/02\/24-02-Mesa-Asamblea-Provinciales-4-75x75.jpeg 75w\" data-expand=\"700\" \/><\/a>\n                <\/div><\/figure><br style=\"clear: both\" \/>\n            <\/div>\n\n","protected":false},"excerpt":{"rendered":"<p>Otra vez, en lo que constituye una remanida pr\u00e1ctica del \u201cCordobesismo\u201d en m\u00e1s de dos d\u00e9cadas de Gobierno en la Provincia, se volvi\u00f3 a imponer un Acuerdo Salarial con los gremios amigos, con porcentajes tan magros que condenan a los trabajadores y trabajadoras de la Provincia a sobrevivir bajo la L\u00ednea de la Pobreza en [&hellip;]<\/p>\n","protected":false},"author":3,"featured_media":24512,"comment_status":"open","ping_status":"open","sticky":false,"template":"","format":"standard","meta":{"_exactmetrics_skip_tracking":false,"_exactmetrics_sitenote_active":false,"_exactmetrics_sitenote_note":"","_exactmetrics_sitenote_category":0,"jnews-multi-image_gallery":[],"jnews_single_post":{"source_name":"","source_url":"","via_name":"","via_url":"","override_template":"0","override":[{"template":"1","single_blog_custom":"","parallax":"1","fullscreen":"0","layout":"right-sidebar","sidebar":"default-sidebar","second_sidebar":"default-sidebar","sticky_sidebar":"1","share_position":"top","share_float_style":"share-monocrhome","show_share_counter":"1","show_view_counter":"1","show_featured":"1","show_post_meta":"1","show_post_author":"1","show_post_author_image":"1","show_post_date":"1","post_date_format":"default","post_date_format_custom":"Y\/m\/d","show_post_category":"1","show_post_reading_time":"0","post_reading_time_wpm":"300","show_zoom_button":"0","zoom_button_out_step":"2","zoom_button_in_step":"3","show_post_tag":"1","show_prev_next_post":"1","show_popup_post":"1","number_popup_post":"1","show_author_box":"0","show_post_related":"0","show_inline_post_related":"0"}],"override_image_size":"0","image_override":[{"single_post_thumbnail_size":"crop-500","single_post_gallery_size":"crop-500"}],"trending_post":"0","trending_post_position":"meta","trending_post_label":"Trending","sponsored_post":"0","sponsored_post_label":"Sponsored by","sponsored_post_name":"","sponsored_post_url":"","sponsored_post_logo_enable":"0","sponsored_post_logo":"","sponsored_post_desc":""},"jnews_primary_category":{"id":""},"jnews_social_meta":{"fb_title":"","fb_description":"","fb_image":"","twitter_title":"","twitter_description":"","twitter_image":""},"jnews_review":[],"enable_review":"0","type":"percentage","name":"","summary":"","brand":"","sku":"","good":[{"good_text":""}],"bad":[{"bad_text":""}],"score_override":"","override_value":"","rating":[{"rating_text":"","rating_number":"10"}],"price":[{"shop":"","price":"","link":"","icon":""}],"jnews_override_counter":{"override_view_counter":"0","view_counter_number":"0","override_share_counter":"0","share_counter_number":"0","override_like_counter":"0","like_counter_number":"0","override_dislike_counter":"0","dislike_counter_number":"0"},"jnews_post_split":{"enable_post_split":"0","post_split":[{"template":"1","tag":"h2","numbering":"asc","mode":"normal"}]},"footnotes":""},"categories":[53,341,8],"tags":[],"class_list":["post-24505","post","type-post","status-publish","format-standard","has-post-thumbnail","hentry","category-comunicados-de-prensa","category-cdp","category-provinciales"],"jetpack_featured_media_url":"https:\/\/atecordoba.org\/wp-content\/uploads\/2021\/02\/24-02-Mesa-Asamblea-Provinciales-4.jpeg","_links":{"self":[{"href":"https:\/\/atecordoba.org\/index.php?rest_route=\/wp\/v2\/posts\/24505","targetHints":{"allow":["GET"]}}],"collection":[{"href":"https:\/\/atecordoba.org\/index.php?rest_route=\/wp\/v2\/posts"}],"about":[{"href":"https:\/\/atecordoba.org\/index.php?rest_route=\/wp\/v2\/types\/post"}],"author":[{"embeddable":true,"href":"https:\/\/atecordoba.org\/index.php?rest_route=\/wp\/v2\/users\/3"}],"replies":[{"embeddable":true,"href":"https:\/\/atecordoba.org\/index.php?rest_route=%2Fwp%2Fv2%2Fcomments&post=24505"}],"version-history":[{"count":5,"href":"https:\/\/atecordoba.org\/index.php?rest_route=\/wp\/v2\/posts\/24505\/revisions"}],"predecessor-version":[{"id":24519,"href":"https:\/\/atecordoba.org\/index.php?rest_route=\/wp\/v2\/posts\/24505\/revisions\/24519"}],"wp:featuredmedia":[{"embeddable":true,"href":"https:\/\/atecordoba.org\/index.php?rest_route=\/wp\/v2\/media\/24512"}],"wp:attachment":[{"href":"https:\/\/atecordoba.org\/index.php?rest_route=%2Fwp%2Fv2%2Fmedia&parent=24505"}],"wp:term":[{"taxonomy":"category","embeddable":true,"href":"https:\/\/atecordoba.org\/index.php?rest_route=%2Fwp%2Fv2%2Fcategories&post=24505"},{"taxonomy":"post_tag","embeddable":true,"href":"https:\/\/atecordoba.org\/index.php?rest_route=%2Fwp%2Fv2%2Ftags&post=24505"}],"curies":[{"name":"wp","href":"https:\/\/api.w.org\/{rel}","templated":true}]}}