{"id":24496,"date":"2021-02-23T13:33:51","date_gmt":"2021-02-23T16:33:51","guid":{"rendered":"https:\/\/atecordoba.org\/?p=24496"},"modified":"2021-02-23T13:33:51","modified_gmt":"2021-02-23T16:33:51","slug":"ate-logra-un-acuerdo-salarial-en-alejandro-roca-del-20-para-febrero","status":"publish","type":"post","link":"https:\/\/atecordoba.org\/?p=24496","title":{"rendered":"ATE logra un acuerdo salarial en Alejandro Roca del 20% para febrero"},"content":{"rendered":"<p><img loading=\"lazy\" decoding=\"async\" class=\" wp-image-24497 aligncenter\" src=\"https:\/\/atecordoba.org\/wp-content\/uploads\/2021\/02\/alejandro-roca-300x169.jpg\" alt=\"\" width=\"572\" height=\"322\" srcset=\"https:\/\/atecordoba.org\/wp-content\/uploads\/2021\/02\/alejandro-roca-300x169.jpg 300w, https:\/\/atecordoba.org\/wp-content\/uploads\/2021\/02\/alejandro-roca-768x432.jpg 768w, https:\/\/atecordoba.org\/wp-content\/uploads\/2021\/02\/alejandro-roca-750x422.jpg 750w, https:\/\/atecordoba.org\/wp-content\/uploads\/2021\/02\/alejandro-roca.jpg 970w\" sizes=\"auto, (max-width: 572px) 100vw, 572px\" \/>En una reuni\u00f3n llevada a cabo entre las autoridades municipales y el cuerpo de delegados y delegadas de ATE de Alejandro Roca, en el sur provincial, se acord\u00f3 una recomposici\u00f3n salarial del 20% a pagar con los salarios del mes de febrero.<\/p>\n<p>Para el c\u00e1lculo se tomar\u00e1 como base los haberes del mes de enero y el aumento impactar\u00e1 en items como presentismo, refrigerio y puntualidad.<\/p>\n<p>El aumento se aplicar\u00e1 a todo el personal municipal, m\u00e1s all\u00e1 de su condici\u00f3n contractual.<\/p>\n<p>En la oportunidad, participaron de la reuni\u00f3n que deriv\u00f3 en el acta acuerdo la intendenta Adriana Judith Viola -junto a varios funcionarios municipales- y los delegados Ariel Paez, Carlos Bechara y Julio Del Canto.<\/p>\n<p>Para julio de este a\u00f1o est\u00e1 previsto realizar una nueva reuni\u00f3n a los fines de analizar el impacto de la inflaci\u00f3n del corriente en los salarios del sector.<\/p>\n<p>&nbsp;<\/p>\n","protected":false},"excerpt":{"rendered":"<p>En una reuni\u00f3n llevada a cabo entre las autoridades municipales y el cuerpo de delegados y delegadas de ATE de Alejandro Roca, en el sur provincial, se acord\u00f3 una recomposici\u00f3n salarial del 20% a pagar con los salarios del mes de febrero. Para el c\u00e1lculo se tomar\u00e1 como base los haberes del mes de enero [&hellip;]<\/p>\n","protected":false},"author":7,"featured_media":24497,"comment_status":"open","ping_status":"open","sticky":false,"template":"","format":"standard","meta":{"_exactmetrics_skip_tracking":false,"_exactmetrics_sitenote_active":false,"_exactmetrics_sitenote_note":"","_exactmetrics_sitenote_category":0,"jnews-multi-image_gallery":[],"jnews_single_post":{"source_name":"","source_url":"","via_name":"","via_url":"","override_template":"0","override":[{"template":"1","single_blog_custom":"","parallax":"1","fullscreen":"0","layout":"right-sidebar","sidebar":"default-sidebar","second_sidebar":"default-sidebar","sticky_sidebar":"1","share_position":"top","share_float_style":"share-monocrhome","show_share_counter":"1","show_view_counter":"1","show_featured":"1","show_post_meta":"1","show_post_author":"1","show_post_author_image":"1","show_post_date":"1","post_date_format":"default","post_date_format_custom":"Y\/m\/d","show_post_category":"1","show_post_reading_time":"0","post_reading_time_wpm":"300","show_zoom_button":"0","zoom_button_out_step":"2","zoom_button_in_step":"3","show_post_tag":"1","show_prev_next_post":"1","show_popup_post":"1","number_popup_post":"1","show_author_box":"0","show_post_related":"0","show_inline_post_related":"0"}],"override_image_size":"0","image_override":[{"single_post_thumbnail_size":"crop-500","single_post_gallery_size":"crop-500"}],"trending_post":"0","trending_post_position":"meta","trending_post_label":"Trending","sponsored_post":"0","sponsored_post_label":"Sponsored by","sponsored_post_name":"","sponsored_post_url":"","sponsored_post_logo_enable":"0","sponsored_post_logo":"","sponsored_post_desc":""},"jnews_primary_category":{"id":""},"jnews_social_meta":{"fb_title":"","fb_description":"","fb_image":"","twitter_title":"","twitter_description":"","twitter_image":""},"jnews_review":[],"enable_review":"0","type":"percentage","name":"","summary":"","brand":"","sku":"","good":[{"good_text":""}],"bad":[{"bad_text":""}],"score_override":"","override_value":"","rating":[{"rating_text":"","rating_number":"10"}],"price":[{"shop":"","price":"","link":"","icon":""}],"jnews_override_counter":{"override_view_counter":"0","view_counter_number":"0","override_share_counter":"0","share_counter_number":"0","override_like_counter":"0","like_counter_number":"0","override_dislike_counter":"0","dislike_counter_number":"0"},"jnews_post_split":{"enable_post_split":"0","post_split":[{"template":"1","tag":"h2","numbering":"asc","mode":"normal"}]},"footnotes":""},"categories":[20],"tags":[665],"class_list":["post-24496","post","type-post","status-publish","format-standard","has-post-thumbnail","hentry","category-municipales","tag-alejandro-roca"],"jetpack_featured_media_url":"https:\/\/atecordoba.org\/wp-content\/uploads\/2021\/02\/alejandro-roca.jpg","_links":{"self":[{"href":"https:\/\/atecordoba.org\/index.php?rest_route=\/wp\/v2\/posts\/24496","targetHints":{"allow":["GET"]}}],"collection":[{"href":"https:\/\/atecordoba.org\/index.php?rest_route=\/wp\/v2\/posts"}],"about":[{"href":"https:\/\/atecordoba.org\/index.php?rest_route=\/wp\/v2\/types\/post"}],"author":[{"embeddable":true,"href":"https:\/\/atecordoba.org\/index.php?rest_route=\/wp\/v2\/users\/7"}],"replies":[{"embeddable":true,"href":"https:\/\/atecordoba.org\/index.php?rest_route=%2Fwp%2Fv2%2Fcomments&post=24496"}],"version-history":[{"count":1,"href":"https:\/\/atecordoba.org\/index.php?rest_route=\/wp\/v2\/posts\/24496\/revisions"}],"predecessor-version":[{"id":24498,"href":"https:\/\/atecordoba.org\/index.php?rest_route=\/wp\/v2\/posts\/24496\/revisions\/24498"}],"wp:featuredmedia":[{"embeddable":true,"href":"https:\/\/atecordoba.org\/index.php?rest_route=\/wp\/v2\/media\/24497"}],"wp:attachment":[{"href":"https:\/\/atecordoba.org\/index.php?rest_route=%2Fwp%2Fv2%2Fmedia&parent=24496"}],"wp:term":[{"taxonomy":"category","embeddable":true,"href":"https:\/\/atecordoba.org\/index.php?rest_route=%2Fwp%2Fv2%2Fcategories&post=24496"},{"taxonomy":"post_tag","embeddable":true,"href":"https:\/\/atecordoba.org\/index.php?rest_route=%2Fwp%2Fv2%2Ftags&post=24496"}],"curies":[{"name":"wp","href":"https:\/\/api.w.org\/{rel}","templated":true}]}}