{"id":24488,"date":"2021-02-23T12:18:02","date_gmt":"2021-02-23T15:18:02","guid":{"rendered":"https:\/\/atecordoba.org\/?p=24488"},"modified":"2021-02-23T12:33:41","modified_gmt":"2021-02-23T15:33:41","slug":"reunion-de-ate-con-la-jefatura-del-aeropuerto-cordoba-por-la-crisis-de-anac","status":"publish","type":"post","link":"https:\/\/atecordoba.org\/?p=24488","title":{"rendered":"Reuni\u00f3n de ATE con la jefatura del Aeropuerto C\u00f3rdoba por la crisis de ANAC"},"content":{"rendered":"<p style=\"text-align: left;\"><img loading=\"lazy\" decoding=\"async\" class=\" wp-image-24489 aligncenter\" src=\"https:\/\/atecordoba.org\/wp-content\/uploads\/2021\/02\/IMG-20210223-WA0019-300x142.jpg\" alt=\"\" width=\"613\" height=\"290\" srcset=\"https:\/\/atecordoba.org\/wp-content\/uploads\/2021\/02\/IMG-20210223-WA0019-300x142.jpg 300w, https:\/\/atecordoba.org\/wp-content\/uploads\/2021\/02\/IMG-20210223-WA0019-1024x484.jpg 1024w, https:\/\/atecordoba.org\/wp-content\/uploads\/2021\/02\/IMG-20210223-WA0019-768x363.jpg 768w, https:\/\/atecordoba.org\/wp-content\/uploads\/2021\/02\/IMG-20210223-WA0019-750x355.jpg 750w, https:\/\/atecordoba.org\/wp-content\/uploads\/2021\/02\/IMG-20210223-WA0019.jpg 1040w\" sizes=\"auto, (max-width: 613px) 100vw, 613px\" \/>Delegados, delegadas y referentes de ATE \u2013 ANAC de los Servicios Auxiliares mantuvieron una reuni\u00f3n ayer con el Jefe del Aeropuerto Internacional C\u00f3rdoba, Gustavo Bustos, a los fines de abordar la crisis estructural que atraviesa el organismo y fundamentalmente el d\u00e9ficit de dotaci\u00f3n del personal esencial.<\/p>\n<p>Esta situaci\u00f3n se agrav\u00f3 a ra\u00edz de la pandemia, las licencias ordinarias y extraordinarias, la salud del personal y la condici\u00f3n previsional de un alto porcentaje de dicha dotaci\u00f3n.<\/p>\n<p>Conocedores que este cuadro afectara a corto plazo las condiciones para un normal desarrollo de la operatividad aeroportuaria, el saldo de encuentro fue el siguiente:<\/p>\n<ul>\n<li>Realizar gestiones para lograr la vacunaci\u00f3n de todos los trabajadores esenciales del Aeropuerto y de esta manera sobrellevar los impactos que puede acarrear una situaci\u00f3n de contagio del personal.<\/li>\n<li>Se solicit\u00f3 el estricto cumplimiento del protocolo CYMAT y la adaptaci\u00f3n del protocolo general Covid 19 de Anac para cada servicio del aeropuerto. Adem\u00e1s, se plante\u00f3 la urgente soluci\u00f3n de la falta de matafuegos y la prestaci\u00f3n normal del servicio de limpieza.<\/li>\n<li>Se puso en conocimiento las excesivas facultades por parte de agentes de la PSA (que no poseen protocolo) en el puesto del ingreso al servicio, solicitando que las mismas se ajusten a un control razonable, que contemple un trato justo para todo el personal que concurre al aeropuerto.<\/li>\n<li>Se aclar\u00f3 el sistema vigente para el r\u00e9gimen de contribuci\u00f3n o tasa por el derecho de estacionamiento y uso de las cocheras por parte del personal de ANAC. Al respecto, el Jefe de Aeropuerto present\u00f3 notas y tiene hechas las gestiones necesarias. Est\u00e1 claro que el estacionamiento debe ser gratuito para todo el personal ANAC que presta servicios en el aeropuerto. Asimismo desde nuestra organizaci\u00f3n y con apoyo de la Jefatura de Aeropuerto coordinaremos la puesta en marcha de un plan de trabajo para el mejoramiento y limpieza de la zona de estacionamiento.<\/li>\n<li>Se solicit\u00f3 que si bien aun no se registra la vuelta de los vuelos internacionales, es materia pendiente la designaci\u00f3n de personal de Sanidad de Frontera y las funciones a implementar, convencidos de que la Sanidad Aeron\u00e1utica no debe cumplir la funci\u00f3n de Sanidad de Frontera.<\/li>\n<li>Otro tema que es seguido de cerca por ATE es el mantenimiento t\u00e9cnico de los veh\u00edculos de Fiscalizaci\u00f3n, SEI y Sanidad Aeron\u00e1utica. Sobre todo, el equipamiento de los equipos de comunicaci\u00f3n como herramienta fundamental para desarrollar una labor eficaz.<\/li>\n<li>Se solicit\u00f3 que las distintas listas de turno de los servicios contemplen dentro de las limitaciones de personal, las licencias, partes de enfermo y circunstancias extraordinarias, cumpliendo el Convenio Marco del 214 en cuanto al cumplimiento de horas de descanso y m\u00ednimo y m\u00e1ximo legal.<\/li>\n<li>Se renov\u00f3 el pedido urgente de ropa de seguridad para los trabajadores de plataforma.<\/li>\n<\/ul>\n<p>La delegaci\u00f3n de ATE celebr\u00f3 el dialogo alcanzado e inst\u00f3 a que se mantenga de manera permanente para construir con las y los trabajadores la jerarquizaci\u00f3n de las funciones y una autoridad aeron\u00e1utica federal al servicio de la comunidad.<\/p>\n<p>\u201cSi luchamos podemos perder, pero sino luchamos estamos perdidos\u201d, cerr\u00f3 el comunicado de las y los compa\u00f1eros de ANAC.<\/p>\n<p>&nbsp;<\/p>\n","protected":false},"excerpt":{"rendered":"<p>Delegados, delegadas y referentes de ATE \u2013 ANAC de los Servicios Auxiliares mantuvieron una reuni\u00f3n ayer con el Jefe del Aeropuerto Internacional C\u00f3rdoba, Gustavo Bustos, a los fines de abordar la crisis estructural que atraviesa el organismo y fundamentalmente el d\u00e9ficit de dotaci\u00f3n del personal esencial. Esta situaci\u00f3n se agrav\u00f3 a ra\u00edz de la pandemia, [&hellip;]<\/p>\n","protected":false},"author":7,"featured_media":24489,"comment_status":"open","ping_status":"open","sticky":false,"template":"","format":"standard","meta":{"_exactmetrics_skip_tracking":false,"_exactmetrics_sitenote_active":false,"_exactmetrics_sitenote_note":"","_exactmetrics_sitenote_category":0,"jnews-multi-image_gallery":[],"jnews_single_post":{"source_name":"","source_url":"","via_name":"","via_url":"","override_template":"0","override":[{"template":"1","single_blog_custom":"","parallax":"1","fullscreen":"0","layout":"right-sidebar","sidebar":"default-sidebar","second_sidebar":"default-sidebar","sticky_sidebar":"1","share_position":"top","share_float_style":"share-monocrhome","show_share_counter":"1","show_view_counter":"1","show_featured":"1","show_post_meta":"1","show_post_author":"1","show_post_author_image":"1","show_post_date":"1","post_date_format":"default","post_date_format_custom":"Y\/m\/d","show_post_category":"1","show_post_reading_time":"0","post_reading_time_wpm":"300","show_zoom_button":"0","zoom_button_out_step":"2","zoom_button_in_step":"3","show_post_tag":"1","show_prev_next_post":"1","show_popup_post":"1","number_popup_post":"1","show_author_box":"0","show_post_related":"0","show_inline_post_related":"0"}],"override_image_size":"0","image_override":[{"single_post_thumbnail_size":"crop-500","single_post_gallery_size":"crop-500"}],"trending_post":"0","trending_post_position":"meta","trending_post_label":"Trending","sponsored_post":"0","sponsored_post_label":"Sponsored by","sponsored_post_name":"","sponsored_post_url":"","sponsored_post_logo_enable":"0","sponsored_post_logo":"","sponsored_post_desc":""},"jnews_primary_category":{"id":""},"jnews_social_meta":{"fb_title":"","fb_description":"","fb_image":"","twitter_title":"","twitter_description":"","twitter_image":""},"jnews_review":[],"enable_review":"0","type":"percentage","name":"","summary":"","brand":"","sku":"","good":[{"good_text":""}],"bad":[{"bad_text":""}],"score_override":"","override_value":"","rating":[{"rating_text":"","rating_number":"10"}],"price":[{"shop":"","price":"","link":"","icon":""}],"jnews_override_counter":{"override_view_counter":"0","view_counter_number":"0","override_share_counter":"0","share_counter_number":"0","override_like_counter":"0","like_counter_number":"0","override_dislike_counter":"0","dislike_counter_number":"0"},"jnews_post_split":{"enable_post_split":"0","post_split":[{"template":"1","tag":"h2","numbering":"asc","mode":"normal"}]},"footnotes":""},"categories":[18],"tags":[33],"class_list":["post-24488","post","type-post","status-publish","format-standard","has-post-thumbnail","hentry","category-nacionales","tag-anac"],"jetpack_featured_media_url":"https:\/\/atecordoba.org\/wp-content\/uploads\/2021\/02\/IMG-20210223-WA0019.jpg","_links":{"self":[{"href":"https:\/\/atecordoba.org\/index.php?rest_route=\/wp\/v2\/posts\/24488","targetHints":{"allow":["GET"]}}],"collection":[{"href":"https:\/\/atecordoba.org\/index.php?rest_route=\/wp\/v2\/posts"}],"about":[{"href":"https:\/\/atecordoba.org\/index.php?rest_route=\/wp\/v2\/types\/post"}],"author":[{"embeddable":true,"href":"https:\/\/atecordoba.org\/index.php?rest_route=\/wp\/v2\/users\/7"}],"replies":[{"embeddable":true,"href":"https:\/\/atecordoba.org\/index.php?rest_route=%2Fwp%2Fv2%2Fcomments&post=24488"}],"version-history":[{"count":3,"href":"https:\/\/atecordoba.org\/index.php?rest_route=\/wp\/v2\/posts\/24488\/revisions"}],"predecessor-version":[{"id":24495,"href":"https:\/\/atecordoba.org\/index.php?rest_route=\/wp\/v2\/posts\/24488\/revisions\/24495"}],"wp:featuredmedia":[{"embeddable":true,"href":"https:\/\/atecordoba.org\/index.php?rest_route=\/wp\/v2\/media\/24489"}],"wp:attachment":[{"href":"https:\/\/atecordoba.org\/index.php?rest_route=%2Fwp%2Fv2%2Fmedia&parent=24488"}],"wp:term":[{"taxonomy":"category","embeddable":true,"href":"https:\/\/atecordoba.org\/index.php?rest_route=%2Fwp%2Fv2%2Fcategories&post=24488"},{"taxonomy":"post_tag","embeddable":true,"href":"https:\/\/atecordoba.org\/index.php?rest_route=%2Fwp%2Fv2%2Ftags&post=24488"}],"curies":[{"name":"wp","href":"https:\/\/api.w.org\/{rel}","templated":true}]}}