{"id":24479,"date":"2021-02-23T10:48:40","date_gmt":"2021-02-23T13:48:40","guid":{"rendered":"https:\/\/atecordoba.org\/?p=24479"},"modified":"2021-02-23T10:49:35","modified_gmt":"2021-02-23T13:49:35","slug":"derrumbe-en-el-hospital-misericordia-expresa-la-precariedad-con-que-trabajan-en-el-sector-salud","status":"publish","type":"post","link":"https:\/\/atecordoba.org\/?p=24479","title":{"rendered":"Derrumbe en el Hospital Misericordia expresa la precariedad con que trabajan las y los trabajadores en el sector salud"},"content":{"rendered":"<div style='display:none' class=\"jeg_preview_slider gallery_1\" data-selector='gallery_1'>\n                        <div class=\"jeg_preview_holder\">\n                            <div class=\"jeg_preview_media\">\n                        <div class=\"jeg_preview_media_holder\">\n                            <h3>&nbsp;<\/h3>\n                            <div class=\"fullscreen-switch\">\n                                <i class=\"fa\"><\/i>\n                            <\/div>\n                            <div class=\"jeg_preview_media_content\">\n                                <div class=\"jeg_preview_media_content_holder_padding\">\n                                    <div class=\"jeg_preview_media_content_holder\"><\/div>\n                                <\/div>\n                                <div class=\"jeg_preview_media_content_navigation\">\n                                    <div class=\"prev\">\n\t\t\t\t\t\t\t\t\t\t<i class=\"fa\"><\/i>\n\t\t\t\t\t\t\t\t\t<\/div>\n                                    <div class=\"next\">\n\t\t\t\t\t\t\t\t\t\t<i class=\"fa\"><\/i>\n\t\t\t\t\t\t\t\t\t<\/div>\n                                <\/div>\n                                <div class='preview-slider-overlay'>\n                                    <div class='preloader_type preloader_dot'>\n                                        <div class=\"module-preloader jeg_preloader dot\">\n                                            <span><\/span><span><\/span><span><\/span>\n                                        <\/div>\n                                        <div class=\"module-preloader jeg_preloader circle\">\n                                            <div class=\"jnews_preloader_circle_outer\">\n                                                <div class=\"jnews_preloader_circle_inner\"><\/div>\n                                            <\/div>\n                                        <\/div>\n                                        <div class=\"module-preloader jeg_preloader square\">\n                                            <div class=\"jeg_square\">\n                                                <div class=\"jeg_square_inner\"><\/div>\n                                            <\/div>\n                                        <\/div>\n                                    <\/div>\n                                <\/div>\n                            <\/div>\n                            <div class=\"jeg_preview_control\">\n                                <div class=\"left_control\">\n                                    <div class=\"counter\"><span class=\"current\">1<\/span> de  5<\/div>\n                                    <div class=\"subtitle\"><\/div>\n                                <\/div>\n                                <div class=\"zoom\">\n                                    <span class=\"reduce\">-<\/span>\n                                    <span class=\"increase\">+<\/span>\n                                <\/div>\n                            <\/div>\n                        <\/div>\n                    <\/div>\n\n                    <div class=\"jeg_preview_bottom_slider\">\n                        <a data-id=\"0\" data-title=\"\" data-image=\"https:\/\/atecordoba.org\/wp-content\/uploads\/2021\/02\/153425317_10224413335224055_5865959821269495040_o.jpg\" href=\"https:\/\/atecordoba.org\/wp-content\/uploads\/2021\/02\/153425317_10224413335224055_5865959821269495040_o.jpg\" class=\"jeg_preview_item active\">\n                            <div class=\"jeg_preview_item_thumbnail\">\n                                <img loading=\"lazy\" decoding=\"async\" width=\"120\" height=\"86\" src=\"https:\/\/atecordoba.org\/wp-content\/uploads\/2021\/02\/153425317_10224413335224055_5865959821269495040_o-120x86.jpg\" class=\"attachment-jnews-120x86 size-jnews-120x86\" alt=\"\" srcset=\"https:\/\/atecordoba.org\/wp-content\/uploads\/2021\/02\/153425317_10224413335224055_5865959821269495040_o-120x86.jpg 120w, https:\/\/atecordoba.org\/wp-content\/uploads\/2021\/02\/153425317_10224413335224055_5865959821269495040_o-350x250.jpg 350w, https:\/\/atecordoba.org\/wp-content\/uploads\/2021\/02\/153425317_10224413335224055_5865959821269495040_o-750x536.jpg 750w, https:\/\/atecordoba.org\/wp-content\/uploads\/2021\/02\/153425317_10224413335224055_5865959821269495040_o-1140x815.jpg 1140w\" sizes=\"auto, (max-width: 120px) 100vw, 120px\" \/>\n                            <\/div>\n                        <\/a><a data-id=\"1\" data-title=\"\" data-image=\"https:\/\/atecordoba.org\/wp-content\/uploads\/2021\/02\/153783689_10224413333984024_2258114651145124323_o.jpg\" href=\"https:\/\/atecordoba.org\/wp-content\/uploads\/2021\/02\/153783689_10224413333984024_2258114651145124323_o.jpg\" class=\"jeg_preview_item \">\n                            <div class=\"jeg_preview_item_thumbnail\">\n                                <img loading=\"lazy\" decoding=\"async\" width=\"120\" height=\"86\" src=\"https:\/\/atecordoba.org\/wp-content\/uploads\/2021\/02\/153783689_10224413333984024_2258114651145124323_o-120x86.jpg\" class=\"attachment-jnews-120x86 size-jnews-120x86\" alt=\"\" srcset=\"https:\/\/atecordoba.org\/wp-content\/uploads\/2021\/02\/153783689_10224413333984024_2258114651145124323_o-120x86.jpg 120w, https:\/\/atecordoba.org\/wp-content\/uploads\/2021\/02\/153783689_10224413333984024_2258114651145124323_o-350x250.jpg 350w\" sizes=\"auto, (max-width: 120px) 100vw, 120px\" \/>\n                            <\/div>\n                        <\/a><a data-id=\"2\" data-title=\"\" data-image=\"https:\/\/atecordoba.org\/wp-content\/uploads\/2021\/02\/154168224_10224413336304082_5889945745869753210_o.jpg\" href=\"https:\/\/atecordoba.org\/wp-content\/uploads\/2021\/02\/154168224_10224413336304082_5889945745869753210_o.jpg\" class=\"jeg_preview_item \">\n                            <div class=\"jeg_preview_item_thumbnail\">\n                                <img loading=\"lazy\" decoding=\"async\" width=\"120\" height=\"86\" src=\"https:\/\/atecordoba.org\/wp-content\/uploads\/2021\/02\/154168224_10224413336304082_5889945745869753210_o-120x86.jpg\" class=\"attachment-jnews-120x86 size-jnews-120x86\" alt=\"\" srcset=\"https:\/\/atecordoba.org\/wp-content\/uploads\/2021\/02\/154168224_10224413336304082_5889945745869753210_o-120x86.jpg 120w, https:\/\/atecordoba.org\/wp-content\/uploads\/2021\/02\/154168224_10224413336304082_5889945745869753210_o-350x250.jpg 350w, https:\/\/atecordoba.org\/wp-content\/uploads\/2021\/02\/154168224_10224413336304082_5889945745869753210_o-750x536.jpg 750w, https:\/\/atecordoba.org\/wp-content\/uploads\/2021\/02\/154168224_10224413336304082_5889945745869753210_o-1140x815.jpg 1140w\" sizes=\"auto, (max-width: 120px) 100vw, 120px\" \/>\n                            <\/div>\n                        <\/a><a data-id=\"3\" data-title=\"\" data-image=\"https:\/\/atecordoba.org\/wp-content\/uploads\/2021\/02\/unnamed-1.jpg\" href=\"https:\/\/atecordoba.org\/wp-content\/uploads\/2021\/02\/unnamed-1.jpg\" class=\"jeg_preview_item \">\n                            <div class=\"jeg_preview_item_thumbnail\">\n                                <img loading=\"lazy\" decoding=\"async\" width=\"120\" height=\"86\" src=\"https:\/\/atecordoba.org\/wp-content\/uploads\/2021\/02\/unnamed-1-120x86.jpg\" class=\"attachment-jnews-120x86 size-jnews-120x86\" alt=\"\" srcset=\"https:\/\/atecordoba.org\/wp-content\/uploads\/2021\/02\/unnamed-1-120x86.jpg 120w, https:\/\/atecordoba.org\/wp-content\/uploads\/2021\/02\/unnamed-1-350x250.jpg 350w\" sizes=\"auto, (max-width: 120px) 100vw, 120px\" \/>\n                            <\/div>\n                        <\/a><a data-id=\"4\" data-title=\"\" data-image=\"https:\/\/atecordoba.org\/wp-content\/uploads\/2021\/02\/unnamed.jpg\" href=\"https:\/\/atecordoba.org\/wp-content\/uploads\/2021\/02\/unnamed.jpg\" class=\"jeg_preview_item \">\n                            <div class=\"jeg_preview_item_thumbnail\">\n                                <img loading=\"lazy\" decoding=\"async\" width=\"120\" height=\"86\" src=\"https:\/\/atecordoba.org\/wp-content\/uploads\/2021\/02\/unnamed-120x86.jpg\" class=\"attachment-jnews-120x86 size-jnews-120x86\" alt=\"\" srcset=\"https:\/\/atecordoba.org\/wp-content\/uploads\/2021\/02\/unnamed-120x86.jpg 120w, https:\/\/atecordoba.org\/wp-content\/uploads\/2021\/02\/unnamed-350x250.jpg 350w\" sizes=\"auto, (max-width: 120px) 100vw, 120px\" \/>\n                            <\/div>\n                        <\/a>\n                    <\/div>\n                        <\/div>\n                        <div class=\"jeg_preview_description\">\n                            \n                            <div class=\"jeg_preview_description_wrapper\">\n                            \n                            <\/div>\n                        <\/div>\n                        <script>\n                            var gallery_1 = {\n                                rtl: false,\n                                native_zoom: false,\n                                zoom_max: 5,\n                                zoom_step: 40,\n                                image_sequence: [{\"src\":\"https:\\\/\\\/atecordoba.org\\\/wp-content\\\/uploads\\\/2021\\\/02\\\/153425317_10224413335224055_5865959821269495040_o.jpg\",\"w\":1536,\"h\":2048,\"title\":\"\"},{\"src\":\"https:\\\/\\\/atecordoba.org\\\/wp-content\\\/uploads\\\/2021\\\/02\\\/153783689_10224413333984024_2258114651145124323_o.jpg\",\"w\":450,\"h\":600,\"title\":\"\"},{\"src\":\"https:\\\/\\\/atecordoba.org\\\/wp-content\\\/uploads\\\/2021\\\/02\\\/154168224_10224413336304082_5889945745869753210_o.jpg\",\"w\":1536,\"h\":2048,\"title\":\"\"},{\"src\":\"https:\\\/\\\/atecordoba.org\\\/wp-content\\\/uploads\\\/2021\\\/02\\\/unnamed-1.jpg\",\"w\":498,\"h\":1080,\"title\":\"\"},{\"src\":\"https:\\\/\\\/atecordoba.org\\\/wp-content\\\/uploads\\\/2021\\\/02\\\/unnamed.jpg\",\"w\":590,\"h\":1280,\"title\":\"\"}]\n                            };\n                        <\/script>\n                    <\/div>\n<p>Hoy por la ma\u00f1ana un importante sector del edificio del Hospital Misericordia se derrumb\u00f3 dejando im\u00e1genes muy impactantes y dando cuenta del estado edilicio del centro de salud.<\/p>\n<p>Se trata de una ala por donde se ingresa al Misericordia desde calle Belgrano, por donde ingresa el personal y tambi\u00e9n pacientes para algunas patolog\u00edas.<\/p>\n<p>&#8220;Es una expresi\u00f3n de la falta de inversi\u00f3n en la infraestructura del sistema de salud provincial. Desde ATE lo venimos denunciando hace a\u00f1os, en sucesivas oportunidades y sobre diversos hospital. El Misericordia fue siempre uno de los hospitales apuntados por la antig\u00fcedad del edificio&#8221;, dijo el secretario Progremial del Consejo Directivo Provincial (CDP) de ATE C\u00f3rdoba, Roberto Calvetti.<\/p>\n<p>Afortunadamente no hubo ninguna persona herida porque el derrumbe se produjo alrededor de las 5,30 de la ma\u00f1ana cuando no hab\u00eda circulaci\u00f3n en el lugar. Una hora despu\u00e9s, el siniestro podr\u00eda haber tenido consecuencias fatales.<\/p>\n<p>&#8220;Adem\u00e1s de la pol\u00edtica de abandono que lleva adelante el gobierno de C\u00f3rdoba por la falta de inversi\u00f3n, tambi\u00e9n sucede que hace a\u00f1os que se dej\u00f3 de contratar a personal de Servicios Generales, que es el responsable de controlar, alertar e intervenir cuando hay problemas edilicios para que las autoridades prevean c\u00f3mo arreglar los desperfectos. Pero la pol\u00edtica de achique de personal y ajuste presupuestario dieron este resultado&#8221;, concluy\u00f3 Calvetti.<\/p>\n<p>&nbsp;<\/p>\n","protected":false},"excerpt":{"rendered":"<p>Hoy por la ma\u00f1ana un importante sector del edificio del Hospital Misericordia se derrumb\u00f3 dejando im\u00e1genes muy impactantes y dando cuenta del estado edilicio del centro de salud. Se trata de una ala por donde se ingresa al Misericordia desde calle Belgrano, por donde ingresa el personal y tambi\u00e9n pacientes para algunas patolog\u00edas. &#8220;Es una [&hellip;]<\/p>\n","protected":false},"author":7,"featured_media":24484,"comment_status":"open","ping_status":"open","sticky":true,"template":"","format":"standard","meta":{"_exactmetrics_skip_tracking":false,"_exactmetrics_sitenote_active":false,"_exactmetrics_sitenote_note":"","_exactmetrics_sitenote_category":0,"jnews-multi-image_gallery":[],"jnews_single_post":{"source_name":"","source_url":"","via_name":"","via_url":"","override_template":"0","override":[{"template":"1","single_blog_custom":"","parallax":"1","fullscreen":"0","layout":"right-sidebar","sidebar":"default-sidebar","second_sidebar":"default-sidebar","sticky_sidebar":"1","share_position":"top","share_float_style":"share-monocrhome","show_share_counter":"1","show_view_counter":"1","show_featured":"1","show_post_meta":"1","show_post_author":"1","show_post_author_image":"1","show_post_date":"1","post_date_format":"default","post_date_format_custom":"Y\/m\/d","show_post_category":"1","show_post_reading_time":"0","post_reading_time_wpm":"300","show_zoom_button":"0","zoom_button_out_step":"2","zoom_button_in_step":"3","show_post_tag":"1","show_prev_next_post":"1","show_popup_post":"1","number_popup_post":"1","show_author_box":"0","show_post_related":"0","show_inline_post_related":"0"}],"override_image_size":"0","image_override":[{"single_post_thumbnail_size":"crop-500","single_post_gallery_size":"crop-500"}],"trending_post":"0","trending_post_position":"meta","trending_post_label":"Trending","sponsored_post":"0","sponsored_post_label":"Sponsored by","sponsored_post_name":"","sponsored_post_url":"","sponsored_post_logo_enable":"0","sponsored_post_logo":"","sponsored_post_desc":""},"jnews_primary_category":{"id":""},"jnews_social_meta":{"fb_title":"","fb_description":"","fb_image":"","twitter_title":"","twitter_description":"","twitter_image":""},"jnews_review":[],"enable_review":"0","type":"percentage","name":"","summary":"","brand":"","sku":"","good":[{"good_text":""}],"bad":[{"bad_text":""}],"score_override":"","override_value":"","rating":[{"rating_text":"","rating_number":"10"}],"price":[{"shop":"","price":"","link":"","icon":""}],"jnews_override_counter":{"override_view_counter":"0","view_counter_number":"0","override_share_counter":"0","share_counter_number":"0","override_like_counter":"0","like_counter_number":"0","override_dislike_counter":"0","dislike_counter_number":"0"},"jnews_post_split":{"enable_post_split":"0","post_split":[{"template":"1","tag":"h2","numbering":"asc","mode":"normal"}]},"footnotes":""},"categories":[8],"tags":[353],"class_list":["post-24479","post","type-post","status-publish","format-standard","has-post-thumbnail","hentry","category-provinciales","tag-hospital-misericordia"],"jetpack_featured_media_url":"https:\/\/atecordoba.org\/wp-content\/uploads\/2021\/02\/unnamed-1.jpg","_links":{"self":[{"href":"https:\/\/atecordoba.org\/index.php?rest_route=\/wp\/v2\/posts\/24479","targetHints":{"allow":["GET"]}}],"collection":[{"href":"https:\/\/atecordoba.org\/index.php?rest_route=\/wp\/v2\/posts"}],"about":[{"href":"https:\/\/atecordoba.org\/index.php?rest_route=\/wp\/v2\/types\/post"}],"author":[{"embeddable":true,"href":"https:\/\/atecordoba.org\/index.php?rest_route=\/wp\/v2\/users\/7"}],"replies":[{"embeddable":true,"href":"https:\/\/atecordoba.org\/index.php?rest_route=%2Fwp%2Fv2%2Fcomments&post=24479"}],"version-history":[{"count":2,"href":"https:\/\/atecordoba.org\/index.php?rest_route=\/wp\/v2\/posts\/24479\/revisions"}],"predecessor-version":[{"id":24487,"href":"https:\/\/atecordoba.org\/index.php?rest_route=\/wp\/v2\/posts\/24479\/revisions\/24487"}],"wp:featuredmedia":[{"embeddable":true,"href":"https:\/\/atecordoba.org\/index.php?rest_route=\/wp\/v2\/media\/24484"}],"wp:attachment":[{"href":"https:\/\/atecordoba.org\/index.php?rest_route=%2Fwp%2Fv2%2Fmedia&parent=24479"}],"wp:term":[{"taxonomy":"category","embeddable":true,"href":"https:\/\/atecordoba.org\/index.php?rest_route=%2Fwp%2Fv2%2Fcategories&post=24479"},{"taxonomy":"post_tag","embeddable":true,"href":"https:\/\/atecordoba.org\/index.php?rest_route=%2Fwp%2Fv2%2Ftags&post=24479"}],"curies":[{"name":"wp","href":"https:\/\/api.w.org\/{rel}","templated":true}]}}