{"id":2447,"date":"2013-03-07T17:34:46","date_gmt":"2013-03-07T20:34:46","guid":{"rendered":"http:\/\/www.atecordoba.org\/?p=2447"},"modified":"2013-03-07T17:34:46","modified_gmt":"2013-03-07T20:34:46","slug":"felicidades-companeras-8-de-marzo-dia-internacional-de-la-mujer-trabajadora","status":"publish","type":"post","link":"https:\/\/atecordoba.org\/?p=2447","title":{"rendered":"\u00a1Felicidades compa\u00f1eras: 8 de marzo D\u00eda Internacional de la Mujer Trabajadora!"},"content":{"rendered":"<p><em>Quienes integramos ATE C\u00f3rdoba,\u00a0 queremos hacer llegar nuestro homenaje a todas las mujeres de nuestro gremio, y a los hombres que nos acompa\u00f1an, por el D\u00eda Internacional de la Mujer Trabajadora. <\/em><\/p>\n<p><a href=\"http:\/\/www.atecordoba.org\/wp-content\/uploads\/2013\/03\/DIA-DE-LA-MUJER.jpg\"><img loading=\"lazy\" decoding=\"async\" class=\"aligncenter size-full wp-image-2448\" title=\"DIA DE LA MUJER\" src=\"http:\/\/www.atecordoba.org\/wp-content\/uploads\/2013\/03\/DIA-DE-LA-MUJER.jpg\" alt=\"\" width=\"210\" height=\"240\" \/><\/a><\/p>\n<p style=\"text-align: center;\"><strong>En este d\u00eda recordamos a todas las mujeres que combatieron y combaten las inequidades, a las que estamos sometidas por el solo hecho de ser mujeres, a las que conquistaron los goces en los derechos que nos corresponden, aquellas que con su ejemplo nos fueron se\u00f1alando el camino a construir, a las que hoy no abandonan la esperanza, a las que desde cada lugar y espacio de su vida cotidiana apuestan su compromiso diario en pos de lograr ese mundo igualitario, que nuestras utop\u00edas siguen alentando.<\/strong><\/p>\n<p>&nbsp;<\/p>\n<p><strong><em>Historia<\/em><\/strong><\/p>\n<p>Un 8 de marzo de 1857, un grupo de obreras textiles tom\u00f3 la decisi\u00f3n de salir a las calles de Nueva York a protestar por las m\u00edseras condiciones en las que trabajaban.<\/p>\n<p>Distintos movimientos se sucedieron a partir de esa fecha. El 5 de marzo de 1908, Nueva York fue escenario de nuevo de una huelga pol\u00e9mica para aquellos tiempos. Un grupo de mujeres reclamaba la igualdad salarial, la disminuci\u00f3n de la jornada laboral a 10 horas y un tiempo para poder dar de mamar a sus hijos. Durante esa huelga, perecieron m\u00e1s de un centenar de mujeres quemadas en una f\u00e1brica de Sirtwoot Cotton, en un incendio que se atribuy\u00f3 al due\u00f1o de la f\u00e1brica como respuesta a la huelga.<\/p>\n<p>En 1910, durante la Segunda Conferencia Internacional de Mujeres Trabajadoras celebrada en Copenhague (Dinamarca) m\u00e1s de 100 mujeres aprobaron declarar el 8 de marzo como D\u00eda Internacional de la Mujer Trabajadora.<\/p>\n<p>Actualmente, se celebra como el D\u00eda Internacional de la Mujer.<\/p>\n<p>Secretar\u00eda de Formaci\u00f3n<\/p>\n<p>&nbsp;<\/p>\n","protected":false},"excerpt":{"rendered":"<p>Quienes integramos ATE C\u00f3rdoba,\u00a0 queremos hacer llegar nuestro homenaje a todas las mujeres de nuestro gremio, y a los hombres que nos acompa\u00f1an, por el D\u00eda Internacional de la Mujer Trabajadora. En este d\u00eda recordamos a todas las mujeres que combatieron y combaten las inequidades, a las que estamos sometidas por el solo hecho de [&hellip;]<\/p>\n","protected":false},"author":1,"featured_media":19220,"comment_status":"open","ping_status":"open","sticky":false,"template":"","format":"standard","meta":{"_exactmetrics_skip_tracking":false,"_exactmetrics_sitenote_active":false,"_exactmetrics_sitenote_note":"","_exactmetrics_sitenote_category":0,"jnews-multi-image_gallery":[],"jnews_single_post":[],"jnews_primary_category":[],"jnews_social_meta":[],"jnews_review":[],"enable_review":"","type":"","name":"","summary":"","brand":"","sku":"","good":[],"bad":[],"score_override":"","override_value":"","rating":[],"price":[],"jnews_override_counter":[],"jnews_post_split":[],"footnotes":""},"categories":[1],"tags":[],"class_list":["post-2447","post","type-post","status-publish","format-standard","has-post-thumbnail","hentry","category-sin-categoria"],"jetpack_featured_media_url":"https:\/\/atecordoba.org\/wp-content\/uploads\/2020\/05\/logo-nuevochico-e1561581322808.png","_links":{"self":[{"href":"https:\/\/atecordoba.org\/index.php?rest_route=\/wp\/v2\/posts\/2447","targetHints":{"allow":["GET"]}}],"collection":[{"href":"https:\/\/atecordoba.org\/index.php?rest_route=\/wp\/v2\/posts"}],"about":[{"href":"https:\/\/atecordoba.org\/index.php?rest_route=\/wp\/v2\/types\/post"}],"author":[{"embeddable":true,"href":"https:\/\/atecordoba.org\/index.php?rest_route=\/wp\/v2\/users\/1"}],"replies":[{"embeddable":true,"href":"https:\/\/atecordoba.org\/index.php?rest_route=%2Fwp%2Fv2%2Fcomments&post=2447"}],"version-history":[{"count":0,"href":"https:\/\/atecordoba.org\/index.php?rest_route=\/wp\/v2\/posts\/2447\/revisions"}],"wp:featuredmedia":[{"embeddable":true,"href":"https:\/\/atecordoba.org\/index.php?rest_route=\/wp\/v2\/media\/19220"}],"wp:attachment":[{"href":"https:\/\/atecordoba.org\/index.php?rest_route=%2Fwp%2Fv2%2Fmedia&parent=2447"}],"wp:term":[{"taxonomy":"category","embeddable":true,"href":"https:\/\/atecordoba.org\/index.php?rest_route=%2Fwp%2Fv2%2Fcategories&post=2447"},{"taxonomy":"post_tag","embeddable":true,"href":"https:\/\/atecordoba.org\/index.php?rest_route=%2Fwp%2Fv2%2Ftags&post=2447"}],"curies":[{"name":"wp","href":"https:\/\/api.w.org\/{rel}","templated":true}]}}