{"id":24464,"date":"2021-02-22T12:21:29","date_gmt":"2021-02-22T15:21:29","guid":{"rendered":"https:\/\/atecordoba.org\/?p=24464"},"modified":"2021-02-22T12:21:29","modified_gmt":"2021-02-22T15:21:29","slug":"ate-san-francisco-realizo-la-primer-reunion-del-ano-con-delegados-municipales","status":"publish","type":"post","link":"https:\/\/atecordoba.org\/?p=24464","title":{"rendered":"ATE San Francisco realiz\u00f3 la primer reuni\u00f3n del a\u00f1o con delegados municipales"},"content":{"rendered":"<p><img loading=\"lazy\" decoding=\"async\" class=\" wp-image-24466 aligncenter\" src=\"https:\/\/atecordoba.org\/wp-content\/uploads\/2021\/02\/152735184_905467206884302_2362560490144576831_n-300x225.jpg\" alt=\"\" width=\"552\" height=\"414\" srcset=\"https:\/\/atecordoba.org\/wp-content\/uploads\/2021\/02\/152735184_905467206884302_2362560490144576831_n-300x225.jpg 300w, https:\/\/atecordoba.org\/wp-content\/uploads\/2021\/02\/152735184_905467206884302_2362560490144576831_n-768x576.jpg 768w, https:\/\/atecordoba.org\/wp-content\/uploads\/2021\/02\/152735184_905467206884302_2362560490144576831_n-750x563.jpg 750w, https:\/\/atecordoba.org\/wp-content\/uploads\/2021\/02\/152735184_905467206884302_2362560490144576831_n.jpg 960w\" sizes=\"auto, (max-width: 552px) 100vw, 552px\" \/>El pasado 19 de marzo se realiz\u00f3 una reuni\u00f3n organizativa e informativa convocada por la conducci\u00f3n de la Delegaci\u00f3n ATE San Francisco, encabezada por el compa\u00f1ero Dar\u00edo Paredes, donde participaron delegados de los municipios que integran la futura seccional de ATE.<\/p>\n<p>En la oportunidad participaron en la sede de ATE compa\u00f1eros y compa\u00f1eras de Freyre, San Francisco, Colonia Marina, Tr\u00e1nsito y Devoto.<\/p>\n<p>&#8220;Realizamos un balance pol\u00edtico gremial de 2020&#8221;, explic\u00f3 Paredes. &#8220;Estuvimos viendo c\u00f3mo lo cerramos el a\u00f1o pasado y c\u00f3mo empezamos a trabajar con la nueva gesti\u00f3n, atento a que se jubil\u00f3 la compa\u00f1era Gladys Medina&#8221;, agreg\u00f3 el dirigente, que qued\u00f3 a cargo de la delegaci\u00f3n<\/p>\n<p>Uno de los temas a tratados fue la conformaci\u00f3n de la seccional, clave en t\u00e9rminos organizativos para que los compa\u00f1eros ganen en autonom\u00eda y sigan creciendo,\u00a0 ya es los actos eleccionarios se postergaron por la pandemia.<img loading=\"lazy\" decoding=\"async\" class=\" wp-image-24465 aligncenter\" src=\"https:\/\/atecordoba.org\/wp-content\/uploads\/2021\/02\/san-francisco-delegacion-300x225.jpg\" alt=\"\" width=\"517\" height=\"388\" srcset=\"https:\/\/atecordoba.org\/wp-content\/uploads\/2021\/02\/san-francisco-delegacion-300x225.jpg 300w, https:\/\/atecordoba.org\/wp-content\/uploads\/2021\/02\/san-francisco-delegacion-768x576.jpg 768w, https:\/\/atecordoba.org\/wp-content\/uploads\/2021\/02\/san-francisco-delegacion-750x563.jpg 750w, https:\/\/atecordoba.org\/wp-content\/uploads\/2021\/02\/san-francisco-delegacion.jpg 960w\" sizes=\"auto, (max-width: 517px) 100vw, 517px\" \/><\/p>\n<p>&#8220;Adem\u00e1s en marzo los municipios comienzan las paritarias por lo que la delegaci\u00f3n est\u00e1 en pleno debate sobre las estrategias y pautas salariales a definir&#8221;, explic\u00f3 Paredes.<\/p>\n<p>Por otro lado, en Acci\u00f3n Social las y los compa\u00f1eros est\u00e1n organizando la entrega de los kits de \u00fatiles escolares para las y los afiliados; y en cuanto a G\u00e9neros y Diversidades, comenz\u00f3 a planificarse la organizaci\u00f3n de la Marcha del 8 de Marzo.<\/p>\n<p>Cabe se\u00f1alar que ATE San Francisco es uno de los territorios donde nuestro gremio tuvo un crecimiento de afiliaciones m\u00e1s importante de toda la provincia de C\u00f3rdoba en 2020, sobre todo en el nivel municipal.<\/p>\n","protected":false},"excerpt":{"rendered":"<p>El pasado 19 de marzo se realiz\u00f3 una reuni\u00f3n organizativa e informativa convocada por la conducci\u00f3n de la Delegaci\u00f3n ATE San Francisco, encabezada por el compa\u00f1ero Dar\u00edo Paredes, donde participaron delegados de los municipios que integran la futura seccional de ATE. En la oportunidad participaron en la sede de ATE compa\u00f1eros y compa\u00f1eras de Freyre, [&hellip;]<\/p>\n","protected":false},"author":7,"featured_media":24465,"comment_status":"open","ping_status":"open","sticky":true,"template":"","format":"standard","meta":{"_exactmetrics_skip_tracking":false,"_exactmetrics_sitenote_active":false,"_exactmetrics_sitenote_note":"","_exactmetrics_sitenote_category":0,"jnews-multi-image_gallery":[],"jnews_single_post":{"source_name":"","source_url":"","via_name":"","via_url":"","override_template":"0","override":[{"template":"1","single_blog_custom":"","parallax":"1","fullscreen":"0","layout":"right-sidebar","sidebar":"default-sidebar","second_sidebar":"default-sidebar","sticky_sidebar":"1","share_position":"top","share_float_style":"share-monocrhome","show_share_counter":"1","show_view_counter":"1","show_featured":"1","show_post_meta":"1","show_post_author":"1","show_post_author_image":"1","show_post_date":"1","post_date_format":"default","post_date_format_custom":"Y\/m\/d","show_post_category":"1","show_post_reading_time":"0","post_reading_time_wpm":"300","show_zoom_button":"0","zoom_button_out_step":"2","zoom_button_in_step":"3","show_post_tag":"1","show_prev_next_post":"1","show_popup_post":"1","number_popup_post":"1","show_author_box":"0","show_post_related":"0","show_inline_post_related":"0"}],"override_image_size":"0","image_override":[{"single_post_thumbnail_size":"crop-500","single_post_gallery_size":"crop-500"}],"trending_post":"0","trending_post_position":"meta","trending_post_label":"Trending","sponsored_post":"0","sponsored_post_label":"Sponsored by","sponsored_post_name":"","sponsored_post_url":"","sponsored_post_logo_enable":"0","sponsored_post_logo":"","sponsored_post_desc":""},"jnews_primary_category":{"id":""},"jnews_social_meta":{"fb_title":"","fb_description":"","fb_image":"","twitter_title":"","twitter_description":"","twitter_image":""},"jnews_review":[],"enable_review":"0","type":"percentage","name":"","summary":"","brand":"","sku":"","good":[{"good_text":""}],"bad":[{"bad_text":""}],"score_override":"","override_value":"","rating":[{"rating_text":"","rating_number":"10"}],"price":[{"shop":"","price":"","link":"","icon":""}],"jnews_override_counter":{"override_view_counter":"0","view_counter_number":"0","override_share_counter":"0","share_counter_number":"0","override_like_counter":"0","like_counter_number":"0","override_dislike_counter":"0","dislike_counter_number":"0"},"jnews_post_split":{"enable_post_split":"0","post_split":[{"template":"1","tag":"h2","numbering":"asc","mode":"normal"}]},"footnotes":""},"categories":[148],"tags":[],"class_list":["post-24464","post","type-post","status-publish","format-standard","has-post-thumbnail","hentry","category-san-justo"],"jetpack_featured_media_url":"https:\/\/atecordoba.org\/wp-content\/uploads\/2021\/02\/san-francisco-delegacion.jpg","_links":{"self":[{"href":"https:\/\/atecordoba.org\/index.php?rest_route=\/wp\/v2\/posts\/24464","targetHints":{"allow":["GET"]}}],"collection":[{"href":"https:\/\/atecordoba.org\/index.php?rest_route=\/wp\/v2\/posts"}],"about":[{"href":"https:\/\/atecordoba.org\/index.php?rest_route=\/wp\/v2\/types\/post"}],"author":[{"embeddable":true,"href":"https:\/\/atecordoba.org\/index.php?rest_route=\/wp\/v2\/users\/7"}],"replies":[{"embeddable":true,"href":"https:\/\/atecordoba.org\/index.php?rest_route=%2Fwp%2Fv2%2Fcomments&post=24464"}],"version-history":[{"count":1,"href":"https:\/\/atecordoba.org\/index.php?rest_route=\/wp\/v2\/posts\/24464\/revisions"}],"predecessor-version":[{"id":24467,"href":"https:\/\/atecordoba.org\/index.php?rest_route=\/wp\/v2\/posts\/24464\/revisions\/24467"}],"wp:featuredmedia":[{"embeddable":true,"href":"https:\/\/atecordoba.org\/index.php?rest_route=\/wp\/v2\/media\/24465"}],"wp:attachment":[{"href":"https:\/\/atecordoba.org\/index.php?rest_route=%2Fwp%2Fv2%2Fmedia&parent=24464"}],"wp:term":[{"taxonomy":"category","embeddable":true,"href":"https:\/\/atecordoba.org\/index.php?rest_route=%2Fwp%2Fv2%2Fcategories&post=24464"},{"taxonomy":"post_tag","embeddable":true,"href":"https:\/\/atecordoba.org\/index.php?rest_route=%2Fwp%2Fv2%2Ftags&post=24464"}],"curies":[{"name":"wp","href":"https:\/\/api.w.org\/{rel}","templated":true}]}}