{"id":24447,"date":"2021-02-20T20:47:00","date_gmt":"2021-02-20T23:47:00","guid":{"rendered":"https:\/\/atecordoba.org\/?p=24447"},"modified":"2021-02-20T20:47:00","modified_gmt":"2021-02-20T23:47:00","slug":"por-ivana-por-todas","status":"publish","type":"post","link":"https:\/\/atecordoba.org\/?p=24447","title":{"rendered":"\u00a1POR IVANA! \u00a1POR TODAS!\u00a1"},"content":{"rendered":"<p>El \u00faltimo fue el de nuestra compa\u00f1era personal civil de la Fuerza A\u00e9rea, Ivana M\u00f3dica en la localidad de La Falda, que nos conmueve profundamente. Tras ocho d\u00edas de b\u00fasqueda encontraron su cuerpo a ra\u00edz de que su pareja, Javier Galv\u00e1n, femicida, ahora ex piloto de la Fuerza A\u00e9rea Argentina, confes\u00f3 el crimen.<\/p>\n<p><img loading=\"lazy\" decoding=\"async\" class=\"size-thumbnail wp-image-24451 aligncenter\" src=\"https:\/\/atecordoba.org\/wp-content\/uploads\/2021\/02\/IMG-20210220-WA0143-150x150.jpg\" alt=\"\" width=\"150\" height=\"150\" srcset=\"https:\/\/atecordoba.org\/wp-content\/uploads\/2021\/02\/IMG-20210220-WA0143-150x150.jpg 150w, https:\/\/atecordoba.org\/wp-content\/uploads\/2021\/02\/IMG-20210220-WA0143-560x560.jpg 560w, https:\/\/atecordoba.org\/wp-content\/uploads\/2021\/02\/IMG-20210220-WA0143-75x75.jpg 75w\" sizes=\"auto, (max-width: 150px) 100vw, 150px\" \/><\/p>\n<p><span style=\"font-weight: 400;\">Sus compa\u00f1eras de trabajo nos pusimos a la cabeza de la lucha por la aparici\u00f3n de Ivana con una l\u00ednea de unidad sin m\u00e1s bandera que esa y exigencia del esclarecimiento de los hechos. Bandera en la cual se unificaron todos los sectores que conformamos los civiles de la Fuerza A\u00e9rea.\u00a0<\/span><\/p>\n<p><img loading=\"lazy\" decoding=\"async\" class=\"size-thumbnail wp-image-24449 alignleft\" src=\"https:\/\/atecordoba.org\/wp-content\/uploads\/2021\/02\/IMG-20210220-WA0142-150x150.jpg\" alt=\"\" width=\"150\" height=\"150\" srcset=\"https:\/\/atecordoba.org\/wp-content\/uploads\/2021\/02\/IMG-20210220-WA0142-150x150.jpg 150w, https:\/\/atecordoba.org\/wp-content\/uploads\/2021\/02\/IMG-20210220-WA0142-560x560.jpg 560w, https:\/\/atecordoba.org\/wp-content\/uploads\/2021\/02\/IMG-20210220-WA0142-75x75.jpg 75w\" sizes=\"auto, (max-width: 150px) 100vw, 150px\" \/><\/p>\n<p><span style=\"font-weight: 400;\">Estuvimos presentes en la convocatoria realizada para las marchas realizadas el domingo 14 en la Falda y la del 17 de febrero en C\u00f3rdoba, confluyendo tambi\u00e9n con compa\u00f1eros con la marcha nacional.\u00a0<\/span><\/p>\n<p><span style=\"font-weight: 400;\">Y aunque no fue suficiente para encontrarla con vida, el grito unificado \u00a1POR IVANA! en las calles, la viralizaci\u00f3n en redes y la difusi\u00f3n en los medios\u00a0lograron la intensificaci\u00f3n de la b\u00fasqueda y el rastrillaje, pero sobre todo LOGR\u00d3 ARRANCARLE LA CONFESI\u00d3N AL FEMICIDA JAVIER GALV\u00c1N.<\/span><\/p>\n<p><span style=\"font-weight: 400;\">Necesitamos que el Ministerio de la Mujer y Diversidades se comprometa con la realidad que vivimos y brinde medidas URGENTES, REALES Y CONCRETAS.<\/span><\/p>\n<p><span style=\"font-weight: 400;\">Necesitamos que se rompa el pacto de impunidad de las instituciones que encubren a agresores pertenecientes a las fuerzas de seguridad y que se los sancione de forma correcta y efectiva.\u00a0<\/span><\/p>\n<p><span style=\"font-weight: 400;\">La movilizaci\u00f3n y la visibilizaci\u00f3n del caso, presion\u00f3 para que la Fuerza A\u00e9rea declare el libre accionar de la polic\u00eda provincial sobre un cuadro de su fuerza y se pueda darle trato de civil.\u00a0<\/span><\/p>\n<p><span style=\"font-weight: 400;\">Adem\u00e1s, la Fuerza hizo p\u00fablica la solidaridad con la familia de la v\u00edctima y destituy\u00f3 al femicida.\u00a0<\/span><\/p>\n<p><span style=\"font-weight: 400;\">PERO LA QUER\u00cdAMOS VIVA, y por eso, nuestro reclamo sigue vigente y nuevamente volvemos a exigir al gobierno nacional y provincial medidas urgentes y concretas de una vez por todas, para terminar con la violencia machista que nos mata cada 23 horas. En C\u00f3rdoba asesinan a una mujer por semana desde el comienzo de este 2021.<\/span><\/p>\n<p><span style=\"font-weight: 400;\">Es totalmente repudiable la falta de accionar del estado frente a la problem\u00e1tica.\u00a0Las trabajadoras y los trabajadores de las Fuerzas Armadas, somos trabajadores Estatales.<\/span><\/p>\n<p><span style=\"font-weight: 400;\">Es indispensable que las personas que est\u00e9n en contacto con la problem\u00e1tica tengan una REAL perspectiva de g\u00e9nero, necesitamos que los talleres que se brindan sean efectivamente profundos para generar una buena contenci\u00f3n a la hora de acompa\u00f1ar a mujeres violentadas.<\/span><\/p>\n<p><span style=\"font-weight: 400;\">Necesitamos que se rompa el pacto de impunidad de las instituciones que encubren a agresores pertenecientes a las fuerzas de seguridad y de Defensa para que se los sancione de forma correcta y efectiva.\u00a0<\/span><\/p>\n<p><span style=\"font-weight: 400;\">Solicitamos a los medios que no se reproduzcan m\u00e1s los agravios realizados hacia las v\u00edctimas, como en el caso de las declaraciones realizadas por el abogado de Galv\u00e1n, lo que s\u00f3lo es una muestra m\u00e1s de la violencia machista y la culpabilizaci\u00f3n de esta. No es un atenuante.NI EL PEOR DE LOS AGRAVIOS JUSTIFICA EL FEMICIDIO.\u00a0<\/span><\/p>\n<p><span style=\"font-weight: 400;\">Queremos que el Polo de la Mujer se acerque a nosotras, que se destine presupuesto para que pueda funcionar correctamente y se descentralice f\u00edsicamente y tenga cada uno de estos PUNTOS un equipo completo,\u00a0INTERDISCIPLINARIO que conozca las situaciones de la cantidad de mujeres de nuestros barrios y localidades que no pueden acceder al Polo de la Mujer y puedan brindarle tanto acompa\u00f1amiento como una respuesta efectiva e inmediata a la situaci\u00f3n que est\u00e1n atravesando.\u00a0<\/span><\/p>\n<p><span style=\"font-weight: 400;\">Nos urge que LOS DEPARTAMENTOS DE G\u00c9NERO DE LA FUERZA, brinden concreta contenci\u00f3n y seguimiento de los casos, con equipos capacitados e interdisciplinarios que traten de manera efectiva los casos que les llegan y no sean una oficina m\u00e1s donde los casos llegan y se encajonan.<\/span><\/p>\n<p><span style=\"font-weight: 400;\">Los \u00faltimos femicidios en el pa\u00eds fueron a manos de integrantes de las fuerzas de seguridad y de defensa.\u00a0<\/span><\/p>\n<p><span style=\"font-weight: 400;\">DECIMOS BASTA A LA IMPUNIDAD Y A LA VIOLENCIA PATRIARCAL QUE ENCUBRE Y PROTEGE A VIOLENTOS Y FEMICIDAS.<\/span><\/p>\n<p><span style=\"font-weight: 400;\">\u00a1JUSTICIA POR IVANA! \u00a1PERPETUA PARA GALV\u00c1N!<\/span><\/p>\n<div class=\"wp-playlist wp-video-playlist wp-playlist-light\">\n\t\t<video controls=\"controls\" preload=\"none\" width=\"640\"\n\t\t height=\"480\"\t><\/video>\n\t<div class=\"wp-playlist-next\"><\/div>\n\t<div class=\"wp-playlist-prev\"><\/div>\n\t<noscript>\n\t<ol>\n\t\t<li><a href='https:\/\/atecordoba.org\/wp-content\/uploads\/2021\/02\/VID-20210220-WA0118.mp4'>VID-20210220-WA0118<\/a><\/li>\t<\/ol>\n\t<\/noscript>\n\t<script type=\"application\/json\" class=\"wp-playlist-script\">{\"type\":\"video\",\"tracklist\":true,\"tracknumbers\":true,\"images\":true,\"artists\":true,\"tracks\":[{\"src\":\"https:\/\/atecordoba.org\/wp-content\/uploads\/2021\/02\/VID-20210220-WA0118.mp4\",\"type\":\"video\/mp4\",\"title\":\"VID-20210220-WA0118\",\"caption\":\"\",\"description\":\"\",\"meta\":{\"length_formatted\":\"3:15\"},\"dimensions\":{\"original\":{\"width\":320,\"height\":240},\"resized\":{\"width\":640,\"height\":480}},\"image\":{\"src\":\"https:\/\/atecordoba.org\/wp-includes\/images\/media\/video.svg\",\"width\":48,\"height\":64},\"thumb\":{\"src\":\"https:\/\/atecordoba.org\/wp-includes\/images\/media\/video.svg\",\"width\":48,\"height\":64}}]}<\/script>\n<\/div>\n\t\n","protected":false},"excerpt":{"rendered":"<p>El \u00faltimo fue el de nuestra compa\u00f1era personal civil de la Fuerza A\u00e9rea, Ivana M\u00f3dica en la localidad de La Falda, que nos conmueve profundamente. Tras ocho d\u00edas de b\u00fasqueda encontraron su cuerpo a ra\u00edz de que su pareja, Javier Galv\u00e1n, femicida, ahora ex piloto de la Fuerza A\u00e9rea Argentina, confes\u00f3 el crimen. Sus compa\u00f1eras [&hellip;]<\/p>\n","protected":false},"author":3,"featured_media":24449,"comment_status":"open","ping_status":"open","sticky":false,"template":"","format":"standard","meta":{"_exactmetrics_skip_tracking":false,"_exactmetrics_sitenote_active":false,"_exactmetrics_sitenote_note":"","_exactmetrics_sitenote_category":0,"jnews-multi-image_gallery":[],"jnews_single_post":{"source_name":"","source_url":"","via_name":"","via_url":"","override_template":"0","override":[{"template":"1","single_blog_custom":"","parallax":"1","fullscreen":"0","layout":"right-sidebar","sidebar":"default-sidebar","second_sidebar":"default-sidebar","sticky_sidebar":"1","share_position":"top","share_float_style":"share-monocrhome","show_share_counter":"1","show_view_counter":"1","show_featured":"1","show_post_meta":"1","show_post_author":"1","show_post_author_image":"1","show_post_date":"1","post_date_format":"default","post_date_format_custom":"Y\/m\/d","show_post_category":"1","show_post_reading_time":"0","post_reading_time_wpm":"300","show_zoom_button":"0","zoom_button_out_step":"2","zoom_button_in_step":"3","show_post_tag":"1","show_prev_next_post":"1","show_popup_post":"1","number_popup_post":"1","show_author_box":"0","show_post_related":"0","show_inline_post_related":"0"}],"override_image_size":"0","image_override":[{"single_post_thumbnail_size":"crop-500","single_post_gallery_size":"crop-500"}],"trending_post":"0","trending_post_position":"meta","trending_post_label":"Trending","sponsored_post":"0","sponsored_post_label":"Sponsored by","sponsored_post_name":"","sponsored_post_url":"","sponsored_post_logo_enable":"0","sponsored_post_logo":"","sponsored_post_desc":""},"jnews_primary_category":{"id":""},"jnews_social_meta":{"fb_title":"","fb_description":"","fb_image":"","twitter_title":"","twitter_description":"","twitter_image":""},"jnews_review":[],"enable_review":"0","type":"percentage","name":"","summary":"","brand":"","sku":"","good":[{"good_text":""}],"bad":[{"bad_text":""}],"score_override":"","override_value":"","rating":[{"rating_text":"","rating_number":"10"}],"price":[{"shop":"","price":"","link":"","icon":""}],"jnews_override_counter":{"override_view_counter":"0","view_counter_number":"0","override_share_counter":"0","share_counter_number":"0","override_like_counter":"0","like_counter_number":"0","override_dislike_counter":"0","dislike_counter_number":"0"},"jnews_post_split":{"enable_post_split":"0","post_split":[{"template":"1","tag":"h2","numbering":"asc","mode":"normal"}]},"footnotes":""},"categories":[10,53,341,325,18,9],"tags":[],"class_list":["post-24447","post","type-post","status-publish","format-standard","has-post-thumbnail","hentry","category-accion-politica","category-comunicados-de-prensa","category-cdp","category-generos-y-diversidades","category-nacionales","category-trabajadores-civiles-ff-aa"],"jetpack_featured_media_url":"https:\/\/atecordoba.org\/wp-content\/uploads\/2021\/02\/IMG-20210220-WA0142.jpg","_links":{"self":[{"href":"https:\/\/atecordoba.org\/index.php?rest_route=\/wp\/v2\/posts\/24447","targetHints":{"allow":["GET"]}}],"collection":[{"href":"https:\/\/atecordoba.org\/index.php?rest_route=\/wp\/v2\/posts"}],"about":[{"href":"https:\/\/atecordoba.org\/index.php?rest_route=\/wp\/v2\/types\/post"}],"author":[{"embeddable":true,"href":"https:\/\/atecordoba.org\/index.php?rest_route=\/wp\/v2\/users\/3"}],"replies":[{"embeddable":true,"href":"https:\/\/atecordoba.org\/index.php?rest_route=%2Fwp%2Fv2%2Fcomments&post=24447"}],"version-history":[{"count":1,"href":"https:\/\/atecordoba.org\/index.php?rest_route=\/wp\/v2\/posts\/24447\/revisions"}],"predecessor-version":[{"id":24452,"href":"https:\/\/atecordoba.org\/index.php?rest_route=\/wp\/v2\/posts\/24447\/revisions\/24452"}],"wp:featuredmedia":[{"embeddable":true,"href":"https:\/\/atecordoba.org\/index.php?rest_route=\/wp\/v2\/media\/24449"}],"wp:attachment":[{"href":"https:\/\/atecordoba.org\/index.php?rest_route=%2Fwp%2Fv2%2Fmedia&parent=24447"}],"wp:term":[{"taxonomy":"category","embeddable":true,"href":"https:\/\/atecordoba.org\/index.php?rest_route=%2Fwp%2Fv2%2Fcategories&post=24447"},{"taxonomy":"post_tag","embeddable":true,"href":"https:\/\/atecordoba.org\/index.php?rest_route=%2Fwp%2Fv2%2Ftags&post=24447"}],"curies":[{"name":"wp","href":"https:\/\/api.w.org\/{rel}","templated":true}]}}