{"id":2443,"date":"2013-03-05T17:40:09","date_gmt":"2013-03-05T20:40:09","guid":{"rendered":"http:\/\/www.atecordoba.org\/?p=2443"},"modified":"2013-03-05T17:40:09","modified_gmt":"2013-03-05T20:40:09","slug":"pesar-por-el-fallecimiento-del-contador-de-ate-carlos-alberto-moreno","status":"publish","type":"post","link":"https:\/\/atecordoba.org\/?p=2443","title":{"rendered":"Pesar por el fallecimiento del contador de ATE Carlos Alberto Moreno"},"content":{"rendered":"<div><span style=\"font-size: large;\">Compa\u00f1eros, con gran pesar informamos que durante la ma\u00f1ana de\u00a0hoy\u00a0falleci\u00f3 el contador Carlos Moreno, militante comprometido con los trabajadores y la Asociaci\u00f3n Trabajadores del Estado.<\/span><\/div>\n<div><span style=\"font-size: large;\"><br \/>\n<\/span><\/div>\n<div><span style=\"font-size: large;\">Moreno se desempe\u00f1\u00f3 como contador en ATE desde hace a\u00f1os, haciendo un importante aporte a la tarea financiera del nuestro sindicato. Comprometido con la causa popular desde sus m\u00e1s j\u00f3venes a\u00f1os, Carlos aport\u00f3 su capacidad militante e intelectual en el desarrollo de la organizaci\u00f3n gremial, en pos del bienestar de los trabajadores del Estado, como lo hizo en la Asociaci\u00f3n Bancaria y en el peronismo, desde las luchas populares de la d\u00e9cada del &#8217;60.<\/span><\/div>\n<div><span style=\"font-size: large;\"><br \/>\n<\/span><\/div>\n<div><span style=\"font-size: large;\">Enviamos nuestro p\u00e9same a su familia y lo despedimos con un fuerte abrazo<\/span><\/div>\n<div><span style=\"font-size: large;\"><br \/>\n<\/span><\/div>\n<div><span style=\"font-size: large;\">\u00a1Carlos Alberto Moreno, presente!<\/span><\/div>\n<div><span style=\"font-size: large;\"><br \/>\n<\/span><\/div>\n<div><span style=\"font-size: large;\"><br \/>\n<\/span><\/div>\n<div><span style=\"font-size: large;\">Maria Teresa Romero<\/span><\/div>\n<div><span style=\"font-size: large;\">Secretaria General<\/span><\/div>\n<div><span style=\"font-size: large;\">ATE C\u00f3rdoba<\/span><\/div>\n","protected":false},"excerpt":{"rendered":"<p>Compa\u00f1eros, con gran pesar informamos que durante la ma\u00f1ana de\u00a0hoy\u00a0falleci\u00f3 el contador Carlos Moreno, militante comprometido con los trabajadores y la Asociaci\u00f3n Trabajadores del Estado. Moreno se desempe\u00f1\u00f3 como contador en ATE desde hace a\u00f1os, haciendo un importante aporte a la tarea financiera del nuestro sindicato. Comprometido con la causa popular desde sus m\u00e1s j\u00f3venes [&hellip;]<\/p>\n","protected":false},"author":1,"featured_media":19220,"comment_status":"open","ping_status":"open","sticky":false,"template":"","format":"standard","meta":{"_exactmetrics_skip_tracking":false,"_exactmetrics_sitenote_active":false,"_exactmetrics_sitenote_note":"","_exactmetrics_sitenote_category":0,"jnews-multi-image_gallery":[],"jnews_single_post":[],"jnews_primary_category":[],"jnews_social_meta":[],"jnews_review":[],"enable_review":"","type":"","name":"","summary":"","brand":"","sku":"","good":[],"bad":[],"score_override":"","override_value":"","rating":[],"price":[],"jnews_override_counter":[],"jnews_post_split":[],"footnotes":""},"categories":[1],"tags":[],"class_list":["post-2443","post","type-post","status-publish","format-standard","has-post-thumbnail","hentry","category-sin-categoria"],"jetpack_featured_media_url":"https:\/\/atecordoba.org\/wp-content\/uploads\/2020\/05\/logo-nuevochico-e1561581322808.png","_links":{"self":[{"href":"https:\/\/atecordoba.org\/index.php?rest_route=\/wp\/v2\/posts\/2443","targetHints":{"allow":["GET"]}}],"collection":[{"href":"https:\/\/atecordoba.org\/index.php?rest_route=\/wp\/v2\/posts"}],"about":[{"href":"https:\/\/atecordoba.org\/index.php?rest_route=\/wp\/v2\/types\/post"}],"author":[{"embeddable":true,"href":"https:\/\/atecordoba.org\/index.php?rest_route=\/wp\/v2\/users\/1"}],"replies":[{"embeddable":true,"href":"https:\/\/atecordoba.org\/index.php?rest_route=%2Fwp%2Fv2%2Fcomments&post=2443"}],"version-history":[{"count":0,"href":"https:\/\/atecordoba.org\/index.php?rest_route=\/wp\/v2\/posts\/2443\/revisions"}],"wp:featuredmedia":[{"embeddable":true,"href":"https:\/\/atecordoba.org\/index.php?rest_route=\/wp\/v2\/media\/19220"}],"wp:attachment":[{"href":"https:\/\/atecordoba.org\/index.php?rest_route=%2Fwp%2Fv2%2Fmedia&parent=2443"}],"wp:term":[{"taxonomy":"category","embeddable":true,"href":"https:\/\/atecordoba.org\/index.php?rest_route=%2Fwp%2Fv2%2Fcategories&post=2443"},{"taxonomy":"post_tag","embeddable":true,"href":"https:\/\/atecordoba.org\/index.php?rest_route=%2Fwp%2Fv2%2Ftags&post=2443"}],"curies":[{"name":"wp","href":"https:\/\/api.w.org\/{rel}","templated":true}]}}