{"id":24423,"date":"2021-02-18T10:38:11","date_gmt":"2021-02-18T13:38:11","guid":{"rendered":"https:\/\/atecordoba.org\/?p=24423"},"modified":"2021-02-18T10:38:11","modified_gmt":"2021-02-18T13:38:11","slug":"primer-reunion-del-consejo-directivo-provincial-de-ate-cordoba","status":"publish","type":"post","link":"https:\/\/atecordoba.org\/?p=24423","title":{"rendered":"Primer reuni\u00f3n del Consejo Directivo provincial de ATE C\u00f3rdoba"},"content":{"rendered":"<p>El encuentro se realiz\u00f3 combinando la virtualidad y la presencialidad, el pasado mi\u00e9rcoles 17 de febrero. Federico Giuliani, Secretario General de ATE C\u00f3rdoba dio inicio a la reuni\u00f3n: \u201cla alegr\u00eda del reencuentro siempre reconforta, \u00a0hay muchos frentes abiertos que han consumido el mes de enero y parte del mes de febrero. Es necesario juntarnos y planificar el 2021 ya que se viene la apertura de las paritarias, en los municipios ya se han arrancando con las seccionales pero los municipios que dependan del CDP se va avanzar en ese sentido\u201d.<\/p>\n<p>Por otro lado Giuliani dej\u00f3 en claro que se saldr\u00e1 a rechazar la propuesta del SEP (Sindicato de Empleados P\u00fablicos), con respecto a un posicionamiento frente a la paritaria provincial.<\/p>\n<p>\u201cVenimos de una reuni\u00f3n del los CDP con el CDN. Va ser un a\u00f1o de varios frentes de conflictividad. Se habla de un 40% de inflaci\u00f3n aunque el gobierno quiere fijar un techo de 29%. Se acodo que desde las provincias se comience con plenarios para instalar desde ahora la necesidad de una apertura de paritarias\u201d.<\/p>\n<p>En este marco ya se definieron los pr\u00f3ximos plenarios el 24 para provinciales y el 25 nacionales, quedando a\u00fan fecha a confirmar para uno municipal.<\/p>\n<p>Cuantitativamente ATE ha crecido a pesar de la pandemia se increment\u00f3 en mil nuevas afiliaciones; a su vez se abrieron nuevos Departamentos.<\/p>\n<p>Hugo Dur\u00e1n Secretario Adjunto expres\u00f3: \u201cse rumorea una paritaria del 10% a nivel provincial, que va ser la propuesta de los 10 sindicatos comandados por el SEP. Es necesario salir urgente con un posicionamiento como ATE y lo que se fije hay que salir a bancar la camiseta de lo definido por la comisi\u00f3n directiva\u201d.<\/p>\n<div id='gallery_1' class='gallery galleryid-24423 gallery-columns-3 gallery-size-thumbnail'><figure class='gallery-item'>\n                <div class='gallery-icon landscape'>\n                    <a href='https:\/\/atecordoba.org\/wp-content\/uploads\/2021\/02\/146077148_895700754527614_7652776926792550808_n-2.jpg'><img loading=\"lazy\" decoding=\"async\" width=\"150\" height=\"150\" src=\"\" class=\"attachment-thumbnail size-thumbnail lazyload\" alt=\"\" data-src=\"https:\/\/atecordoba.org\/wp-content\/uploads\/2021\/02\/146077148_895700754527614_7652776926792550808_n-2-150x150.jpg\" data-sizes=\"auto\" data-srcset=\"https:\/\/atecordoba.org\/wp-content\/uploads\/2021\/02\/146077148_895700754527614_7652776926792550808_n-2-150x150.jpg 150w, https:\/\/atecordoba.org\/wp-content\/uploads\/2021\/02\/146077148_895700754527614_7652776926792550808_n-2-75x75.jpg 75w\" data-expand=\"700\" \/><\/a>\n                <\/div><\/figure><figure class='gallery-item'>\n                <div class='gallery-icon landscape'>\n                    <a href='https:\/\/atecordoba.org\/wp-content\/uploads\/2021\/02\/146237947_776704546316786_9168082054028741571_n-1.jpg'><img loading=\"lazy\" decoding=\"async\" width=\"150\" height=\"150\" src=\"\" class=\"attachment-thumbnail size-thumbnail lazyload\" alt=\"\" data-src=\"https:\/\/atecordoba.org\/wp-content\/uploads\/2021\/02\/146237947_776704546316786_9168082054028741571_n-1-150x150.jpg\" data-sizes=\"auto\" data-srcset=\"https:\/\/atecordoba.org\/wp-content\/uploads\/2021\/02\/146237947_776704546316786_9168082054028741571_n-1-150x150.jpg 150w, https:\/\/atecordoba.org\/wp-content\/uploads\/2021\/02\/146237947_776704546316786_9168082054028741571_n-1-75x75.jpg 75w\" data-expand=\"700\" \/><\/a>\n                <\/div><\/figure><figure class='gallery-item'>\n                <div class='gallery-icon landscape'>\n                    <a href='https:\/\/atecordoba.org\/wp-content\/uploads\/2021\/02\/ni\u00f1os-3-1140x570-4.jpeg'><img loading=\"lazy\" decoding=\"async\" width=\"150\" height=\"150\" src=\"\" class=\"attachment-thumbnail size-thumbnail lazyload\" alt=\"\" data-src=\"https:\/\/atecordoba.org\/wp-content\/uploads\/2021\/02\/ni\u00f1os-3-1140x570-4-150x150.jpeg\" data-sizes=\"auto\" data-srcset=\"https:\/\/atecordoba.org\/wp-content\/uploads\/2021\/02\/ni\u00f1os-3-1140x570-4-150x150.jpeg 150w, https:\/\/atecordoba.org\/wp-content\/uploads\/2021\/02\/ni\u00f1os-3-1140x570-4-75x75.jpeg 75w\" data-expand=\"700\" \/><\/a>\n                <\/div><\/figure><br style=\"clear: both\" \/>\n            <\/div>\n\n","protected":false},"excerpt":{"rendered":"<p>El encuentro se realiz\u00f3 combinando la virtualidad y la presencialidad, el pasado mi\u00e9rcoles 17 de febrero. Federico Giuliani, Secretario General de ATE C\u00f3rdoba dio inicio a la reuni\u00f3n: \u201cla alegr\u00eda del reencuentro siempre reconforta, \u00a0hay muchos frentes abiertos que han consumido el mes de enero y parte del mes de febrero. Es necesario juntarnos y [&hellip;]<\/p>\n","protected":false},"author":3,"featured_media":24426,"comment_status":"open","ping_status":"open","sticky":false,"template":"","format":"standard","meta":{"_exactmetrics_skip_tracking":false,"_exactmetrics_sitenote_active":false,"_exactmetrics_sitenote_note":"","_exactmetrics_sitenote_category":0,"jnews-multi-image_gallery":[],"jnews_single_post":{"source_name":"","source_url":"","via_name":"","via_url":"","override_template":"0","override":[{"template":"1","single_blog_custom":"","parallax":"1","fullscreen":"0","layout":"right-sidebar","sidebar":"default-sidebar","second_sidebar":"default-sidebar","sticky_sidebar":"1","share_position":"top","share_float_style":"share-monocrhome","show_share_counter":"1","show_view_counter":"1","show_featured":"1","show_post_meta":"1","show_post_author":"1","show_post_author_image":"1","show_post_date":"1","post_date_format":"default","post_date_format_custom":"Y\/m\/d","show_post_category":"1","show_post_reading_time":"0","post_reading_time_wpm":"300","show_zoom_button":"0","zoom_button_out_step":"2","zoom_button_in_step":"3","show_post_tag":"1","show_prev_next_post":"1","show_popup_post":"1","number_popup_post":"1","show_author_box":"0","show_post_related":"0","show_inline_post_related":"0"}],"override_image_size":"0","image_override":[{"single_post_thumbnail_size":"crop-500","single_post_gallery_size":"crop-500"}],"trending_post":"0","trending_post_position":"meta","trending_post_label":"Trending","sponsored_post":"0","sponsored_post_label":"Sponsored by","sponsored_post_name":"","sponsored_post_url":"","sponsored_post_logo_enable":"0","sponsored_post_logo":"","sponsored_post_desc":""},"jnews_primary_category":{"id":""},"jnews_social_meta":{"fb_title":"","fb_description":"","fb_image":"","twitter_title":"","twitter_description":"","twitter_image":""},"jnews_review":[],"enable_review":"0","type":"percentage","name":"","summary":"","brand":"","sku":"","good":[{"good_text":""}],"bad":[{"bad_text":""}],"score_override":"","override_value":"","rating":[{"rating_text":"","rating_number":"10"}],"price":[{"shop":"","price":"","link":"","icon":""}],"jnews_override_counter":{"override_view_counter":"0","view_counter_number":"0","override_share_counter":"0","share_counter_number":"0","override_like_counter":"0","like_counter_number":"0","override_dislike_counter":"0","dislike_counter_number":"0"},"jnews_post_split":{"enable_post_split":"0","post_split":[{"template":"1","tag":"h2","numbering":"asc","mode":"normal"}]},"footnotes":""},"categories":[10,75,53,341],"tags":[],"class_list":["post-24423","post","type-post","status-publish","format-standard","has-post-thumbnail","hentry","category-accion-politica","category-accion-social","category-comunicados-de-prensa","category-cdp"],"jetpack_featured_media_url":"https:\/\/atecordoba.org\/wp-content\/uploads\/2021\/02\/ni\u00f1os-3-1140x570-4.jpeg","_links":{"self":[{"href":"https:\/\/atecordoba.org\/index.php?rest_route=\/wp\/v2\/posts\/24423","targetHints":{"allow":["GET"]}}],"collection":[{"href":"https:\/\/atecordoba.org\/index.php?rest_route=\/wp\/v2\/posts"}],"about":[{"href":"https:\/\/atecordoba.org\/index.php?rest_route=\/wp\/v2\/types\/post"}],"author":[{"embeddable":true,"href":"https:\/\/atecordoba.org\/index.php?rest_route=\/wp\/v2\/users\/3"}],"replies":[{"embeddable":true,"href":"https:\/\/atecordoba.org\/index.php?rest_route=%2Fwp%2Fv2%2Fcomments&post=24423"}],"version-history":[{"count":1,"href":"https:\/\/atecordoba.org\/index.php?rest_route=\/wp\/v2\/posts\/24423\/revisions"}],"predecessor-version":[{"id":24427,"href":"https:\/\/atecordoba.org\/index.php?rest_route=\/wp\/v2\/posts\/24423\/revisions\/24427"}],"wp:featuredmedia":[{"embeddable":true,"href":"https:\/\/atecordoba.org\/index.php?rest_route=\/wp\/v2\/media\/24426"}],"wp:attachment":[{"href":"https:\/\/atecordoba.org\/index.php?rest_route=%2Fwp%2Fv2%2Fmedia&parent=24423"}],"wp:term":[{"taxonomy":"category","embeddable":true,"href":"https:\/\/atecordoba.org\/index.php?rest_route=%2Fwp%2Fv2%2Fcategories&post=24423"},{"taxonomy":"post_tag","embeddable":true,"href":"https:\/\/atecordoba.org\/index.php?rest_route=%2Fwp%2Fv2%2Ftags&post=24423"}],"curies":[{"name":"wp","href":"https:\/\/api.w.org\/{rel}","templated":true}]}}