{"id":24419,"date":"2021-02-17T11:45:59","date_gmt":"2021-02-17T14:45:59","guid":{"rendered":"https:\/\/atecordoba.org\/?p=24419"},"modified":"2021-02-17T12:42:37","modified_gmt":"2021-02-17T15:42:37","slug":"hospital-sayago-en-medio-de-la-temporada-y-con-riesgo-de-rebrote-de-la-pandemia-el-intendente-desamantela-el-sistema-de-salud","status":"publish","type":"post","link":"https:\/\/atecordoba.org\/?p=24419","title":{"rendered":"Hospital Sayago: &#8220;En medio de la temporada y con riesgo de rebrote de la pandemia el intendente desmantela el sistema de salud&#8221;"},"content":{"rendered":"<p><img loading=\"lazy\" decoding=\"async\" class=\" wp-image-24420 aligncenter\" src=\"https:\/\/atecordoba.org\/wp-content\/uploads\/2021\/02\/WhatsApp-Image-2021-02-17-at-11.03.21-1-300x169.jpeg\" alt=\"\" width=\"604\" height=\"340\" srcset=\"https:\/\/atecordoba.org\/wp-content\/uploads\/2021\/02\/WhatsApp-Image-2021-02-17-at-11.03.21-1-300x169.jpeg 300w, https:\/\/atecordoba.org\/wp-content\/uploads\/2021\/02\/WhatsApp-Image-2021-02-17-at-11.03.21-1-1024x576.jpeg 1024w, https:\/\/atecordoba.org\/wp-content\/uploads\/2021\/02\/WhatsApp-Image-2021-02-17-at-11.03.21-1-768x432.jpeg 768w, https:\/\/atecordoba.org\/wp-content\/uploads\/2021\/02\/WhatsApp-Image-2021-02-17-at-11.03.21-1-750x422.jpeg 750w, https:\/\/atecordoba.org\/wp-content\/uploads\/2021\/02\/WhatsApp-Image-2021-02-17-at-11.03.21-1-1140x641.jpeg 1140w, https:\/\/atecordoba.org\/wp-content\/uploads\/2021\/02\/WhatsApp-Image-2021-02-17-at-11.03.21-1.jpeg 1280w\" sizes=\"auto, (max-width: 604px) 100vw, 604px\" \/>Ante el largo conflicto que enfrentan las y los trabajadores del Hospital Municipal Gumercindo Sayago, de Villa Carlos Paz, la secretaria de Prensa del Consejo Directivo Provincial, Julia Giuliani, destin\u00f3 fuertes cr\u00edticas al intendente de la localidad, Daniel G\u00f3mez Gasteira.<\/p>\n<p>son declaraciones realizadas a una radio porte\u00f1a, donde Giuliani dijo que &#8220;con un aumento de la circulaci\u00f3n en la ciudad, en un contexto de posible rebrote, el intendente se dio el lujo de estar despidiendo trabajadores y trabajadoras de la salud, con 8 despidos y 5 traslados de personal de planta permanente&#8221;.<\/p>\n<p>La dirigente apunt\u00f3 que &#8220;Las y los trabajadores recibieron el a\u00f1o pasado unas bonificaciones compensatorias del su esfuerzo por atender la pandemia, que no alcanzaron a cubrir la inflaci\u00f3n de 2020.\u00a0El personal del hospital municipal sufri\u00f3 en este contexto 50 contagios, un m\u00e9dico fallecido, y en ese marco las y los trabajadores empezaron a organizarse de manera independiente en el hospital y a partir de diciembre comienzan a afiliarse masivamente a ATE&#8221;.<\/p>\n<p>Y agreg\u00f3: &#8220;es ah\u00ed que el intendente impone esta medida que buscan amedrentar y meter miedo en pleno siglo XXI, donde la libertad y democracia sindical deber\u00eda ser moneda corriente. Lamentablemente no hay lugar para el di\u00e1logo. Nos juntamos con el Concejo Deliberante, con le Defensor del Pueblo, con instancias no gubernamentales de la sociedad civil, y el intendente hace o\u00eddos sordos a todos&#8221;.<\/p>\n<p>Asimismo, dijo que &#8220;este conflicto es puntual y nos preocupa por el marco de pandemia pero tambi\u00e9n est\u00e1 el conflicto con la Cooperativa de Agua, con la cooperativa de gas, con el transporte. La ciudad est\u00e1 prendida fuego por todos lados y es un marco preocupando porque Carlos Paz recibe el doble o triple de poblaci\u00f3n y el equipo de salud qued\u00f3 muy afectado en lugares clave, vi\u00e9ndose afectados los servicios para embarazadas y ni\u00f1os porque la mayor\u00eda de los despidos sobe de obstetras y pediatras. Por eso conforma tambi\u00e9n una vulneraci\u00f3n de derechos&#8221;.<\/p>\n<p>Mientras el municipio aplica sistem\u00e1ticamente figuras de precarizaci\u00f3n laboral, como contratos, monotributos o locaci\u00f3n de servicios que son v\u00e1lidos en plazos acotados, pero en este caso son factores de inestabilidad y precariedad absoluta de a\u00f1os.<\/p>\n<p>En ese sentido, Giuliani\u00a0 finaliz\u00f3 se\u00f1alando que &#8220;estas personas despedidas el 31 de diciembre dejaron a muchas familias sin su pediatra de cabecera, vulnerando sus derechos. El fin de semana largo hubo un paro de 48 horas porque en los feriados de carnaval el Valle de Punilla explot\u00f3 de gente. Pero en vez de apuntar a controlar los contagios y limitar las concentraciones en una ciudad donde hubo balnearios abarrotados y fiestas clandestinas, el intendente desmantela el sistema de salud estatal&#8221;.<\/p>\n","protected":false},"excerpt":{"rendered":"<p>Ante el largo conflicto que enfrentan las y los trabajadores del Hospital Municipal Gumercindo Sayago, de Villa Carlos Paz, la secretaria de Prensa del Consejo Directivo Provincial, Julia Giuliani, destin\u00f3 fuertes cr\u00edticas al intendente de la localidad, Daniel G\u00f3mez Gasteira. son declaraciones realizadas a una radio porte\u00f1a, donde Giuliani dijo que &#8220;con un aumento de [&hellip;]<\/p>\n","protected":false},"author":7,"featured_media":24420,"comment_status":"open","ping_status":"open","sticky":true,"template":"","format":"standard","meta":{"_exactmetrics_skip_tracking":false,"_exactmetrics_sitenote_active":false,"_exactmetrics_sitenote_note":"","_exactmetrics_sitenote_category":0,"jnews-multi-image_gallery":[],"jnews_single_post":{"source_name":"","source_url":"","via_name":"","via_url":"","override_template":"0","override":[{"template":"1","single_blog_custom":"","parallax":"1","fullscreen":"0","layout":"right-sidebar","sidebar":"default-sidebar","second_sidebar":"default-sidebar","sticky_sidebar":"1","share_position":"top","share_float_style":"share-monocrhome","show_share_counter":"1","show_view_counter":"1","show_featured":"1","show_post_meta":"1","show_post_author":"1","show_post_author_image":"1","show_post_date":"1","post_date_format":"default","post_date_format_custom":"Y\/m\/d","show_post_category":"1","show_post_reading_time":"0","post_reading_time_wpm":"300","show_zoom_button":"0","zoom_button_out_step":"2","zoom_button_in_step":"3","show_post_tag":"1","show_prev_next_post":"1","show_popup_post":"1","number_popup_post":"1","show_author_box":"0","show_post_related":"0","show_inline_post_related":"0"}],"override_image_size":"0","image_override":[{"single_post_thumbnail_size":"crop-500","single_post_gallery_size":"crop-500"}],"trending_post":"0","trending_post_position":"meta","trending_post_label":"Trending","sponsored_post":"0","sponsored_post_label":"Sponsored by","sponsored_post_name":"","sponsored_post_url":"","sponsored_post_logo_enable":"0","sponsored_post_logo":"","sponsored_post_desc":""},"jnews_primary_category":{"id":""},"jnews_social_meta":{"fb_title":"","fb_description":"","fb_image":"","twitter_title":"","twitter_description":"","twitter_image":""},"jnews_review":[],"enable_review":"0","type":"percentage","name":"","summary":"","brand":"","sku":"","good":[{"good_text":""}],"bad":[{"bad_text":""}],"score_override":"","override_value":"","rating":[{"rating_text":"","rating_number":"10"}],"price":[{"shop":"","price":"","link":"","icon":""}],"jnews_override_counter":{"override_view_counter":"0","view_counter_number":"0","override_share_counter":"0","share_counter_number":"0","override_like_counter":"0","like_counter_number":"0","override_dislike_counter":"0","dislike_counter_number":"0"},"jnews_post_split":{"enable_post_split":"0","post_split":[{"template":"1","tag":"h2","numbering":"asc","mode":"normal"}]},"footnotes":""},"categories":[20],"tags":[760,611],"class_list":["post-24419","post","type-post","status-publish","format-standard","has-post-thumbnail","hentry","category-municipales","tag-hospital-sayago","tag-julia-giuliani"],"jetpack_featured_media_url":"https:\/\/atecordoba.org\/wp-content\/uploads\/2021\/02\/WhatsApp-Image-2021-02-17-at-11.03.21-1.jpeg","_links":{"self":[{"href":"https:\/\/atecordoba.org\/index.php?rest_route=\/wp\/v2\/posts\/24419","targetHints":{"allow":["GET"]}}],"collection":[{"href":"https:\/\/atecordoba.org\/index.php?rest_route=\/wp\/v2\/posts"}],"about":[{"href":"https:\/\/atecordoba.org\/index.php?rest_route=\/wp\/v2\/types\/post"}],"author":[{"embeddable":true,"href":"https:\/\/atecordoba.org\/index.php?rest_route=\/wp\/v2\/users\/7"}],"replies":[{"embeddable":true,"href":"https:\/\/atecordoba.org\/index.php?rest_route=%2Fwp%2Fv2%2Fcomments&post=24419"}],"version-history":[{"count":2,"href":"https:\/\/atecordoba.org\/index.php?rest_route=\/wp\/v2\/posts\/24419\/revisions"}],"predecessor-version":[{"id":24422,"href":"https:\/\/atecordoba.org\/index.php?rest_route=\/wp\/v2\/posts\/24419\/revisions\/24422"}],"wp:featuredmedia":[{"embeddable":true,"href":"https:\/\/atecordoba.org\/index.php?rest_route=\/wp\/v2\/media\/24420"}],"wp:attachment":[{"href":"https:\/\/atecordoba.org\/index.php?rest_route=%2Fwp%2Fv2%2Fmedia&parent=24419"}],"wp:term":[{"taxonomy":"category","embeddable":true,"href":"https:\/\/atecordoba.org\/index.php?rest_route=%2Fwp%2Fv2%2Fcategories&post=24419"},{"taxonomy":"post_tag","embeddable":true,"href":"https:\/\/atecordoba.org\/index.php?rest_route=%2Fwp%2Fv2%2Ftags&post=24419"}],"curies":[{"name":"wp","href":"https:\/\/api.w.org\/{rel}","templated":true}]}}